{"id":85150,"date":"2025-11-04T21:12:12","date_gmt":"2025-11-04T21:12:12","guid":{"rendered":"https:\/\/www.europesays.com\/pl\/85150\/"},"modified":"2025-11-04T21:12:12","modified_gmt":"2025-11-04T21:12:12","slug":"polak-zamordowany-na-poludniu-anglii-prawie-100-tys-zl-nagrody-za-informacje","status":"publish","type":"post","link":"https:\/\/www.europesays.com\/pl\/85150\/","title":{"rendered":"Polak zamordowany na po\u0142udniu Anglii. Prawie 100 tys. z\u0142 nagrody za informacje"},"content":{"rendered":"<ul class=\"UnorderedList_container__nmfSl\">\n<li class=\"UnorderedList_listElement__Py7xi\" data-id=\"ai-summary-link\">Du\u017co czytania, a ma\u0142o czasu? Sprawd\u017a\u00a0skr\u00f3t\u00a0artyku\u0142u<\/li>\n<\/ul>\n<p class=\"Paragraph_desktopParagraph__U31Gm\">Brytyjska policja, w tym zesp\u00f3\u0142 ds. powa\u017cnych przest\u0119pstw, prowadzi \u015bledztwo w sprawie zab\u00f3jstwa Ernesta. Cia\u0142o 45-letniego Polaka odnaleziono 8 pa\u017adziernika w zalesionej cz\u0119\u015bci Southampton Common, w pobli\u017cu rezerwatu przyrody. Na miejscu funkcjonariusze zauwa\u017cyli tak\u017ce \u015blady po\u017caru. Na tym etapie \u015bledztwa nie ustalono jednak \u017cadnych podejrzanych ani motywu zbrodni.<\/p>\n<p class=\"Paragraph_desktopParagraph__U31Gm\">W spraw\u0119 zaanga\u017cowa\u0142a si\u0119 r\u00f3wnie\u017c organizacja charytatywna Crimestoppers, dzia\u0142aj\u0105ca niezale\u017cnie od brytyjskiej policji. W zamian za informacje, kt\u00f3re mog\u0105 doprowadzi\u0107 \u015bledczych do ustalenia okoliczno\u015bci \u015bmierci Deputata, organizacja wyznaczy\u0142a nagrod\u0119 w wysoko\u015bci 20 tys. funt\u00f3w (ponad 96 tys. z\u0142).<\/p>\n<p class=\"VideoPlayerText_videoPlayerText__iDwyz\">Dalszy ci\u0105g materia\u0142u pod wideo<\/p>\n<ul class=\"OchatFollowUps_wrapper__1ry7X\">\n<li class=\"OchatFollowUps_item__Dhyly OchatFollowUps_itemDesktop__R6aBv\">Kiedy znaleziono cia\u0142o Ernesta?<\/li>\n<li class=\"OchatFollowUps_item__Dhyly OchatFollowUps_itemDesktop__R6aBv\">Ile wynosi nagroda za informacje dotycz\u0105ce sprawy?<\/li>\n<li class=\"OchatFollowUps_item__Dhyly OchatFollowUps_itemDesktop__R6aBv\">Kto prowadzi \u015bledztwo w tej sprawie?<\/li>\n<li class=\"OchatFollowUps_item__Dhyly OchatFollowUps_itemDesktop__R6aBv\">Jakie dzia\u0142ania podj\u0119\u0142a policja w zwi\u0105zku z dochodzeniem?<\/li>\n<\/ul>\n<p class=\"Paragraph_desktopParagraph__U31Gm\">Jak donosi BBC, Ernest \u017cy\u0142 poza systemem i by\u0142 znany spo\u0142eczno\u015bci bezdomnych w Southampton. &#8222;Ta tragedia g\u0142\u0119boko dotkn\u0119\u0142a zar\u00f3wno bliskich ofiary, jak i ca\u0142\u0105 spo\u0142eczno\u015b\u0107&#8221; \u2014 poda\u0142a organizacja charytatywna.<\/p>\n<p class=\"Paragraph_desktopParagraph__U31Gm\">Policja zapewnia, \u017ce rodzina zmar\u0142ego zosta\u0142a powiadomiona i obj\u0119ta wsparciem wyspecjalizowanych funkcjonariuszy.<\/p>\n<blockquote>\n<p class=\"Paragraph_desktopParagraph__U31Gm\">Przede wszystkim moje my\u015bli s\u0105 z rodzin\u0105 Ernesta w tym niewyobra\u017calnie trudnym czasie. B\u0119dziemy ich nadal wspiera\u0107. Nasza ci\u0119\u017cka praca b\u0119dzie r\u00f3wnie\u017c kontynuowana, poniewa\u017c nadal koncentrujemy si\u0119 na ustaleniu ostatnich ruch\u00f3w Ernesta, aby\u015bmy mogli uzyska\u0107 odpowiedzi i sprawiedliwo\u015b\u0107 dla jego rodziny<\/p>\n<\/blockquote>\n<p class=\"Paragraph_desktopParagraph__U31Gm\">\u2014 podkre\u015bli\u0142 starszy oficer \u015bledczy, Matt Gillooly, cytowany przez BBC.<\/p>\n<p class=\"Paragraph_desktopParagraph__U31Gm\">Policja apeluje do wszystkich, kt\u00f3rzy w ostatnich miesi\u0105cach widzieli dym lub ogie\u0144 w rejonie rezerwatu, o zg\u0142aszanie informacji mog\u0105cych pom\u00f3c w \u015bledztwie. W ramach dzia\u0142a\u0144 operacyjnych podczas biegu Park Run, kt\u00f3ry odby\u0142 si\u0119 11 pa\u017adziernika, funkcjonariusze dzielnicowi rozmawiali z uczestnikami i rozwiesili plakaty z kodami QR, odsy\u0142aj\u0105ce do strony umo\u017cliwiaj\u0105cej anonimowe przekazywanie informacji.<\/p>\n","protected":false},"excerpt":{"rendered":"Du\u017co czytania, a ma\u0142o czasu? Sprawd\u017a\u00a0skr\u00f3t\u00a0artyku\u0142u Brytyjska policja, w tym zesp\u00f3\u0142 ds. powa\u017cnych przest\u0119pstw, prowadzi \u015bledztwo w sprawie&hellip;\n","protected":false},"author":2,"featured_media":85151,"comment_status":"","ping_status":"","sticky":false,"template":"","format":"standard","meta":{"footnotes":""},"categories":[5],"tags":[32,33,244,36,37,27,67,34,35,28,31,53,25,52,68,51,55,42,38,40,39,41,47,29,30,65,50,26,264,3459],"class_list":{"0":"post-85150","1":"post","2":"type-post","3":"status-publish","4":"format-standard","5":"has-post-thumbnail","7":"category-naglowki","8":"tag-breaking-news","9":"tag-breakingnews","10":"tag-ctr_tst","11":"tag-featured-news","12":"tag-featurednews","13":"tag-headlines","14":"tag-intextvideo_splayer","15":"tag-latest-news","16":"tag-latestnews","17":"tag-naglowki","18":"tag-najwazniejsze-artykuly","19":"tag-new_header","20":"tag-news","21":"tag-onet3","22":"tag-onet3d","23":"tag-onet3d_2i","24":"tag-phx","25":"tag-pl","26":"tag-poland","27":"tag-polish","28":"tag-polska","29":"tag-polski","30":"tag-screening_general","31":"tag-top-stories","32":"tag-topstories","33":"tag-update_me","34":"tag-v2021","35":"tag-wiadomosci","36":"tag-wielka_brytania_kraj","37":"tag-zabojstwo_morderstwo_morderstwa_zabojstwa"},"share_on_mastodon":{"url":"https:\/\/pubeurope.com\/@pl\/115493492764057486","error":""},"_links":{"self":[{"href":"https:\/\/www.europesays.com\/pl\/wp-json\/wp\/v2\/posts\/85150","targetHints":{"allow":["GET"]}}],"collection":[{"href":"https:\/\/www.europesays.com\/pl\/wp-json\/wp\/v2\/posts"}],"about":[{"href":"https:\/\/www.europesays.com\/pl\/wp-json\/wp\/v2\/types\/post"}],"author":[{"embeddable":true,"href":"https:\/\/www.europesays.com\/pl\/wp-json\/wp\/v2\/users\/2"}],"replies":[{"embeddable":true,"href":"https:\/\/www.europesays.com\/pl\/wp-json\/wp\/v2\/comments?post=85150"}],"version-history":[{"count":0,"href":"https:\/\/www.europesays.com\/pl\/wp-json\/wp\/v2\/posts\/85150\/revisions"}],"wp:featuredmedia":[{"embeddable":true,"href":"https:\/\/www.europesays.com\/pl\/wp-json\/wp\/v2\/media\/85151"}],"wp:attachment":[{"href":"https:\/\/www.europesays.com\/pl\/wp-json\/wp\/v2\/media?parent=85150"}],"wp:term":[{"taxonomy":"category","embeddable":true,"href":"https:\/\/www.europesays.com\/pl\/wp-json\/wp\/v2\/categories?post=85150"},{"taxonomy":"post_tag","embeddable":true,"href":"https:\/\/www.europesays.com\/pl\/wp-json\/wp\/v2\/tags?post=85150"}],"curies":[{"name":"wp","href":"https:\/\/api.w.org\/{rel}","templated":true}]}}