{"id":85450,"date":"2025-11-05T03:29:07","date_gmt":"2025-11-05T03:29:07","guid":{"rendered":"https:\/\/www.europesays.com\/pl\/85450\/"},"modified":"2025-11-05T03:29:07","modified_gmt":"2025-11-05T03:29:07","slug":"kasia-cichopek-dzieli-sie-radosnymi-wiesciami-ze-swiatem-ta-historia-porusza-serca","status":"publish","type":"post","link":"https:\/\/www.europesays.com\/pl\/85450\/","title":{"rendered":"Kasia Cichopek dzieli si\u0119 radosnymi wie\u015bciami ze \u015bwiatem. &#8222;Ta historia porusza serca&#8221;"},"content":{"rendered":"<p>Ledwo Cichopek wzi\u0119\u0142a \u015blub, a tu takie wie\u015bci. W\u0142a\u015bnie og\u0142osi\u0142a<\/p>\n<p class=\"typography ids-typeset-body ids-typeset-body--preset-large link paragraph ids-paragraph ids-paragraph--default\"><a href=\"https:\/\/www.pomponik.pl\/gwiazdy-i-produkcje-katarzyna-cichopek,gsbi,61\" target=\"_self\" rel=\"nofollow noopener\">Katarzyna Cichopek<\/a> i <a href=\"https:\/\/www.pomponik.pl\/gwiazdy-i-produkcje-maciej-kurzajewski,gsbi,70\" target=\"_self\" rel=\"nofollow noopener\">Maciej Kurzajewski<\/a> wzi\u0119li \u015blub 25 pa\u017adziernika, a ju\u017c kilka dni p\u00f3\u017aniej wyruszyli w podr\u00f3\u017c \u017cycia. Jako miejsce, w kt\u00f3rym sp\u0119dz\u0105 sw\u00f3j &#8222;miesi\u0105c miodowy&#8221;, wybrali Nowy Jork. Zd\u0105\u017cyli si\u0119 ju\u017c pochwali\u0107 w sieci uroczymi kadrami z wyprawy, a Kurzajewski mia\u0142 nawet okazj\u0119 ponownie wzi\u0105\u0107 udzia\u0142 w Maratonie Nowojorskim. Co ciekawe, nie bieg\u0142 sam, towarzyszy\u0142 mu syn Julian.<\/p>\n<p class=\"typography ids-typeset-body ids-typeset-body--preset-large link paragraph ids-paragraph ids-paragraph--default\">&#8222;Maciek! Julek! Gratulacje! Brawo! Totalny wzrusz!&#8221; &#8211; kibicowa\u0142a biegaczom Kasia Cichopek.<\/p>\n<p class=\"typography ids-typeset-body ids-typeset-body--preset-large link paragraph ids-paragraph ids-paragraph--default\">Teraz wygl\u0105da na to, \u017ce aktorka ma kolejny pow\u00f3d do rado\u015bci. Tym razem dotyczy on jednak kwestii zwi\u0105zanej z jej \u017cyciem zawodowym. O szczeg\u00f3\u0142ach Cichopek napisa\u0142a w najnowszym po\u015bcie na Facebooku.<\/p>\n<p class=\"typography ids-typeset-body ids-typeset-body--preset-large link paragraph ids-paragraph ids-paragraph--default\">&#8222;25 lat min\u0119\u0142o jak jeden dzie\u0144\u2026&#8221; &#8211; zacz\u0119\u0142a.<\/p>\n<p>Basia Bursztynowicz nie odezwa\u0142a si\u0119 do Kaczorowskiej. Przedstawi\u0142a wa\u017cne powodypomponik.pl<\/p>\n<p>Kasia Cichopek og\u0142osi\u0142a i si\u0119 zacz\u0119\u0142o. Poruszenie w komentarzach<\/p>\n<p class=\"typography ids-typeset-body ids-typeset-body--preset-large link paragraph ids-paragraph ids-paragraph--default\">W dalszej cz\u0119\u015bci wpisu aktorka wyja\u015bnia, \u017ce chodzi o serial &#8222;M jak mi\u0142o\u015b\u0107&#8221;, w kt\u00f3rym od 2000 roku wciela si\u0119 w posta\u0107 Kingi Zdu\u0144skiej (dawniej Filarsk\u0105).<\/p>\n<p class=\"typography ids-typeset-body ids-typeset-body--preset-large link paragraph ids-paragraph ids-paragraph--default\">&#8222;Dzi\u015b mija dok\u0142adnie 25 lat od emisji pierwszego odcinka 'M jak mi\u0142o\u015b\u0107&#8217;.\u00a0Pami\u0119tam ten dzie\u0144, emocje, stres, rado\u015b\u0107 &#8211; wszystko jakby to by\u0142o wczoraj.\u00a0Nie przypuszcza\u0142am wtedy, \u017ce ten serial na zawsze zmieni moje \u017cycie. To dzi\u0119ki 'M jak mi\u0142o\u015b\u0107&#8217; mog\u0142am dorasta\u0107 razem z Wami, prze\u017cywa\u0107 wzruszenia, uczy\u0107 si\u0119, kocha\u0107, \u015bmia\u0107 i p\u0142aka\u0107 na ekranie. Dzi\u0119kuj\u0119 Wam &#8211; widzom &#8211; za mi\u0142o\u015b\u0107, wsparcie i wierno\u015b\u0107 przez te wszystkie lata. To dzi\u0119ki Wam ta historia trwa tak d\u0142ugo i wci\u0105\u017c porusza serca&#8221;\u00a0&#8211; pisa\u0142a Cichopek.<\/p>\n<p class=\"typography ids-typeset-body ids-typeset-body--preset-large link paragraph ids-paragraph ids-paragraph--default\">Prezenterka zwr\u00f3ci\u0142a si\u0119 tak\u017ce do os\u00f3b zwi\u0105zanych z produkcj\u0105 serialu.<\/p>\n<p class=\"typography ids-typeset-body ids-typeset-body--preset-large link paragraph ids-paragraph ids-paragraph--default\">&#8222;Dzi\u0119kuj\u0119 te\u017c ca\u0142ej ekipie, produkcji i wszystkim, z kt\u00f3rymi mia\u0142am szcz\u0119\u015bcie pracowa\u0107 &#8211; za cudowny czas, przyja\u017anie i wspomnienia, kt\u00f3re zostan\u0105 ze mn\u0105 na zawsze. Z ogromn\u0105 wdzi\u0119czno\u015bci\u0105, Wasza Kasia&#8221; &#8211; podsumowa\u0142a.<\/p>\n<p class=\"typography ids-typeset-body ids-typeset-body--preset-large link paragraph ids-paragraph ids-paragraph--default\">Emocjonalny wpis Kasi Cichopek wywo\u0142a\u0142 spore poruszenie w\u015br\u00f3d internaut\u00f3w, co najlepiej wida\u0107 po komentarzach:<\/p>\n<p class=\"typography ids-typeset-body ids-typeset-body--preset-large link paragraph ids-paragraph ids-paragraph--default\">&#8222;M\u0142oda, zdolna, pi\u0119kna, pracowita, wytrwa\u0142a, tak\u0105 Ci\u0119 widz\u0119, Pani Kasiu, powodzenia&#8221;;<\/p>\n<p class=\"typography ids-typeset-body ids-typeset-body--preset-large link paragraph ids-paragraph ids-paragraph--default\">&#8222;Oni z nami wchodzili w doros\u0142e \u017cycie, a my z nimi si\u0119 postarzeli. Dzi\u0119kujemy Wam za te lata&#8221;;<\/p>\n<p class=\"typography ids-typeset-body ids-typeset-body--preset-large link paragraph ids-paragraph ids-paragraph--default\">&#8222;Ogl\u0105dam od pierwszego odcinka niech ten serial trwa.&#8221;;<\/p>\n<p class=\"typography ids-typeset-body ids-typeset-body--preset-large link paragraph ids-paragraph ids-paragraph--default\">&#8222;Jestem z Wami od pocz\u0105tku i czekam zawsze z niecierpliwo\u015bci\u0105 na kolejne odcinki&#8221; &#8211; pisali.<\/p>\n<ul class=\"typography ids-typeset-body ids-typeset-body--preset-small list--article-list ids-list ids-list--unordered ids-list--size-small \" datatype=\"disc\">\n<li class=\"ids-list-item ids-list-item__content brief-list-item\"><a class=\"ids-undecorated-link link ids-link \" data-spons=\"false\" href=\"https:\/\/www.pomponik.pl\/relacje-i-zwiazki\/news-dominika-gaweda-przerwala-milczenie-po-rozwodzie-rozpoczela,nId,22450971\" rel=\"nofollow noopener\" target=\"_blank\">Dominika Gaw\u0119da przerwa\u0142a milczenie po rozwodzie. Rozpocz\u0119\u0142a ju\u017c nowy etap \u017cycia<\/a><\/li>\n<li class=\"ids-list-item ids-list-item__content brief-list-item\"><a class=\"ids-undecorated-link link ids-link \" data-spons=\"false\" href=\"https:\/\/www.pomponik.pl\/plotki\/news-wiesci-ws-szpaka-nadeszly-z-samego-rana-dlugo-na-to-czekal,nId,22450961\" rel=\"nofollow noopener\" target=\"_blank\">Wie\u015bci ws. Szpaka nadesz\u0142y z samego rana. D\u0142ugo na to czeka\u0142<\/a><\/li>\n<\/ul>\n<p>Czytaj tak\u017ce:<a id=\"a-img\" class=\"hl-6\"><img class=\"hl-8\"\/><\/a><a id=\"a-main\" class=\"hl-9\"\/>Halo! Wejd\u017a na <a id=\"halo-text-a\" href=\"https:\/\/halotu.polsat.pl#parametr=link_halo\" rel=\"nofollow noopener\" target=\"_blank\">halotu.polsat.pl<\/a> i nie przegap naj\u015bwie\u017cszych informacji z poranka w Polsacie.<\/p>\n","protected":false},"excerpt":{"rendered":"Ledwo Cichopek wzi\u0119\u0142a \u015blub, a tu takie wie\u015bci. W\u0142a\u015bnie og\u0142osi\u0142a Katarzyna Cichopek i Maciej Kurzajewski wzi\u0119li \u015blub 25&hellip;\n","protected":false},"author":2,"featured_media":85451,"comment_status":"","ping_status":"","sticky":false,"template":"","format":"standard","meta":{"footnotes":""},"categories":[5],"tags":[32,33,36,37,27,34,35,28,31,25,42,38,40,39,41,29,30,26],"class_list":{"0":"post-85450","1":"post","2":"type-post","3":"status-publish","4":"format-standard","5":"has-post-thumbnail","7":"category-naglowki","8":"tag-breaking-news","9":"tag-breakingnews","10":"tag-featured-news","11":"tag-featurednews","12":"tag-headlines","13":"tag-latest-news","14":"tag-latestnews","15":"tag-naglowki","16":"tag-najwazniejsze-artykuly","17":"tag-news","18":"tag-pl","19":"tag-poland","20":"tag-polish","21":"tag-polska","22":"tag-polski","23":"tag-top-stories","24":"tag-topstories","25":"tag-wiadomosci"},"share_on_mastodon":{"url":"https:\/\/pubeurope.com\/@pl\/115494975092568865","error":""},"_links":{"self":[{"href":"https:\/\/www.europesays.com\/pl\/wp-json\/wp\/v2\/posts\/85450","targetHints":{"allow":["GET"]}}],"collection":[{"href":"https:\/\/www.europesays.com\/pl\/wp-json\/wp\/v2\/posts"}],"about":[{"href":"https:\/\/www.europesays.com\/pl\/wp-json\/wp\/v2\/types\/post"}],"author":[{"embeddable":true,"href":"https:\/\/www.europesays.com\/pl\/wp-json\/wp\/v2\/users\/2"}],"replies":[{"embeddable":true,"href":"https:\/\/www.europesays.com\/pl\/wp-json\/wp\/v2\/comments?post=85450"}],"version-history":[{"count":0,"href":"https:\/\/www.europesays.com\/pl\/wp-json\/wp\/v2\/posts\/85450\/revisions"}],"wp:featuredmedia":[{"embeddable":true,"href":"https:\/\/www.europesays.com\/pl\/wp-json\/wp\/v2\/media\/85451"}],"wp:attachment":[{"href":"https:\/\/www.europesays.com\/pl\/wp-json\/wp\/v2\/media?parent=85450"}],"wp:term":[{"taxonomy":"category","embeddable":true,"href":"https:\/\/www.europesays.com\/pl\/wp-json\/wp\/v2\/categories?post=85450"},{"taxonomy":"post_tag","embeddable":true,"href":"https:\/\/www.europesays.com\/pl\/wp-json\/wp\/v2\/tags?post=85450"}],"curies":[{"name":"wp","href":"https:\/\/api.w.org\/{rel}","templated":true}]}}