{"id":85858,"date":"2025-11-05T09:28:07","date_gmt":"2025-11-05T09:28:07","guid":{"rendered":"https:\/\/www.europesays.com\/pl\/85858\/"},"modified":"2025-11-05T09:28:07","modified_gmt":"2025-11-05T09:28:07","slug":"zona-jakubiaka-wyjawila-na-ich-temat-w-tym-sie-nigdy-nie-zgadzali","status":"publish","type":"post","link":"https:\/\/www.europesays.com\/pl\/85858\/","title":{"rendered":"\u017bona Jakubiaka wyjawi\u0142a na ich temat. W tym si\u0119 nigdy nie zgadzali"},"content":{"rendered":"<p>Mija pi\u0119\u0107 miesi\u0119cy od \u015bmierci Jakubiaka. Zmaga\u0142 si\u0119 z powa\u017cn\u0105 chorob\u0105<\/p>\n<p class=\"typography ids-typeset-body ids-typeset-body--preset-large link paragraph ids-paragraph ids-paragraph--default\"><a href=\"https:\/\/www.pomponik.pl\/gwiazdy-i-produkcje-tomasz-jakubiak,gsbi,6597\" rel=\"nofollow noopener\" target=\"_blank\">Tomasz Jakubiak<\/a> szybko zaskarbi\u0142 sobie sympati\u0119 widz\u00f3w. Kiedy wi\u0119c poinformowa\u0142 publicznie o swojej chorobie, w mediach zapanowa\u0142o poruszenie. Wiele os\u00f3b rzuci\u0142o si\u0119 w\u00f3wczas do pomocy kucharzowi, dodaj\u0105c mu otuchy ciep\u0142ymi s\u0142owami, ale i wspieraj\u0105c finansowo organizowane na jego rzecz zbi\u00f3rki.<\/p>\n<p class=\"typography ids-typeset-body ids-typeset-body--preset-large link paragraph ids-paragraph ids-paragraph--default\">Pomimo trudnej sytuacji 42-latek nie traci\u0142 nadziei i dobrego humoru, czym wzbudza\u0142 ogromny podziw u obserwator\u00f3w. Niestety to by\u0142o za ma\u0142o. Jakubiak zmar\u0142 30 kwietnia w Atenach w wieku 41 lat, zostawiaj\u0105c \u017con\u0119 Anastazj\u0119 i kilkuletniego syna.<\/p>\n<p class=\"typography ids-typeset-body ids-typeset-body--preset-large link paragraph ids-paragraph ids-paragraph--default\">Kobieta, kt\u00f3ra nieustannie towarzyszy\u0142a m\u0119\u017cowi w ostatnich miesi\u0105cach \u017cycia, po opublikowaniu w sieci informacji o pogrzebie ca\u0142kowicie zamilk\u0142a. Dopiero par\u0119 dni temu <a href=\"https:\/\/www.pomponik.pl\/porady-i-uroda\/news-zona-jakubiaka-przerwala-milczenie-pol-roku-po-jego-smierci,nId,22449409\" target=\"_blank\" rel=\"nofollow noopener\">przerwa\u0142a milczenie<\/a>, a teraz ponownie przem\u00f3wi\u0142a.<\/p>\n<p>Agnieszka Kaczorowska wskazuje jednego celebryt\u0119 z ogromnym potencja\u0142em do wygranej w &#8222;Ta\u0144cu z gwiazdami&#8221;pomponik.pl<\/p>\n<p>\u017bona wyzna\u0142a pi\u0119\u0107 miesi\u0119cy po \u015bmierci Jakubiaka. &#8222;Potrafi\u0119 t\u0119skni\u0107 bez \u0142ez&#8221;<\/p>\n<p class=\"typography ids-typeset-body ids-typeset-body--preset-large link paragraph ids-paragraph ids-paragraph--default\">Na pocz\u0105tku tygodnia Anastazja wyjawi\u0142a, \u017ce jej syn bardzo t\u0119skni za tat\u0105. W procesie przepracowywania tych trudnych emocji najwi\u0119ksz\u0105 ulg\u0105 jest dla nich obojga malowanie. Nie min\u0119\u0142o du\u017co czasu, a kobieta znowu zabra\u0142a g\u0142os.<\/p>\n<p class=\"typography ids-typeset-body ids-typeset-body--preset-large link paragraph ids-paragraph ids-paragraph--default\">Tym razem na jej profilu znalaz\u0142o si\u0119 wideo b\u0119d\u0105ce kompilacj\u0105 kr\u00f3tkich uj\u0119\u0107 z jesiennego, s\u0142onecznego spaceru. Wdowa wyzna\u0142a, \u017ce dzi\u0119ki pi\u0119knej aurze jest jej zdecydowanie \u0142atwiej.<\/p>\n<blockquote role=\"blockquote\" class=\"quote ids-quote ids-quote--nosurface--short--medium\"><p>W \u017ca\u0142obie jest miejsce na dobre dni. Na celebrowanie \u017cycia. I chocia\u017c to nadal sinusoida, coraz cz\u0119\u015bciej potrafi\u0119 t\u0119skni\u0107 bez \u0142ez, a z g\u0142o\u015bnym \u015bmiechem\u00a0<\/p><\/blockquote>\n<p class=\"typography ids-typeset-body ids-typeset-body--preset-large link paragraph ids-paragraph ids-paragraph--default\">&#8211; m\u00f3wi\u0142a.<\/p>\n<p class=\"typography ids-typeset-body ids-typeset-body--preset-large link paragraph ids-paragraph ids-paragraph--default\">W opisie Anastazja Jakubiak przyzna\u0142a, \u017ce czasami chichot wywo\u0142uj\u0105 u niej nawet niepoprawne \u017carty.<\/p>\n<p>\u017bona Jakubiaka wyjawi\u0142a na ich temat. W tym si\u0119 nigdy nie zgadzali<\/p>\n<p class=\"typography ids-typeset-body ids-typeset-body--preset-large link paragraph ids-paragraph ids-paragraph--default\">Kobieta cz\u0119sto wspomina m\u0119\u017ca w jego domowym kr\u00f3lestwie, czyli kuchni. Wtedy wyobra\u017ca sobie, jak spiera si\u0119 z ukochanym o sk\u0142adniki i spos\u00f3b przyrz\u0105dzania da\u0144.<\/p>\n<p class=\"typography ids-typeset-body ids-typeset-body--preset-large link paragraph ids-paragraph ids-paragraph--default\">&#8222;Takim g\u0142\u00f3wnym miejscem moich przemy\u015ble\u0144 zazwyczaj jest kuchnia, podczas gotowania, najcz\u0119\u015bciej wtedy tworz\u0119 tak\u0105 polemik\u0119 mi\u0119dzy sob\u0105 a Tomkiem, co on by doda\u0142, a co ja dodaj\u0119 do tego gotowania&#8221; &#8211; zdradzi\u0142a.<\/p>\n<p class=\"typography ids-typeset-body ids-typeset-body--preset-large link paragraph ids-paragraph ids-paragraph--default\">Istnieje bowiem jedna rzecz, co do kt\u00f3rej ma\u0142\u017conkowie kompletnie si\u0119 nie zgadzali.<\/p>\n<p class=\"typography ids-typeset-body ids-typeset-body--preset-large link paragraph ids-paragraph ids-paragraph--default\">&#8222;Przypraw\u0105, kt\u00f3ra nas r\u00f3\u017cni\u0142a, bo Tomek lubi\u0142 j\u0105 w nadmiarze, a ja w niedomiarze, jest s\u00f3l i ostatnio bardzo cz\u0119sto zdarza mi si\u0119, \u017ce przesalam te dania, wi\u0119c wydaje mi si\u0119, \u017ce to jest moja forma t\u0119sknoty za nim i za tymi smakami, nie tylko za osob\u0105, za ciep\u0142em, za dotykiem, ale te\u017c za smakiem, kt\u00f3ry on wnosi\u0142 do tej kuchni&#8221; &#8211; podsumowa\u0142a.<\/p>\n<p>Czytaj tak\u017ce:<a id=\"a-img\" class=\"hl-6\"><img class=\"hl-8\"\/><\/a><a id=\"a-main\" class=\"hl-9\"\/>Halo! Wejd\u017a na <a id=\"halo-text-a\" href=\"https:\/\/halotu.polsat.pl#parametr=link_halo\" rel=\"nofollow noopener\" target=\"_blank\">halotu.polsat.pl<\/a> i nie przegap naj\u015bwie\u017cszych informacji z poranka w Polsacie.<\/p>\n<ul class=\"typography ids-typeset-body ids-typeset-body--preset-small list--article-list ids-list ids-list--unordered ids-list--size-small \" datatype=\"disc\">\n<li class=\"ids-list-item ids-list-item__content brief-list-item\"><a class=\"ids-undecorated-link link ids-link \" data-spons=\"false\" href=\"https:\/\/www.pomponik.pl\/plotki\/news-siostra-tomasza-jakubiaka-we-wszystkich-swietych-nie-wytrzym,nId,22450031\" rel=\"nofollow noopener\" target=\"_blank\">Siostra Tomasza Jakubiaka we Wszystkich \u015awi\u0119tych nie wytrzyma\u0142a. &#8222;Nie wierz\u0119 w to, co m\u00f3wi\u0105&#8221;<\/a><\/li>\n<li class=\"ids-list-item ids-list-item__content brief-list-item\"><a class=\"ids-undecorated-link link ids-link \" data-spons=\"false\" href=\"https:\/\/www.pomponik.pl\/skandale\/news-cztery-miesiace-od-smierci-jakubiaka-a-tu-taki-ruch-stacji-t,nId,8018818\" rel=\"nofollow noopener\" target=\"_blank\">Cztery miesi\u0105ce od \u015bmierci Jakubiaka, a tu taki ruch stacji. &#8222;To jest po prostu nie na miejscu&#8221;<\/a><\/li>\n<\/ul>\n","protected":false},"excerpt":{"rendered":"Mija pi\u0119\u0107 miesi\u0119cy od \u015bmierci Jakubiaka. Zmaga\u0142 si\u0119 z powa\u017cn\u0105 chorob\u0105 Tomasz Jakubiak szybko zaskarbi\u0142 sobie sympati\u0119 widz\u00f3w.&hellip;\n","protected":false},"author":2,"featured_media":76714,"comment_status":"","ping_status":"","sticky":false,"template":"","format":"standard","meta":{"footnotes":""},"categories":[22],"tags":[122,42,38,40,39,41,123],"class_list":{"0":"post-85858","1":"post","2":"type-post","3":"status-publish","4":"format-standard","5":"has-post-thumbnail","7":"category-rozrywka","8":"tag-entertainment","9":"tag-pl","10":"tag-poland","11":"tag-polish","12":"tag-polska","13":"tag-polski","14":"tag-rozrywka"},"share_on_mastodon":{"url":"https:\/\/pubeurope.com\/@pl\/115496387318590424","error":""},"_links":{"self":[{"href":"https:\/\/www.europesays.com\/pl\/wp-json\/wp\/v2\/posts\/85858","targetHints":{"allow":["GET"]}}],"collection":[{"href":"https:\/\/www.europesays.com\/pl\/wp-json\/wp\/v2\/posts"}],"about":[{"href":"https:\/\/www.europesays.com\/pl\/wp-json\/wp\/v2\/types\/post"}],"author":[{"embeddable":true,"href":"https:\/\/www.europesays.com\/pl\/wp-json\/wp\/v2\/users\/2"}],"replies":[{"embeddable":true,"href":"https:\/\/www.europesays.com\/pl\/wp-json\/wp\/v2\/comments?post=85858"}],"version-history":[{"count":0,"href":"https:\/\/www.europesays.com\/pl\/wp-json\/wp\/v2\/posts\/85858\/revisions"}],"wp:featuredmedia":[{"embeddable":true,"href":"https:\/\/www.europesays.com\/pl\/wp-json\/wp\/v2\/media\/76714"}],"wp:attachment":[{"href":"https:\/\/www.europesays.com\/pl\/wp-json\/wp\/v2\/media?parent=85858"}],"wp:term":[{"taxonomy":"category","embeddable":true,"href":"https:\/\/www.europesays.com\/pl\/wp-json\/wp\/v2\/categories?post=85858"},{"taxonomy":"post_tag","embeddable":true,"href":"https:\/\/www.europesays.com\/pl\/wp-json\/wp\/v2\/tags?post=85858"}],"curies":[{"name":"wp","href":"https:\/\/api.w.org\/{rel}","templated":true}]}}