{"id":85961,"date":"2025-11-05T10:28:06","date_gmt":"2025-11-05T10:28:06","guid":{"rendered":"https:\/\/www.europesays.com\/pl\/85961\/"},"modified":"2025-11-05T10:28:06","modified_gmt":"2025-11-05T10:28:06","slug":"wypadek-w-metrze-utrudnienia-dla-pasazerow","status":"publish","type":"post","link":"https:\/\/www.europesays.com\/pl\/85961\/","title":{"rendered":"Wypadek w metrze. Utrudnienia dla pasa\u017cer\u00f3w"},"content":{"rendered":"<p class=\"ods-c-paragraph \">Na miejscu wypadku pracuje stra\u017c i policja. Nie wiadomo, jak d\u0142ugo potrwaj\u0105 utrudnienia. Obecnie zamkni\u0119tych jest siedem stacji na pierwszej linii metra: Wierzbno, Rac\u0142awicka, Pole Mokotowskie, Politechnika, Centrum, \u015awi\u0119tokrzyska i Ratusz Arsena\u0142.<\/p>\n<p> Gdzie dosz\u0142o do wypadku w metrze? <\/p>\n<p> Ile stacji jest zamkni\u0119tych na pierwszej linii metra? <\/p>\n<p> Jakie s\u0105 aktualne trasy kursuj\u0105cych sk\u0142ad\u00f3w metra? <\/p>\n<p> Co robi Zarz\u0105d Transportu Miejskiego w zwi\u0105zku z wypadkiem? <\/p>\n<p class=\"ods-c-paragraph \">Rzeczniczka Metra Warszawskiego poinformowa\u0142a, \u017ce sk\u0142ady kursuj\u0105 w dw\u00f3ch p\u0119tlach: Kabaty-Wilanowska i Dworzec Gda\u0144ski-M\u0142ociny.<\/p>\n<p class=\"ods-c-paragraph \">Zarz\u0105d Transportu Miejskiego na stronie wtp.waw.pl poinformowa\u0142, \u017ce trwa uruchamianie komunikacji zast\u0119pczej za metro.<\/p>\n","protected":false},"excerpt":{"rendered":"Na miejscu wypadku pracuje stra\u017c i policja. Nie wiadomo, jak d\u0142ugo potrwaj\u0105 utrudnienia. Obecnie zamkni\u0119tych jest siedem stacji&hellip;\n","protected":false},"author":2,"featured_media":85962,"comment_status":"","ping_status":"","sticky":false,"template":"","format":"standard","meta":{"footnotes":""},"categories":[12],"tags":[32,33,36,37,27,34,35,11857,28,31,48,25,46,42,38,40,39,41,47,29,30,435,26],"class_list":{"0":"post-85961","1":"post","2":"type-post","3":"status-publish","4":"format-standard","5":"has-post-thumbnail","7":"category-polska","8":"tag-breaking-news","9":"tag-breakingnews","10":"tag-featured-news","11":"tag-featurednews","12":"tag-headlines","13":"tag-latest-news","14":"tag-latestnews","15":"tag-metro","16":"tag-naglowki","17":"tag-najwazniejsze-artykuly","18":"tag-nat_styl","19":"tag-news","20":"tag-omp","21":"tag-pl","22":"tag-poland","23":"tag-polish","24":"tag-polska","25":"tag-polski","26":"tag-screening_general","27":"tag-top-stories","28":"tag-topstories","29":"tag-warszawa","30":"tag-wiadomosci"},"share_on_mastodon":{"url":"https:\/\/pubeurope.com\/@pl\/115496622868502798","error":""},"_links":{"self":[{"href":"https:\/\/www.europesays.com\/pl\/wp-json\/wp\/v2\/posts\/85961","targetHints":{"allow":["GET"]}}],"collection":[{"href":"https:\/\/www.europesays.com\/pl\/wp-json\/wp\/v2\/posts"}],"about":[{"href":"https:\/\/www.europesays.com\/pl\/wp-json\/wp\/v2\/types\/post"}],"author":[{"embeddable":true,"href":"https:\/\/www.europesays.com\/pl\/wp-json\/wp\/v2\/users\/2"}],"replies":[{"embeddable":true,"href":"https:\/\/www.europesays.com\/pl\/wp-json\/wp\/v2\/comments?post=85961"}],"version-history":[{"count":0,"href":"https:\/\/www.europesays.com\/pl\/wp-json\/wp\/v2\/posts\/85961\/revisions"}],"wp:featuredmedia":[{"embeddable":true,"href":"https:\/\/www.europesays.com\/pl\/wp-json\/wp\/v2\/media\/85962"}],"wp:attachment":[{"href":"https:\/\/www.europesays.com\/pl\/wp-json\/wp\/v2\/media?parent=85961"}],"wp:term":[{"taxonomy":"category","embeddable":true,"href":"https:\/\/www.europesays.com\/pl\/wp-json\/wp\/v2\/categories?post=85961"},{"taxonomy":"post_tag","embeddable":true,"href":"https:\/\/www.europesays.com\/pl\/wp-json\/wp\/v2\/tags?post=85961"}],"curies":[{"name":"wp","href":"https:\/\/api.w.org\/{rel}","templated":true}]}}