{"id":85981,"date":"2025-11-05T10:38:12","date_gmt":"2025-11-05T10:38:12","guid":{"rendered":"https:\/\/www.europesays.com\/pl\/85981\/"},"modified":"2025-11-05T10:38:12","modified_gmt":"2025-11-05T10:38:12","slug":"ewa-dubieniecka-studiuje-na-prestizowej-uczelni-corka-marty-kaczynskiej-mieszka-za-granica","status":"publish","type":"post","link":"https:\/\/www.europesays.com\/pl\/85981\/","title":{"rendered":"Ewa Dubieniecka studiuje na presti\u017cowej uczelni. C\u00f3rka Marty Kaczy\u0144skiej mieszka za granic\u0105"},"content":{"rendered":"<p class=\"ods-c-paragraph \">Kampus, na kt\u00f3rym studiuje Dubieniecka, funkcjonuje od ko\u0144ca XIX w. i od lat przyci\u0105ga tysi\u0105ce m\u0142odych ludzi z r\u00f3\u017cnych kraj\u00f3w. W\u015br\u00f3d student\u00f3w tej uczelni znalaz\u0142y si\u0119 tak\u017ce dzieci znanych osobisto\u015bci, jak Maddox \u2014 syn Angeliny Jolie i Brada Pitta, kt\u00f3ry wybra\u0142 biochemi\u0119. Kierunek studi\u00f3w Ewy nie zosta\u0142 ujawniony, jednak wiadomo, \u017ce interesuje si\u0119 r\u00f3wnie\u017c modelingiem.<\/p>\n<p>Dalszy ci\u0105g artyku\u0142u pod materia\u0142em wideo<\/p>\n<p> Gdzie studiuje c\u00f3rka Marty Kaczy\u0144skiej? <\/p>\n<p> Jakie zainteresowania ma Ewa Dubieniecka? <\/p>\n<p> Ile os\u00f3b obserwuje profil Ewy na Instagramie? <\/p>\n<p> Kto jest ojcem Ewy Dubienieckiej? <\/p>\n<p class=\"ods-c-paragraph \">22-latka aktywnie dzia\u0142a w mediach spo\u0142eczno\u015bciowych, gdzie dzieli si\u0119 efektami swoich sesji zdj\u0119ciowych. Jej profil na Instagramie obserwuje ponad 2 tys. os\u00f3b, w tym jej matka oraz m\u0142odsza siostra, kt\u00f3re regularnie komentuj\u0105 publikowane posty. Internauci zwracaj\u0105 uwag\u0119 na urod\u0119 studentki, kt\u00f3ra wed\u0142ug nich przypomina wygl\u0105dem Koreanki.<\/p>\n<p class=\"ods-c-paragraph \">Obserwatorzy profilu wiedz\u0105, \u017ce dziewczyna ona szcz\u0119\u015bliwie zakochana w m\u0142odym Korea\u0144czyku, ale niech\u0119tnie dzieli si\u0119 ich zwi\u0105zkiem ze \u015bwiatem.<\/p>\n<p class=\"ods-c-paragraph \">O c\u00f3rce Marty Kaczy\u0144skiej zrobi\u0142o si\u0119 g\u0142o\u015bno, kiedy ujawniono, \u017ce jej ojcem jest Marcin Dubieniecki, a nie \u2014 jak wcze\u015bniej s\u0105dzono \u2014 Piotr Smuniewski, pierwszy m\u0105\u017c prawniczki. By\u0142 on obecny na wiecach wyborczych PiS oraz podczas zaprzysi\u0119\u017cenia Lecha Kaczy\u0144skiego na prezydenta. Po rozwodzie s\u0105d oficjalnie zaprzeczy\u0142 jego ojcostwu.<\/p>\n","protected":false},"excerpt":{"rendered":"Kampus, na kt\u00f3rym studiuje Dubieniecka, funkcjonuje od ko\u0144ca XIX w. i od lat przyci\u0105ga tysi\u0105ce m\u0142odych ludzi z&hellip;\n","protected":false},"author":2,"featured_media":85982,"comment_status":"","ping_status":"","sticky":false,"template":"","format":"standard","meta":{"footnotes":""},"categories":[22],"tags":[122,20386,5835,20388,20387,5883,48,46,42,38,40,39,41,123,47,26],"class_list":{"0":"post-85981","1":"post","2":"type-post","3":"status-publish","4":"format-standard","5":"has-post-thumbnail","7":"category-rozrywka","8":"tag-entertainment","9":"tag-ewa_dubieniecka","10":"tag-korea_poludniowa","11":"tag-lech_kaczynski","12":"tag-marcin_dubieniecki","13":"tag-marta_kaczynska","14":"tag-nat_styl","15":"tag-omp","16":"tag-pl","17":"tag-poland","18":"tag-polish","19":"tag-polska","20":"tag-polski","21":"tag-rozrywka","22":"tag-screening_general","23":"tag-wiadomosci"},"share_on_mastodon":{"url":"https:\/\/pubeurope.com\/@pl\/115496662147578153","error":""},"_links":{"self":[{"href":"https:\/\/www.europesays.com\/pl\/wp-json\/wp\/v2\/posts\/85981","targetHints":{"allow":["GET"]}}],"collection":[{"href":"https:\/\/www.europesays.com\/pl\/wp-json\/wp\/v2\/posts"}],"about":[{"href":"https:\/\/www.europesays.com\/pl\/wp-json\/wp\/v2\/types\/post"}],"author":[{"embeddable":true,"href":"https:\/\/www.europesays.com\/pl\/wp-json\/wp\/v2\/users\/2"}],"replies":[{"embeddable":true,"href":"https:\/\/www.europesays.com\/pl\/wp-json\/wp\/v2\/comments?post=85981"}],"version-history":[{"count":0,"href":"https:\/\/www.europesays.com\/pl\/wp-json\/wp\/v2\/posts\/85981\/revisions"}],"wp:featuredmedia":[{"embeddable":true,"href":"https:\/\/www.europesays.com\/pl\/wp-json\/wp\/v2\/media\/85982"}],"wp:attachment":[{"href":"https:\/\/www.europesays.com\/pl\/wp-json\/wp\/v2\/media?parent=85981"}],"wp:term":[{"taxonomy":"category","embeddable":true,"href":"https:\/\/www.europesays.com\/pl\/wp-json\/wp\/v2\/categories?post=85981"},{"taxonomy":"post_tag","embeddable":true,"href":"https:\/\/www.europesays.com\/pl\/wp-json\/wp\/v2\/tags?post=85981"}],"curies":[{"name":"wp","href":"https:\/\/api.w.org\/{rel}","templated":true}]}}