{"id":86081,"date":"2025-11-05T11:38:09","date_gmt":"2025-11-05T11:38:09","guid":{"rendered":"https:\/\/www.europesays.com\/pl\/86081\/"},"modified":"2025-11-05T11:38:09","modified_gmt":"2025-11-05T11:38:09","slug":"wojna-na-ukrainie-rosjanie-okrazyli-pokrowsk-sytuacja-skrajnie-trudna","status":"publish","type":"post","link":"https:\/\/www.europesays.com\/pl\/86081\/","title":{"rendered":"Wojna na Ukrainie. Rosjanie okr\u0105\u017cyli Pokrowsk: Sytuacja skrajnie trudna"},"content":{"rendered":"<p>W skr\u00f3cie<\/p>\n<ul class=\"typography ids-typeset-body ids-typeset-body--preset-large list ids-list ids-list--unordered ids-list--size-large \" datatype=\"disc\">\n<li class=\"ids-list-item\">\n<p>Rosyjskie wojska przesuwaj\u0105 si\u0119 na p\u00f3\u0142noc po okr\u0105\u017ceniu Pokrowska.<\/p>\n<\/li>\n<li class=\"ids-list-item\">\n<p>Ukraina znajduje si\u0119 w krytycznej sytuacji, trac\u0105c wi\u0119kszo\u015b\u0107 miasta oraz maj\u0105c utrudnion\u0105 logistyk\u0119 i komunikacj\u0119.<\/p>\n<\/li>\n<li class=\"ids-list-item\">\n<p>Zdobycie Pokrowska przez wojska rosyjskie mo\u017ce mie\u0107 zar\u00f3wno militarne, jak i psychologiczne negatywne skutki dla Ukrainy.<\/p>\n<\/li>\n<li class=\"ids-list-item\"><\/li>\n<\/ul>\n<p class=\"typography ids-typeset-body ids-typeset-body--preset-large link paragraph ids-paragraph ids-paragraph--default\">Znaczenie ukrai\u0144skiej obrony na odcinku pokrowskim jest istotne z punktu widzenia ca\u0142ej linii frontu. <a href=\"https:\/\/wydarzenia.interia.pl\/tematy-rosja,gsbi,3125\" rel=\"nofollow noopener\" target=\"_blank\">Rosja<\/a> pr\u00f3buje zdoby\u0107 Pokrowsk od 2024 roku, gdy\u017c jej celem jest przej\u0119cie ca\u0142ego obwodu donieckiego.<\/p>\n<p class=\"typography ids-typeset-body ids-typeset-body--preset-large link paragraph ids-paragraph ids-paragraph--default\">Wed\u0142ug \u017ar\u00f3de\u0142 w ukrai\u0144skiej armii, na kt\u00f3re powo\u0142uje si\u0119 &#8222;Bild&#8221;, podczas walka o Pokrowsk i Myrhonrad w obwodzie donieckim sytuacja Ukrai\u0144c\u00f3w jest krytyczna. Wojska rosyjskie przedar\u0142y si\u0119 przez granic\u0119 z Pokrowskiem i &#8211; jak zadeklarowa\u0142 <a href=\"https:\/\/wydarzenia.interia.pl\/tematy-kreml,gsbi,4409\" rel=\"nofollow noopener\" target=\"_blank\">Kreml<\/a> &#8211; okr\u0105\u017cy\u0142y jednostki ukrai\u0144skie.<\/p>\n<p>Krytyczna sytuacja Ukrainy. Rosjanie bliscy zaj\u0119cia Pokrowska<\/p>\n<p class=\"typography ids-typeset-body ids-typeset-body--preset-large link paragraph ids-paragraph ids-paragraph--default\">&#8211; Putin rzuca wszystkie swoje si\u0142y na ten region, sytuacja jest skrajnie trudna. Stracili\u015bmy 80 proc. miasta, walczymy o pozosta\u0142e 20 proc., ale i tam przegrywamy. Ludzie w Myrnohradzie i dalej na po\u0142udnie s\u0105 w jeszcze gorszej sytuacji; s\u0105 praktycznie okr\u0105\u017ceni &#8211; powiedzia\u0142 niemieckiej gazecoe jeden z oficer\u00f3w Si\u0142 Zbrojnych <a href=\"https:\/\/wydarzenia.interia.pl\/tematy-ukraina,gsbi,3144\" rel=\"nofollow noopener\" target=\"_blank\">Ukrainy<\/a>.<\/p>\n<p class=\"typography ids-typeset-body ids-typeset-body--preset-large link paragraph ids-paragraph ids-paragraph--default\">&#8211; Bohatersko si\u0119 bronimy, o\u015bwiadczamy, \u017ce Rosja jest w gorszej sytuacji, ni\u017c przyznaje, a potem si\u0119 wycofujemy &#8211; doda\u0142 informator z ukrai\u0144skiej dyplomacji, cytowany anonimowo przez &#8222;Bilda&#8221;.<\/p>\n<p class=\"typography ids-typeset-body ids-typeset-body--preset-large link paragraph ids-paragraph ids-paragraph--default\">Serwis Unian przekaza\u0142, \u017ce Rosjanie w Pokrowsku maj\u0105 przewag\u0119 zar\u00f3wno liczebn\u0105, jak powietrzn\u0105, co dotyczy g\u0142\u00f3wnie dron\u00f3w. Rosyjskie wojska niszcz\u0105 logistyk\u0119 wojsk ukrai\u0144skich, co utrudnia dostawy amunicji i sprz\u0119tu, jak i rotacji wojsk czy ewakuacji rannych.<\/p>\n<p class=\"typography ids-typeset-body ids-typeset-body--preset-large link paragraph ids-paragraph ids-paragraph--default\">&#8211; Bitwa o Pokrowsk to krytyczny moment wojny w Ukrainie. Je\u015bli Ukrai\u0144cy strac\u0105 ten rejon, b\u0119d\u0105 w du\u017co trudniejszej sytuacji. Ukraina musi liczy\u0107 si\u0119 z tym, \u017ce przegra t\u0119 bitw\u0119, a dow\u00f3dcy powinni zrobi\u0107 wszystko, by nie da\u0107 si\u0119 okr\u0105\u017cy\u0107 i zamkn\u0105\u0107 w tym kotle pokrowskim. Gdyby \u017co\u0142nierze broni\u0105cy miasta dostali si\u0119 do niewoli, by\u0142aby to nie tylko strata militarna, ale tak\u017ce strata psychologiczna, kt\u00f3ra wp\u0142yn\u0119\u0142aby na morale w armii, ale tak\u017ce w spo\u0142ecze\u0144stwie &#8211; <a href=\"https:\/\/wydarzenia.interia.pl\/ukraina-rosja\/news-krytyczny-moment-wojny-w-ukrainie-padnie-jeden-z-ostatnich-b,nId,22450824#iwa_source=autor\" target=\"_blank\" rel=\"nofollow noopener\">stwierdzi\u0142 w rozmowie z Interi\u0105 gen. Stanis\u0142aw Koziej.<\/a><\/p>\n<p class=\"typography ids-typeset-body ids-typeset-body--preset-large link paragraph ids-paragraph ids-paragraph--default\">\u0179r\u00f3d\u0142o: &#8222;Bild&#8221;, &#8222;Unian&#8221;<\/p>\n<p>Afera wok\u00f3\u0142 sprzeda\u017cy dzia\u0142ki przy budowie CPK. Czarnek w &#8222;Graffiti&#8221;: B\u0119dziemy to sprawdza\u0107 do ko\u0144caPolsat  NewsPolsat News<\/p>\n<p><a class=\"ids-undecorated-link source ids-page-info--source__link\" href=\"https:\/\/www.interia.pl\" rel=\"nofollow noopener\" target=\"_blank\"><img decoding=\"async\" class=\"ids-image-holder__img\" loading=\"lazy\" alt=\"\" title=\"\" height=\"24px\" src=\"https:\/\/www.europesays.com\/pl\/wp-content\/uploads\/2025\/11\/1762246451_407_0009A60QQ5I2TYF7-C202-F4.webp.webp\"\/><\/a><\/p>\n<p>Masz sugestie, uwagi albo widzisz b\u0142\u0105d? Napisz do nas<\/p>\n","protected":false},"excerpt":{"rendered":"W skr\u00f3cie Rosyjskie wojska przesuwaj\u0105 si\u0119 na p\u00f3\u0142noc po okr\u0105\u017ceniu Pokrowska. Ukraina znajduje si\u0119 w krytycznej sytuacji, trac\u0105c&hellip;\n","protected":false},"author":2,"featured_media":86082,"comment_status":"","ping_status":"","sticky":false,"template":"","format":"standard","meta":{"footnotes":""},"categories":[14],"tags":[32,33,27,34,35,28,31,25,40,41,80,29,30,26,82,83,84],"class_list":{"0":"post-86081","1":"post","2":"type-post","3":"status-publish","4":"format-standard","5":"has-post-thumbnail","7":"category-swiat","8":"tag-breaking-news","9":"tag-breakingnews","10":"tag-headlines","11":"tag-latest-news","12":"tag-latestnews","13":"tag-naglowki","14":"tag-najwazniejsze-artykuly","15":"tag-news","16":"tag-polish","17":"tag-polski","18":"tag-swiat","19":"tag-top-stories","20":"tag-topstories","21":"tag-wiadomosci","22":"tag-world","23":"tag-world-news","24":"tag-worldnews"},"share_on_mastodon":{"url":"https:\/\/pubeurope.com\/@pl\/115496898072067069","error":""},"_links":{"self":[{"href":"https:\/\/www.europesays.com\/pl\/wp-json\/wp\/v2\/posts\/86081","targetHints":{"allow":["GET"]}}],"collection":[{"href":"https:\/\/www.europesays.com\/pl\/wp-json\/wp\/v2\/posts"}],"about":[{"href":"https:\/\/www.europesays.com\/pl\/wp-json\/wp\/v2\/types\/post"}],"author":[{"embeddable":true,"href":"https:\/\/www.europesays.com\/pl\/wp-json\/wp\/v2\/users\/2"}],"replies":[{"embeddable":true,"href":"https:\/\/www.europesays.com\/pl\/wp-json\/wp\/v2\/comments?post=86081"}],"version-history":[{"count":0,"href":"https:\/\/www.europesays.com\/pl\/wp-json\/wp\/v2\/posts\/86081\/revisions"}],"wp:featuredmedia":[{"embeddable":true,"href":"https:\/\/www.europesays.com\/pl\/wp-json\/wp\/v2\/media\/86082"}],"wp:attachment":[{"href":"https:\/\/www.europesays.com\/pl\/wp-json\/wp\/v2\/media?parent=86081"}],"wp:term":[{"taxonomy":"category","embeddable":true,"href":"https:\/\/www.europesays.com\/pl\/wp-json\/wp\/v2\/categories?post=86081"},{"taxonomy":"post_tag","embeddable":true,"href":"https:\/\/www.europesays.com\/pl\/wp-json\/wp\/v2\/tags?post=86081"}],"curies":[{"name":"wp","href":"https:\/\/api.w.org\/{rel}","templated":true}]}}