{"id":86113,"date":"2025-11-05T11:56:10","date_gmt":"2025-11-05T11:56:10","guid":{"rendered":"https:\/\/www.europesays.com\/pl\/86113\/"},"modified":"2025-11-05T11:56:10","modified_gmt":"2025-11-05T11:56:10","slug":"maja-stasko-jest-w-ciazowy-tak-prezentowala-sie-na-salonach","status":"publish","type":"post","link":"https:\/\/www.europesays.com\/pl\/86113\/","title":{"rendered":"Maja Sta\u015bko jest w ci\u0105\u017cowy. Tak prezentowa\u0142a si\u0119 na salonach"},"content":{"rendered":"<p>Dla tych co nie wiedz\u0105.To aktywistka.Obro\u0144czyni praw r\u00f3\u017cnych, LGBT, aborcji i innych chwytliwych temat\u00f3w.Obecbie robi kas\u0119 na endometriozie, walki z niep\u0142odno\u015bci\u0105 (2 lata, w kt\u00f3rych nie mog\u0142a zaj\u015b\u0107 i uda\u0142o si\u0119 drugie in vitro, z facetem kt\u00f3ry jest jej narzeczonym te\u017c \u017ce 2 lata). Jednym s\u0142owem bije pian\u0119 na chwytliwych tematach, robi\u0105c z nich u siebie martyrologi\u0119.Taki ekspert z kr\u00f3tkim sta\u017cem od niep\u0142odno\u015bci i endo<\/p>\n","protected":false},"excerpt":{"rendered":"Dla tych co nie wiedz\u0105.To aktywistka.Obro\u0144czyni praw r\u00f3\u017cnych, LGBT, aborcji i innych chwytliwych temat\u00f3w.Obecbie robi kas\u0119 na endometriozie,&hellip;\n","protected":false},"author":2,"featured_media":86114,"comment_status":"","ping_status":"","sticky":false,"template":"","format":"standard","meta":{"footnotes":""},"categories":[22],"tags":[122,42,38,40,39,41,123],"class_list":{"0":"post-86113","1":"post","2":"type-post","3":"status-publish","4":"format-standard","5":"has-post-thumbnail","7":"category-rozrywka","8":"tag-entertainment","9":"tag-pl","10":"tag-poland","11":"tag-polish","12":"tag-polska","13":"tag-polski","14":"tag-rozrywka"},"share_on_mastodon":{"url":"https:\/\/pubeurope.com\/@pl\/115496968807963940","error":""},"_links":{"self":[{"href":"https:\/\/www.europesays.com\/pl\/wp-json\/wp\/v2\/posts\/86113","targetHints":{"allow":["GET"]}}],"collection":[{"href":"https:\/\/www.europesays.com\/pl\/wp-json\/wp\/v2\/posts"}],"about":[{"href":"https:\/\/www.europesays.com\/pl\/wp-json\/wp\/v2\/types\/post"}],"author":[{"embeddable":true,"href":"https:\/\/www.europesays.com\/pl\/wp-json\/wp\/v2\/users\/2"}],"replies":[{"embeddable":true,"href":"https:\/\/www.europesays.com\/pl\/wp-json\/wp\/v2\/comments?post=86113"}],"version-history":[{"count":0,"href":"https:\/\/www.europesays.com\/pl\/wp-json\/wp\/v2\/posts\/86113\/revisions"}],"wp:featuredmedia":[{"embeddable":true,"href":"https:\/\/www.europesays.com\/pl\/wp-json\/wp\/v2\/media\/86114"}],"wp:attachment":[{"href":"https:\/\/www.europesays.com\/pl\/wp-json\/wp\/v2\/media?parent=86113"}],"wp:term":[{"taxonomy":"category","embeddable":true,"href":"https:\/\/www.europesays.com\/pl\/wp-json\/wp\/v2\/categories?post=86113"},{"taxonomy":"post_tag","embeddable":true,"href":"https:\/\/www.europesays.com\/pl\/wp-json\/wp\/v2\/tags?post=86113"}],"curies":[{"name":"wp","href":"https:\/\/api.w.org\/{rel}","templated":true}]}}