{"id":86462,"date":"2025-11-05T15:16:07","date_gmt":"2025-11-05T15:16:07","guid":{"rendered":"https:\/\/www.europesays.com\/pl\/86462\/"},"modified":"2025-11-05T15:16:07","modified_gmt":"2025-11-05T15:16:07","slug":"afera-w-wielkopolskiej-policji-mundurowi-zatrzymani-po-przeszukaniu-mieszkania","status":"publish","type":"post","link":"https:\/\/www.europesays.com\/pl\/86462\/","title":{"rendered":"Afera w wielkopolskiej policji. Mundurowi zatrzymani po przeszukaniu mieszkania"},"content":{"rendered":"<p class=\"article-p\" data-section=\"detail-body\">Jak ustali\u0142 &#8222;Fakt&#8221;, komendanci powiatowi z Gniezna i Szamotu\u0142 zostali poinformowani o zatrzymaniu swoich podw\u0142adnych na polecenie Prokuratury Okr\u0119gowej w Poznaniu. Do zatrzyma\u0144 dosz\u0142o poza s\u0142u\u017cb\u0105 i poza terenem jednostek. Szefowie komend czekaj\u0105 teraz na oficjalne dokumenty z prokuratury, z kt\u00f3rych b\u0119dzie wynika\u0107, jakie dok\u0142adnie zarzuty us\u0142ysz\u0105 policjanci. Je\u015bli oka\u017ce si\u0119, \u017ce chodzi o przest\u0119pstwa pope\u0142nione z winy umy\u015blnej, rozwa\u017cone ma zosta\u0107 ich natychmiastowe wydalenie ze s\u0142u\u017cby.<\/p>\n<p>        Afera w wielkopolskiej policji. Narkotyki w mieszkaniu policjantki<\/p>\n<p class=\"article-p\" data-section=\"detail-body\">\u2014 Je\u015bli b\u0119d\u0105 to przest\u0119pstwa z winy umy\u015blnej to b\u0119dziemy rozwa\u017ca\u0107 natychmiastowe zwolnienie tych funkcjonariuszy ze s\u0142u\u017cby \u2014 potwierdzi\u0142 rzecznik prasowy wielkopolskiej policji m\u0142. insp. Andrzej Borowiak.<\/p>\n<p class=\"article-p\" data-section=\"detail-body\">Przypomnijmy, \u017ce o ca\u0142ej sprawie jako pierwszy napisa\u0142 w \u015brod\u0119 portal Moje-gniezno.pl. Z jego ustale\u0144 wynika, \u017ce w poniedzia\u0142ek policjanci z Komendy Wojew\u00f3dzkiej Policji w Poznaniu, we wsp\u00f3\u0142pracy z Biurem Spraw Wewn\u0119trznych Policji, zatrzymali funkcjonariuszk\u0119 z wydzia\u0142u ruchu drogowego komendy w Gnie\u017anie oraz policjanta z Nowego Tomy\u015bla.<\/p>\n<p class=\"article-p\" data-section=\"detail-body\">Portal informuje, \u017ce podczas przeszukania mieszkania policjantki, kt\u00f3ra od trzech lat s\u0142u\u017cy w gnie\u017anie\u0144skiej jednostce, znaleziono narkotyki \u2014 tzw. kryszta\u0142, czyli metamfetamin\u0119.<\/p>\n<p class=\"article-p\" data-section=\"detail-body\">Czytaj tak\u017ce:<\/p>\n<p class=\"article-p\" data-section=\"detail-body\"><a href=\"https:\/\/www.fakt.pl\/polityka\/przelom-po-aferze-cpk-nowe-informacje-ws-dzialki-w-zablotni\/d4z9tdn\" id=\"ec94bdcd-b8e7-4cb4-95aa-4a273575955a\" rel=\"nofollow noopener\" target=\"_blank\">Prze\u0142om po aferze CPK. Nowe informacje w sprawie dzia\u0142ki w Zab\u0142otni<\/a><\/p>\n<p class=\"article-p\" data-section=\"detail-body\"><a href=\"https:\/\/www.fakt.pl\/wydarzenia\/tak-wygladaja-prace-z-konkursu-w-przedszkolu-rodzice-sie-wczuli\/97fky09\" id=\"cd406f7a-3e81-403f-b88d-a08f90454d98\" rel=\"nofollow noopener\" target=\"_blank\">To maj\u0105 by\u0107 prace konkursowe dzieci z przedszkola. &#8222;Dlatego m\u00f3j syn nigdy nie wygrywa&#8221;<\/a><\/p>\n<p class=\"article-p\" data-section=\"detail-body\">\u0179r\u00f3d\u0142o: fakt.pl \/ moje-gniezno.pl \/ PAP<\/p>\n","protected":false},"excerpt":{"rendered":"Jak ustali\u0142 &#8222;Fakt&#8221;, komendanci powiatowi z Gniezna i Szamotu\u0142 zostali poinformowani o zatrzymaniu swoich podw\u0142adnych na polecenie Prokuratury&hellip;\n","protected":false},"author":2,"featured_media":86463,"comment_status":"","ping_status":"","sticky":false,"template":"","format":"standard","meta":{"footnotes":""},"categories":[12],"tags":[32,33,36,37,27,34,35,28,31,25,42,38,40,39,41,29,30,26],"class_list":{"0":"post-86462","1":"post","2":"type-post","3":"status-publish","4":"format-standard","5":"has-post-thumbnail","7":"category-polska","8":"tag-breaking-news","9":"tag-breakingnews","10":"tag-featured-news","11":"tag-featurednews","12":"tag-headlines","13":"tag-latest-news","14":"tag-latestnews","15":"tag-naglowki","16":"tag-najwazniejsze-artykuly","17":"tag-news","18":"tag-pl","19":"tag-poland","20":"tag-polish","21":"tag-polska","22":"tag-polski","23":"tag-top-stories","24":"tag-topstories","25":"tag-wiadomosci"},"share_on_mastodon":{"url":"https:\/\/pubeurope.com\/@pl\/115497755277717823","error":""},"_links":{"self":[{"href":"https:\/\/www.europesays.com\/pl\/wp-json\/wp\/v2\/posts\/86462","targetHints":{"allow":["GET"]}}],"collection":[{"href":"https:\/\/www.europesays.com\/pl\/wp-json\/wp\/v2\/posts"}],"about":[{"href":"https:\/\/www.europesays.com\/pl\/wp-json\/wp\/v2\/types\/post"}],"author":[{"embeddable":true,"href":"https:\/\/www.europesays.com\/pl\/wp-json\/wp\/v2\/users\/2"}],"replies":[{"embeddable":true,"href":"https:\/\/www.europesays.com\/pl\/wp-json\/wp\/v2\/comments?post=86462"}],"version-history":[{"count":0,"href":"https:\/\/www.europesays.com\/pl\/wp-json\/wp\/v2\/posts\/86462\/revisions"}],"wp:featuredmedia":[{"embeddable":true,"href":"https:\/\/www.europesays.com\/pl\/wp-json\/wp\/v2\/media\/86463"}],"wp:attachment":[{"href":"https:\/\/www.europesays.com\/pl\/wp-json\/wp\/v2\/media?parent=86462"}],"wp:term":[{"taxonomy":"category","embeddable":true,"href":"https:\/\/www.europesays.com\/pl\/wp-json\/wp\/v2\/categories?post=86462"},{"taxonomy":"post_tag","embeddable":true,"href":"https:\/\/www.europesays.com\/pl\/wp-json\/wp\/v2\/tags?post=86462"}],"curies":[{"name":"wp","href":"https:\/\/api.w.org\/{rel}","templated":true}]}}