{"id":86466,"date":"2025-11-05T15:18:12","date_gmt":"2025-11-05T15:18:12","guid":{"rendered":"https:\/\/www.europesays.com\/pl\/86466\/"},"modified":"2025-11-05T15:18:12","modified_gmt":"2025-11-05T15:18:12","slug":"powazna-kontuzja-reprezentanta-hiszpanii-jest-dokladna-diagnoza","status":"publish","type":"post","link":"https:\/\/www.europesays.com\/pl\/86466\/","title":{"rendered":"Powa\u017cna kontuzja reprezentanta Hiszpanii. Jest dok\u0142adna diagnoza"},"content":{"rendered":"<p>Robin Le Normand dozna\u0142 kontuzji kolana we wtorkowym meczu Ligi Mistrz\u00f3w mi\u0119dzy Atletico Madryt oraz Unionem Saint-Gilloise. Jak donosi AS, stopera czeka d\u0142uga przerwa w grze.<\/p>\n<p>28-latek jest wa\u017cnym ogniwem &#8222;Rojiblancos&#8221; oraz reprezentacji Hiszpanii. W kadrze narodowej w ci\u0105gu ostatnich 2,5 roku rozegra\u0142 27 spotka\u0144.<\/p>\n<p>Dalsza cz\u0119\u015b\u0107 tekstu pod wideo<\/p>\n<p>Z pewno\u015bci\u0105 nie pomo\u017ce jednak dru\u017cynie podczas najbli\u017cszego zgrupowania. We wtorek dozna\u0142 bowiem kontuzji podczas spotkania Ligi Mistrz\u00f3w.<\/p>\n<p>Le Normand podczas starcia z Unionem Saint-Gilloise musia\u0142 opu\u015bci\u0107 boisko ju\u017c w trakcie pierwszej po\u0142owy. Dzie\u0144 po meczu przeszed\u0142 dok\u0142adne badania.<\/p>\n<p>Wykaza\u0142y one powa\u017cny uraz tylnej torebki stawowej w lewym kolanie. Uszkodzeniu nie uleg\u0142y na szcz\u0119\u015bcie wi\u0119zad\u0142a ani \u0142\u0105kotka.<\/p>\n<p>Jak informuje AS, Le Normand b\u0119dzie musia\u0142 pauzowa\u0107 przez 6-9 tygodni. Mimo \u017ce uraz jest powa\u017cny, to w szatni odetchni\u0119to z ulg\u0105. Spodziewano si\u0119 bowiem znacznie gorszej diagnozy.<\/p>\n<p>W sezonie 2025\/2026 stoper rozegra\u0142 dot\u0105d 14 oficjalnych spotka\u0144 w Atletico. W tym czasie dwukrotnie wpisa\u0142 si\u0119 na list\u0119 strzelc\u00f3w. Transfermarkt wycenia go na 35 milion\u00f3w euro.<\/p>\n","protected":false},"excerpt":{"rendered":"Robin Le Normand dozna\u0142 kontuzji kolana we wtorkowym meczu Ligi Mistrz\u00f3w mi\u0119dzy Atletico Madryt oraz Unionem Saint-Gilloise. Jak&hellip;\n","protected":false},"author":2,"featured_media":86467,"comment_status":"","ping_status":"","sticky":false,"template":"","format":"standard","meta":{"footnotes":""},"categories":[24],"tags":[42,38,40,39,41,127,126],"class_list":{"0":"post-86466","1":"post","2":"type-post","3":"status-publish","4":"format-standard","5":"has-post-thumbnail","7":"category-sport","8":"tag-pl","9":"tag-poland","10":"tag-polish","11":"tag-polska","12":"tag-polski","13":"tag-sport","14":"tag-sports"},"share_on_mastodon":{"url":"https:\/\/pubeurope.com\/@pl\/115497763165142891","error":""},"_links":{"self":[{"href":"https:\/\/www.europesays.com\/pl\/wp-json\/wp\/v2\/posts\/86466","targetHints":{"allow":["GET"]}}],"collection":[{"href":"https:\/\/www.europesays.com\/pl\/wp-json\/wp\/v2\/posts"}],"about":[{"href":"https:\/\/www.europesays.com\/pl\/wp-json\/wp\/v2\/types\/post"}],"author":[{"embeddable":true,"href":"https:\/\/www.europesays.com\/pl\/wp-json\/wp\/v2\/users\/2"}],"replies":[{"embeddable":true,"href":"https:\/\/www.europesays.com\/pl\/wp-json\/wp\/v2\/comments?post=86466"}],"version-history":[{"count":0,"href":"https:\/\/www.europesays.com\/pl\/wp-json\/wp\/v2\/posts\/86466\/revisions"}],"wp:featuredmedia":[{"embeddable":true,"href":"https:\/\/www.europesays.com\/pl\/wp-json\/wp\/v2\/media\/86467"}],"wp:attachment":[{"href":"https:\/\/www.europesays.com\/pl\/wp-json\/wp\/v2\/media?parent=86466"}],"wp:term":[{"taxonomy":"category","embeddable":true,"href":"https:\/\/www.europesays.com\/pl\/wp-json\/wp\/v2\/categories?post=86466"},{"taxonomy":"post_tag","embeddable":true,"href":"https:\/\/www.europesays.com\/pl\/wp-json\/wp\/v2\/tags?post=86466"}],"curies":[{"name":"wp","href":"https:\/\/api.w.org\/{rel}","templated":true}]}}