{"id":86478,"date":"2025-11-05T15:25:09","date_gmt":"2025-11-05T15:25:09","guid":{"rendered":"https:\/\/www.europesays.com\/pl\/86478\/"},"modified":"2025-11-05T15:25:09","modified_gmt":"2025-11-05T15:25:09","slug":"gigant-zostal-rozdeptany-stalo-sie-cos-gorszego-niz-porazka-wstyd-pilka-nozna","status":"publish","type":"post","link":"https:\/\/www.europesays.com\/pl\/86478\/","title":{"rendered":"Gigant zosta\u0142 rozdeptany. Sta\u0142o si\u0119 co\u015b gorszego ni\u017c pora\u017cka. 'Wstyd&#8217; Pi\u0142ka no\u017cna"},"content":{"rendered":"<p class=\"art_paragraph\">To mia\u0142 by\u0107 <a href=\"https:\/\/www.sport.pl\/pilka\/7,64946,32318791,to-nie-zart-podolski-zagral-dla-polski-co-to-byl-za-mecz.html#anchorLink\" rel=\"nofollow noopener\" target=\"_blank\">mecz<\/a>, kt\u00f3ry sprawdzi, czy <a href=\"https:\/\/www.sport.pl\/pilka\/7,65041,32342876,kosmiczny-mecz-psg-w-lidze-mistrzow-dziewiec-bramek-i-dwie.html#anchorLink\" rel=\"nofollow noopener\" target=\"_blank\">PSG<\/a> jest gotowe, by ponownie w tym sezonie\u00a0zdoby\u0107\u00a0szczyt. Dotychczasowi liderzy tabeli Ligi Mistrz\u00f3w i najlepsza obecnie dru\u017cyna\u00a0Ligue\u00a01\u00a0mierzy\u0142a\u00a0si\u0119 jednak z klubem, kt\u00f3ry te\u017c w tym sezonie w <a href=\"https:\/\/www.sport.pl\/pilka\/0,65044.html#anchorLink\" rel=\"nofollow noopener\" target=\"_blank\">Lidze<\/a> Mistrz\u00f3w wygrywa\u0142 wszystko. W dodatku\u00a0przyje\u017cd\u017ca\u0142\u00a0do Pary\u017ca z 15 wygranymi\u00a0spotkaniami\u00a0z rz\u0119du\u00a0we wszystkich rozgrywkach. S\u0142owem, bilanse najbardziej bramkostrzelnych dru\u017cyn w Lidze\u00a0Mistrz\u00f3w\u00a0i by\u0107 mo\u017ce dw\u00f3ch faworyt\u00f3w do jej wygrania,\u00a0rozbudza\u0142y emocje <a href=\"https:\/\/www.sport.pl\/kibice#anchorLink\" rel=\"nofollow noopener\" target=\"_blank\">kibic\u00f3w<\/a> i medi\u00f3w. Dla tych paryskich pierwsze sprowadzenie na ziemi\u0119 nadesz\u0142o ju\u017c\u00a0po\u00a0czterech minutach\u00a0<a href=\"https:\/\/www.sport.pl\/mecze#anchorLink\" rel=\"nofollow noopener\" target=\"_blank\">meczu<\/a>,\u00a0kiedy Bayern wyszed\u0142 na prowadzenie. Potem\u00a0dla pary\u017can\u00a0by\u0142o\u00a0jeszcze\u00a0gorzej.\u00a0\u00a0<\/p>\n<p>\n    Zobacz wideo Pia Skrzyszowska podsumowa\u0142a sezon lekkoatletyczny. Opowiedzia\u0142a o celach na przysz\u0142o\u015b\u0107\n  <\/p>\n<p> Pierwsza taka sytuacja w katarskiej erze\u00a0<\/p>\n<p class=\"art_paragraph\">&#8222;W jedenastu na\u00a0jedenastu\u00a0zostali rozdeptani przez Bayern. W jedenastu przeciwko dziesi\u0119ciu nie zdo\u0142ali si\u0119 pozbiera\u0107&#8221; &#8211; opisuje to, co we wtorkowy wiecz\u00f3r\u00a0dzia\u0142o\u00a0si\u0119 na\u00a0Parc\u00a0des\u00a0Princes, &#8222;L\u2019Equipe&#8221;.\u00a0Przy stanie 1:0 dla Bayernu i kolejnym b\u0142\u0119dzie indywidualnym\u00a0Marquinhosa, go\u015bcie\u00a0podwy\u017cszyli wynik jeszcze przed przerw\u0105. &#8222;PSG sprawia\u0142o wra\u017cenie, jakby nie mog\u0142o w tym meczu z\u0142apa\u0107 oddechu&#8221; &#8211; opisuje sportowy dziennik. &#8222;Zagubieni obro\u0144cy,\u00a0wy\u0142\u0105czony \u015brodek pola,\u00a0brak pomys\u0142u, co zrobi\u0107 z pi\u0142k\u0105,\u00a0nieskuteczni napastnicy, kt\u00f3rzy odbijali si\u0119 od\u00a0Dayota\u00a0Upamecano&#8221; &#8211; wylicza grzechy dziennikarz.\u00a0\u00a0<\/p>\n<p class=\"art_paragraph\">Z kolei RMC zauwa\u017ca, \u017ce PSG w katarskiej erze nigdy nie przegrywa\u0142o do przerwy\u00a0r\u00f3\u017cnic\u0105 dw\u00f3ch bramek w Lidze Mistrz\u00f3w. Najwyra\u017aniej zatem dru\u017cyna w\u00a0tej\u00a0cz\u0119\u015bci\u00a0sezonu ze swoimi\u00a0problemami\u00a0nie by\u0142a\u00a0gotowa na gr\u0119 na najwy\u017cszym poziomie i starcie z Bayernem to obna\u017cy\u0142o. Chodzi m.in. o\u00a0kontuzje i zdrowie pi\u0142karzy\u00a0&#8211; trener Luis\u00a0Enrique\u00a0nie m\u00f3g\u0142 w tym spotkaniu skorzysta\u0107 z\u00a0Desire\u00a0Doue. A czy mia\u0142 pewno\u015b\u0107 co do kolejnej swej gwiazdy, Ousmane\u2019a\u00a0Dembele?\u00a0<\/p>\n<p> Niesprawny gracz na boisku<\/p>\n<p class=\"art_paragraph\">&#8211; Nie b\u0119dziemy podejmowa\u0107 \u017cadnego ryzyka z \u017cadnym zawodnikiem. Ale\u00a0Ousmane\u00a0jest w formie \u2013 m\u00f3wi\u0142 na\u00a0konferencji\u00a0przed meczem trener PSG.\u00a0\u00a0<\/p>\n<p class=\"art_paragraph\">Jak by\u0142o naprawd\u0119? Z jednej strony zdobywca Z\u0142otej Pi\u0142ki ostatnie dwa tygodnie trenowa\u0142 w miar\u0119 normalnie,\u00a0\u0142apa\u0142\u00a0te\u017c\u00a0minuty w kilku ostatnich meczach,\u00a0ale po niedawnym starciu z Nice\u0105 zaznacza\u0142, \u017ce\u00a0czuje dyskomfort. &#8211; Boli mnie \u015bci\u0119gno udowe, boli bardzo \u2013\u00a0powiedzia\u0142 trzy\u00a0dni temu jednemu ze swych koleg\u00f3w na boisku, co zarejestrowa\u0142y kamery magazynu Ligue\u00a01+.\u00a0<\/p>\n<p class=\"art_paragraph\">Enrique\u00a0przekaza\u0142, \u017ce\u00a0Dembele\u00a0zagra z Bayernem w niepe\u0142nym wymiarze czasowym. Wyszed\u0142 w podstawowym sk\u0142adzie, jednak \u017cycie ograniczy\u0142o jego minuty do 25.\u00a0\u00a0<\/p>\n<p class=\"art_paragraph\">&#8222;Po nieuznanym golu z powodu spalonego\u00a0Dembele\u00a0musia\u0142 zosta\u0107 zast\u0105piony przez Lee\u00a0Kang-ina po zaledwie siedmiu kontaktach z pi\u0142k\u0105&#8221; &#8211;\u00a0wylicza\u0142o &#8222;Le\u00a0Parisien&#8221;. Z kolei portal RMC Sport\u00a0pyta\u0142\u00a0w swym tek\u015bcie: &#8222;Czy\u00a0naprawd\u0119\u00a0by\u0142o konieczne, \u017ceby go wystawia\u0107?&#8221;\u00a0\u00a0<\/p>\n<p class=\"art_paragraph\">Enrique\u00a0na konferencji prasowej ju\u017c po bolesnym meczu z Bayernem\u00a0przyzna\u0142, \u017ce\u00a0nie potrafi\u0142 odpowiednio zarz\u0105dza\u0107 zawodnikami powracaj\u0105cymi po kontuzjach. &#8211; To co\u015b, nad czym musz\u0119 lepiej panowa\u0107 &#8211; przekaza\u0142. Doda\u0142 te\u017c jednak, \u017ce niezale\u017cnie od sk\u0142adu jego dru\u017cyna powinna\u00a0na w\u0142asnym terenie zagra\u0107\u00a0lepsze zawody.\u00a0\u00a0<\/p>\n<p> &#8222;Wstydliwy wynik&#8221;<\/p>\n<p class=\"art_paragraph\">&#8211;\u00a0Dla mnie ten wynik\u00a0jest\u00a0wstydliwy, poniewa\u017c spodziewa\u0142em si\u0119 po nas lepszej gry\u00a0&#8211; rzuci\u0142.\u00a0\u00a0<\/p>\n<p class=\"art_paragraph\">Brak odpowiedniego poziomu graczy w meczu Ligi Mistrz\u00f3w zauwa\u017ca te\u017c &#8222;Le Figaro&#8221;. \u015arednia ocen gazety w\u00a0dziesi\u0119ciostopniowej\u00a0skali nie przekracza tam czw\u00f3rki.\u00a0\u00a0<\/p>\n<p class=\"art_paragraph\">&#8222;Marquinhos\u00a0by\u0142 katastrofalny, Bradley\u00a0Barcola\u00a0zmarnowa\u0142 zbyt wiele szans, a\u00a0Chwicza\u00a0Kwaracchelia\u00a0za bardzo narzeka\u0142&#8221; &#8211; podsumowa\u0142a gazeta.\u00a0\u00a0<\/p>\n<p class=\"art_paragraph\">Koszmar PSG nie sko\u0144czy\u0142 si\u0119 we wtorek tylko na stracie punkt\u00f3w i przegranej 1:2. Okaza\u0142o si\u0119, \u017ce opr\u00f3cz Dembele,\u00a0pary\u017canie stracili te\u017c\u00a0Achrafa\u00a0Hakimiego.\u00a0\u00a0<\/p>\n<p class=\"art_paragraph\">Maroka\u0144czyk podczas jednego ze swych rajd\u00f3w zosta\u0142 zaatakowany\u00a0obiema nogami\u00a0przez Luisa\u00a0Diaza.\u00a0Lewa kostka\u00a0Hakimiego\u00a0zosta\u0142a z\u0142apana w kleszcze, pi\u0142karz\u00a0upad\u0142, pozostaj\u0105c bez ruchu przez kilka minut.\u00a0Wspierany przez cz\u0142onk\u00f3w sztabu szkoleniowego, zosta\u0142 zniesiony z boiska z p\u0142aczem.\u00a0<\/p>\n<p class=\"art_paragraph\">Cho\u0107 wyniki dok\u0142adnych bada\u0144 dopiero poznamy, to &#8222;L\u2019Equipe&#8221; informuje, \u017ce na szcz\u0119\u015bcie nie dosz\u0142o do z\u0142amania, ale uraz mo\u017ce wykluczy\u0107\u00a0Hakimiego\u00a0na\u00a0pi\u0119\u0107 tygodni.\u00a0To oznacza, \u017ce w kolejnych meczach Ligi Mistrz\u00f3w\u00a0Enrique\u00a0te\u017c nie b\u0119dzie mia\u0142a komfortu przy ustalaniu sk\u0142adu.\u00a0Cho\u0107 start sezonu by\u0142 dla PSG przyjemny, to p\u00f3\u0142metek fazy ligowej\u00a0robi si\u0119 problematyczny. A kolejny mecz w Lidze Misrtrz\u00f3w\u00a0 pary\u017canie\u00a0zagraj\u0105 z niepokonanym w tych rozgrywkach Tottenhamem.\u00a0\u00a0<\/p>\n","protected":false},"excerpt":{"rendered":"To mia\u0142 by\u0107 mecz, kt\u00f3ry sprawdzi, czy PSG jest gotowe, by ponownie w tym sezonie\u00a0zdoby\u0107\u00a0szczyt. Dotychczasowi liderzy tabeli&hellip;\n","protected":false},"author":2,"featured_media":86479,"comment_status":"","ping_status":"","sticky":false,"template":"","format":"standard","meta":{"footnotes":""},"categories":[24],"tags":[42,38,40,39,41,127,126],"class_list":{"0":"post-86478","1":"post","2":"type-post","3":"status-publish","4":"format-standard","5":"has-post-thumbnail","7":"category-sport","8":"tag-pl","9":"tag-poland","10":"tag-polish","11":"tag-polska","12":"tag-polski","13":"tag-sport","14":"tag-sports"},"share_on_mastodon":{"url":"https:\/\/pubeurope.com\/@pl\/115497790737577072","error":""},"_links":{"self":[{"href":"https:\/\/www.europesays.com\/pl\/wp-json\/wp\/v2\/posts\/86478","targetHints":{"allow":["GET"]}}],"collection":[{"href":"https:\/\/www.europesays.com\/pl\/wp-json\/wp\/v2\/posts"}],"about":[{"href":"https:\/\/www.europesays.com\/pl\/wp-json\/wp\/v2\/types\/post"}],"author":[{"embeddable":true,"href":"https:\/\/www.europesays.com\/pl\/wp-json\/wp\/v2\/users\/2"}],"replies":[{"embeddable":true,"href":"https:\/\/www.europesays.com\/pl\/wp-json\/wp\/v2\/comments?post=86478"}],"version-history":[{"count":0,"href":"https:\/\/www.europesays.com\/pl\/wp-json\/wp\/v2\/posts\/86478\/revisions"}],"wp:featuredmedia":[{"embeddable":true,"href":"https:\/\/www.europesays.com\/pl\/wp-json\/wp\/v2\/media\/86479"}],"wp:attachment":[{"href":"https:\/\/www.europesays.com\/pl\/wp-json\/wp\/v2\/media?parent=86478"}],"wp:term":[{"taxonomy":"category","embeddable":true,"href":"https:\/\/www.europesays.com\/pl\/wp-json\/wp\/v2\/categories?post=86478"},{"taxonomy":"post_tag","embeddable":true,"href":"https:\/\/www.europesays.com\/pl\/wp-json\/wp\/v2\/tags?post=86478"}],"curies":[{"name":"wp","href":"https:\/\/api.w.org\/{rel}","templated":true}]}}