{"id":86510,"date":"2025-11-05T15:41:10","date_gmt":"2025-11-05T15:41:10","guid":{"rendered":"https:\/\/www.europesays.com\/pl\/86510\/"},"modified":"2025-11-05T15:41:10","modified_gmt":"2025-11-05T15:41:10","slug":"nadchodzi-rewolucja-w-apple-firma-wypusci-najtanszego-macbooka-w-historii","status":"publish","type":"post","link":"https:\/\/www.europesays.com\/pl\/86510\/","title":{"rendered":"Nadchodzi rewolucja w Apple. Firma wypu\u015bci najta\u0144szego MacBooka w historii?"},"content":{"rendered":"<p>2025-11-05 11:25<\/p>\n<p>publikacja<br \/>2025-11-05 11:25<\/p>\n<p>Podziel si\u0119<\/p>\n<p>Apple szykuje nowego taniego MacBooka z procesorem pochodz\u0105cym z Iphone&#8217;a. Ma on kosztowa\u0107 poni\u017cej 1000 dolar\u00f3w, co uczyni go prawdopodobnie najta\u0144szym MacBookiem wszech czas\u00f3w.<\/p>\n<p><img decoding=\"async\" class=\"o-graphics-multiobject__inner-blurry-picture-img\" src=\"https:\/\/www.europesays.com\/pl\/wp-content\/uploads\/2025\/11\/d2a003eab91442-948-568-158-69-1608-965.jpg\" width=\"948\" height=\"568\" alt=\"Nadchodzi rewolucja w Apple. Firma wypu\u015bci najta\u0144szego MacBooka w historii?\" loading=\"lazy\"\/><img decoding=\"async\" class=\"o-graphics-multiobject__item webfeedsFeaturedVisual\" src=\"https:\/\/www.europesays.com\/pl\/wp-content\/uploads\/2025\/11\/d2a003eab91442-948-568-158-69-1608-965.jpg\" width=\"948\" height=\"568\" alt=\"Nadchodzi rewolucja w Apple. Firma wypu\u015bci najta\u0144szego MacBooka w historii?\" loading=\"lazy\"\/>fot. hanohiki \/ \/\u00a0Shutterstock<\/p>\n<p>Wed\u0142ug raportu Bloomberga, nowy laptop, planowany na pierwsz\u0105 po\u0142ow\u0119 2026 roku, b\u0119dzie wyposa\u017cony w procesor A18 Pro (zamiast uk\u0142adu z serii M) znany z iPhone\u2019a 16 Pro. To pierwszy przypadek, gdy Apple wykorzysta uk\u0142ad z serii A w MacBooku. Dzi\u0119ki temu koszt produkcji spadnie, a cena urz\u0105dzenia ma wynie\u015b\u0107 poni\u017cej 1000 dolar\u00f3w\u00a0(3700 z\u0142otych), co by\u0107 mo\u017ce uczyni go najta\u0144szym MacBookiem w historii.<\/p>\n<p>Konkurencja z Chromebookami i Windowsem<\/p>\n<p data-end=\"1589\" data-start=\"1228\">Apple chce, aby nowy MacBook konkurowa\u0142 z ta\u0144szymi notebookami z Windowsa i popularnymi Chromebookami. Firma kieruje ofert\u0119 do u\u017cytkownik\u00f3w potrzebuj\u0105cych komputera do nauki i pracy biurowej, ale nie chc\u0105cych wydawa\u0107 fortuny na sprz\u0119t. Nowy laptop ma r\u00f3wnie\u017c dost\u0119pny\u00a0inspirowany iMacami kilkukolorowy\u00a0design m.in. \u017c\u00f3\u0142ty, czy r\u00f3\u017cowy, co nadaje mu m\u0142odzie\u017cowy i nowoczesny charakter.<\/p>\n<p> <a href=\"https:\/\/www.bankier.pl\/wiadomosc\/Najnowszy-Appe-Watch-mozesz-miec-za-darmo-Wystarczy-placic-za-zakupy-karta-9021082.html?cs=bankier.pl&amp;cm=content&amp;cn=AW\" class=\"a-anchor\" rel=\"nofollow noopener\" target=\"_blank\">Tylko dla naszych Czytelnik\u00f3w: mo\u017cesz dosta\u0107 Apple Watcha w prezencie do karty kredytowej. Sprawd\u017a, jak zgarn\u0105\u0107 nagrod\u0119 <\/a> <\/p>\n<p data-end=\"1871\" data-start=\"1591\">Nowy produkt nie wypiera jednak istniej\u0105cych modeli. W 2026 premier\u0119 b\u0119d\u0105 mia\u0142y MacBooki Air i Pro z procesorami M5, a w dalszej przysz\u0142o\u015bci M6 i M6 Max. Dlatego chodzi o rozw\u00f3j i zmiany na potrzeby odbiorcy i tak\u0105 odpowiedzi\u0105 b\u0119dzie nowy MacBook SE (prawdopodobna nazwa).<\/p>\n<p data-end=\"1871\" data-start=\"1591\">Ma on r\u00f3wnie\u017c wyr\u00f3\u017cnia\u0107 si\u0119 mobilno\u015bci\u0105 i praktycznym podej\u015bciem do codziennej pracy. Kompaktowa konstrukcja i niewielka waga sprawiaj\u0105, \u017ce \u015bwietnie sprawdzi si\u0119 w szkole, na uczelni czy podczas pracy zdalnej. Dzi\u0119ki pe\u0142nemu wsparciu macOS u\u017cytkownicy b\u0119d\u0105 mogli zachowa\u0107 p\u0142ynno\u015b\u0107 i kompatybilno\u015b\u0107 z aplikacjami. Zatem z my\u015bl\u0105 przewodni\u0105 &#8211; od\u00a0bud\u017cetowych modeli dla student\u00f3w po profesjonalne maszyny dla tw\u00f3rc\u00f3w &#8211; przygotujmy si\u0119 na nowe i rewolucyjne rozwi\u0105zania.<\/p>\n<p data-end=\"1871\" data-start=\"1591\">WM<\/p>\n<p>\u0179r\u00f3d\u0142o:<a href=\"\" target=\"_blank\" rel=\"noopener nofollow\"><img decoding=\"async\" class=\"a-image__img\" src=\"https:\/\/www.europesays.com\/pl\/wp-content\/uploads\/2025\/10\/1760541013_801_5ef7bb0f2bddb9.png\" loading=\"lazy\" width=\"100\" height=\"32\"\/><\/a><\/p>\n<p>Podziel si\u0119<\/p>\n<p>Tematy<\/p>\n","protected":false},"excerpt":{"rendered":"2025-11-05 11:25 publikacja2025-11-05 11:25 Podziel si\u0119 Apple szykuje nowego taniego MacBooka z procesorem pochodz\u0105cym z Iphone&#8217;a. Ma on&hellip;\n","protected":false},"author":2,"featured_media":86511,"comment_status":"","ping_status":"","sticky":false,"template":"","format":"standard","meta":{"footnotes":""},"categories":[20],"tags":[120,118,119,42,38,40,39,41,116,114,115,121,117],"class_list":{"0":"post-86510","1":"post","2":"type-post","3":"status-publish","4":"format-standard","5":"has-post-thumbnail","7":"category-nauka-i-technika","8":"tag-nauka","9":"tag-nauka-i-technika","10":"tag-naukatechnika","11":"tag-pl","12":"tag-poland","13":"tag-polish","14":"tag-polska","15":"tag-polski","16":"tag-science","17":"tag-science-and-technology","18":"tag-sciencetechnology","19":"tag-technika","20":"tag-technology"},"share_on_mastodon":{"url":"https:\/\/pubeurope.com\/@pl\/115497853721289038","error":""},"_links":{"self":[{"href":"https:\/\/www.europesays.com\/pl\/wp-json\/wp\/v2\/posts\/86510","targetHints":{"allow":["GET"]}}],"collection":[{"href":"https:\/\/www.europesays.com\/pl\/wp-json\/wp\/v2\/posts"}],"about":[{"href":"https:\/\/www.europesays.com\/pl\/wp-json\/wp\/v2\/types\/post"}],"author":[{"embeddable":true,"href":"https:\/\/www.europesays.com\/pl\/wp-json\/wp\/v2\/users\/2"}],"replies":[{"embeddable":true,"href":"https:\/\/www.europesays.com\/pl\/wp-json\/wp\/v2\/comments?post=86510"}],"version-history":[{"count":0,"href":"https:\/\/www.europesays.com\/pl\/wp-json\/wp\/v2\/posts\/86510\/revisions"}],"wp:featuredmedia":[{"embeddable":true,"href":"https:\/\/www.europesays.com\/pl\/wp-json\/wp\/v2\/media\/86511"}],"wp:attachment":[{"href":"https:\/\/www.europesays.com\/pl\/wp-json\/wp\/v2\/media?parent=86510"}],"wp:term":[{"taxonomy":"category","embeddable":true,"href":"https:\/\/www.europesays.com\/pl\/wp-json\/wp\/v2\/categories?post=86510"},{"taxonomy":"post_tag","embeddable":true,"href":"https:\/\/www.europesays.com\/pl\/wp-json\/wp\/v2\/tags?post=86510"}],"curies":[{"name":"wp","href":"https:\/\/api.w.org\/{rel}","templated":true}]}}