{"id":86543,"date":"2025-11-05T15:58:07","date_gmt":"2025-11-05T15:58:07","guid":{"rendered":"https:\/\/www.europesays.com\/pl\/86543\/"},"modified":"2025-11-05T15:58:07","modified_gmt":"2025-11-05T15:58:07","slug":"lech-walesa-w-szpitalu-wspolpracownik-bylego-prezydenta-wyjasnia-onet-wiadomosci","status":"publish","type":"post","link":"https:\/\/www.europesays.com\/pl\/86543\/","title":{"rendered":"Lech Wa\u0142\u0119sa w szpitalu. Wsp\u00f3\u0142pracownik by\u0142ego prezydenta wyja\u015bnia &#8211; Onet Wiadomo\u015bci"},"content":{"rendered":"<ol>\n<li><a href=\"https:\/\/news.google.com\/rss\/articles\/CBMiswFBVV95cUxNOHdMVTVFaFd3UHU4RldTSnJOblVIMmJsMm40VmdnSHpBSy0yT0VrV1R1a0RoYm5vTkdkcTkzRXpVWC05N0tKVTV0OEJqN0tYb0ZBYnVaVnlxSXQxTDJDdEszU19BSy1oZkN2SXFIM1dQeHZLNVY0WUwxMmZhYkFkMVNRQm5WMXJEM2tHSEtQUVVHZUJzeUc3Z3BNMTFrdU54Mkw2ZEdCTmVWcTBQV3RVQmVNUQ?oc=5\" target=\"_blank\" rel=\"nofollow noopener\">Lech Wa\u0142\u0119sa w szpitalu. Wsp\u00f3\u0142pracownik by\u0142ego prezydenta wyja\u015bnia<\/a>&nbsp;&nbsp;Onet Wiadomo\u015bci<\/li>\n<li><a href=\"https:\/\/news.google.com\/rss\/articles\/CBMitgFBVV95cUxOZkpHUzJibVlEMjhqVjRKMXZLU0w2a1FSRFM1cTRFOVpON0FaNVl1MXlJM1VQQjJPZFctVUpvSkpNNnBRc3AxZXZ3MmdpR05tMV91MkU3dEdzdnRDVVU5WWNYaEVfM2dUWG5rMUJnRF95U1d4VlhJWEpWMDBuZXR1Wk1jUEQzS2tuYkg2MXJpbUdoTmNibnVHeXllV3RHbXhvcXlNRGtGSklLWVU3NlZFajdWSWhQZw?oc=5\" target=\"_blank\" rel=\"nofollow noopener\">Lech Wa\u0142\u0119sa trafi\u0142 do szpitala. Biuro komentuje spraw\u0119<\/a>&nbsp;&nbsp;Wiadomo\u015bci z kraju i ze \u015bwiata &#8211; Dziennik.pl<\/li>\n<li><a href=\"https:\/\/news.google.com\/rss\/articles\/CBMingFBVV95cUxNMXRObzd4LVAwU2kwLXpuUGFhWnU1QnQtazdZbWVMbzIxQmYwVGRsVFZFekoxUDBlSHozeDVhMTh5LURLZGs0YmpWajA5a1BUNWluYkw0b3ZoYmYzS3h2bDQxZXZTem1BSkNCSjlkdWR4dFlSdUluQjk4NTJxSngtMnhZbWZaMGlhYzBzUDhuRUZaTTk1MURUMXotOW9EUQ?oc=5\" target=\"_blank\" rel=\"nofollow noopener\">Lech Wa\u0142\u0119sa w szpitalu. Jest komentarz przedstawiciela jego biura<\/a>&nbsp;&nbsp;Plejada<\/li>\n<li><a href=\"https:\/\/news.google.com\/rss\/articles\/CBMinAFBVV95cUxPY0t0MDNHdWVoSU5vN0Nmc05ZeUszNllTU1FuLXYxTFNLWnVyQl8yanJGdDBhZ0ttcGVHYVpZWHB4eGl4RzJqRzI5SU9UY3lMakVuTjhfdTZMazVJRkhaQzJpMy10cjNoSi1Kcy1abUIwZnhoMHJqZmFUZzFJRFhhTmk4amk0b0VyWC1qM1Rjc1hvbDlRWnZNNFRRMmfSAZcBQVVfeXFMTUk4a1d4bXI1Ym9vS0I4RGdzWExDeEo4WFdsVEhVcHJ1TTg4bGxlQ3pkVWxZUkZMMllJZkZ6YXZXcmFJVXNfeFBVYUJlNk4wQ3BiR0pYOUxDajlOcVc3cUxoZXplVWFsYW96NjdJM2FxVUthT2l6SHFGOEltRnVROU9LcXJWTGdURlE3YTdFTlUxQTR6UjNsaw?oc=5\" target=\"_blank\" rel=\"nofollow noopener\">Wa\u0142\u0119sa zn\u00f3w trafi\u0142 do szpitala. Jest komunikat jego biura<\/a>&nbsp;&nbsp;Do Rzeczy<\/li>\n<li><a href=\"https:\/\/news.google.com\/rss\/articles\/CBMirwFBVV95cUxPRGw3VXp4Ykt6VmpreWJwS1hSMTZDWWZFcWhoeEhZdG1kTUdDdmdDNHFkWXhrQmMzM0VIVHJhTHVsN0xmSkc0TEFlVkk1bHhDMjdDekhWLUw2cGRVWnNxZ1NkWk1JNXVsOG8wR1lWVkZVWVZQcjJ1Q0JUSm1xd1FMcURkSGVFZDIyQ2N1Sm5pQUN3bV96NTcxUHpPV0lhUlRWMHhsM1VxX3l2UmoxNEFV?oc=5\" target=\"_blank\" rel=\"nofollow noopener\">Lech Wa\u0142\u0119sa w szpitalu! Jego biuro skomentowa\u0142o spraw\u0119!<\/a>&nbsp;&nbsp;Polityka Super Express<\/li>\n<\/ol>\n","protected":false},"excerpt":{"rendered":"Lech Wa\u0142\u0119sa w szpitalu. Wsp\u00f3\u0142pracownik by\u0142ego prezydenta wyja\u015bnia&nbsp;&nbsp;Onet Wiadomo\u015bci Lech Wa\u0142\u0119sa trafi\u0142 do szpitala. Biuro komentuje spraw\u0119&nbsp;&nbsp;Wiadomo\u015bci z&hellip;\n","protected":false},"author":2,"featured_media":86544,"comment_status":"","ping_status":"","sticky":false,"template":"","format":"standard","meta":{"footnotes":""},"categories":[12],"tags":[32,33,36,37,27,49,34,35,15511,28,31,48,25,46,42,38,40,39,41,47,29,30,26],"class_list":{"0":"post-86543","1":"post","2":"type-post","3":"status-publish","4":"format-standard","5":"has-post-thumbnail","7":"category-polska","8":"tag-breaking-news","9":"tag-breakingnews","10":"tag-featured-news","11":"tag-featurednews","12":"tag-headlines","13":"tag-kraj","14":"tag-latest-news","15":"tag-latestnews","16":"tag-lech_walesa","17":"tag-naglowki","18":"tag-najwazniejsze-artykuly","19":"tag-nat_styl","20":"tag-news","21":"tag-omp","22":"tag-pl","23":"tag-poland","24":"tag-polish","25":"tag-polska","26":"tag-polski","27":"tag-screening_general","28":"tag-top-stories","29":"tag-topstories","30":"tag-wiadomosci"},"share_on_mastodon":{"url":"https:\/\/pubeurope.com\/@pl\/115497920841920420","error":""},"_links":{"self":[{"href":"https:\/\/www.europesays.com\/pl\/wp-json\/wp\/v2\/posts\/86543","targetHints":{"allow":["GET"]}}],"collection":[{"href":"https:\/\/www.europesays.com\/pl\/wp-json\/wp\/v2\/posts"}],"about":[{"href":"https:\/\/www.europesays.com\/pl\/wp-json\/wp\/v2\/types\/post"}],"author":[{"embeddable":true,"href":"https:\/\/www.europesays.com\/pl\/wp-json\/wp\/v2\/users\/2"}],"replies":[{"embeddable":true,"href":"https:\/\/www.europesays.com\/pl\/wp-json\/wp\/v2\/comments?post=86543"}],"version-history":[{"count":0,"href":"https:\/\/www.europesays.com\/pl\/wp-json\/wp\/v2\/posts\/86543\/revisions"}],"wp:featuredmedia":[{"embeddable":true,"href":"https:\/\/www.europesays.com\/pl\/wp-json\/wp\/v2\/media\/86544"}],"wp:attachment":[{"href":"https:\/\/www.europesays.com\/pl\/wp-json\/wp\/v2\/media?parent=86543"}],"wp:term":[{"taxonomy":"category","embeddable":true,"href":"https:\/\/www.europesays.com\/pl\/wp-json\/wp\/v2\/categories?post=86543"},{"taxonomy":"post_tag","embeddable":true,"href":"https:\/\/www.europesays.com\/pl\/wp-json\/wp\/v2\/tags?post=86543"}],"curies":[{"name":"wp","href":"https:\/\/api.w.org\/{rel}","templated":true}]}}