{"id":86588,"date":"2025-11-05T16:21:09","date_gmt":"2025-11-05T16:21:09","guid":{"rendered":"https:\/\/www.europesays.com\/pl\/86588\/"},"modified":"2025-11-05T16:21:09","modified_gmt":"2025-11-05T16:21:09","slug":"zuzel-nawet-nie-trzeba-bylo-go-namawiac-to-wystarczylo-aby-podpisal-umowe","status":"publish","type":"post","link":"https:\/\/www.europesays.com\/pl\/86588\/","title":{"rendered":"\u017bu\u017cel. Nawet nie trzeba by\u0142o go namawia\u0107. To wystarczy\u0142o, aby podpisa\u0142 umow\u0119"},"content":{"rendered":"\n<p class=\"contentpart contentpart--default contentpart--text\" data-position=\"0\">Zaledwie kilkadziesi\u0105t godzin min\u0119\u0142o od pierwszych rozm\u00f3w do podania sobie r\u0119ki pomi\u0119dzy <a href=\"https:\/\/sportowefakty.wp.pl\/zuzel\/tomasz-gapinski\" rel=\"nofollow noopener\" target=\"_blank\">Tomaszem Gapi\u0144skim<\/a>\u00a0a dzia\u0142aczami <a href=\"https:\/\/sportowefakty.wp.pl\/zuzel\/moonfin-malesa-ostrow\" rel=\"nofollow noopener\" target=\"_blank\">Moonfin Malesy<\/a>. 43-latek w poniedzia\u0142ek zdradzi\u0142 nam, \u017ce ostrowianie faktycznie si\u0119 z nim kontaktowali. Jak si\u0119 okazuje, jeszcze tego samego dnia wieczorem Andrzej Garcarek zaprosi\u0142 go na herbat\u0119 o godzinie 9 we wtorek. Niewiele p\u00f3\u017aniej klub oficjalnie poinformowa\u0142, \u017ce br\u0105zowy medalista Indywidualnych Mistrzostw Polski z 2015 roku zasili sztab szkoleniowy dru\u017cyny.<\/p>\n<p> <img role=\"presentation\" src=\"https:\/\/std.wpcdn.pl\/images\/adv\/placeholder_wp.svg\" loading=\"lazy\" alt=\"\" decoding=\"async\"\/>  <\/p>\n<p class=\"contentpart contentpart--default contentpart--text\" data-position=\"1\">&#8211; Gdy zadzwonili pan Andrzej oraz prezes Waldemar G\u00f3rski i kiedy zobaczy\u0142em pana Jana Garcarka po chorobie, to ju\u017c wiedzieli\u015bmy, \u017ce si\u0119 porozumiemy. Powspominali\u015bmy stare dobre czasy. B\u0119dziemy te\u017c chcieli do nich wr\u00f3ci\u0107, przygotowa\u0107 tor do walki, aby kibice mieli mo\u017ce wi\u0119ksz\u0105 frajd\u0119 &#8211; przyznaje w rozmowie z WP SportoweFakty Gapi\u0144ski.<\/p>\n<p class=\"contentpart contentpart--default contentpart--text\" data-position=\"2\">ZOBACZ WIDEO: Prezes Gezet Stali Gorz\u00f3w o ratowaniu klubu. &#8222;Je\u017celi kto\u015b tak my\u015bla\u0142, to by\u0142 w b\u0142\u0119dzie&#8221;<\/p>\n<p class=\"contentpart contentpart--default contentpart--text\" data-position=\"4\">W oficjalnym komunikacie nie podano jednak\u017ce, jak\u0105 dok\u0142adnie rol\u0119 b\u0119dzie pe\u0142ni\u0142 pilanin. I co ciekawe &#8211; on sam tego jeszcze nie wie. Jak wyjawia, istnieje mo\u017cliwo\u015b\u0107, \u017ce b\u0119dzie si\u0119\u00a0r\u00f3wnocze\u015bnie zajmowa\u0142 prowadzeniem pierwszej dru\u017cyny oraz szkoleniem m\u0142odzie\u017cy. Drug\u0105 opcj\u0105 jest oczywi\u015bcie skupienie si\u0119 wy\u0142\u0105cznie na jednej z tych dw\u00f3ch funkcji. Wszystko zale\u017cy od tego, jak u\u0142o\u017c\u0105 si\u0119 rozmowy z innymi kandydatami.<\/p>\n<p class=\"contentpart contentpart--default contentpart--text\" data-position=\"5\">&#8211; Dzia\u0142amy, potrzeba jeszcze tygodnia lub dw\u00f3ch. Za szybko, \u017ceby co\u015b wi\u0119cej powiedzie\u0107. Budujemy na nowo sztab szkoleniowy i szukamy mechanik\u00f3w klubowych &#8211; m\u00f3wi 43-latek, jednocze\u015bnie dodaj\u0105c, \u017ce sam r\u00f3wnie\u017c wykona\u0142 ju\u017c pewne telefony.<\/p>\n<p> <img role=\"presentation\" src=\"https:\/\/std.wpcdn.pl\/images\/adv\/placeholder_wp.svg\" loading=\"lazy\" alt=\"\" decoding=\"async\"\/>  <\/p>\n<p class=\"contentpart contentpart--default contentpart--text\" data-position=\"6\">W Moonfin Malesie chc\u0105 teraz zbudowa\u0107 dobre zaplecze, kt\u00f3re przede wszystkim ma wspiera\u0107 najm\u0142odszych zawodnik\u00f3w zespo\u0142u. W planach przysz\u0142otygodniowych jest tak\u017ce spotkanie, g\u0142\u00f3wnie z my\u015bl\u0105 o m\u0142odzie\u017cowcach. Celem jest ich uspokojenie i poinformowanie, \u017ce b\u0119d\u0105 szli takim tokiem rozwoju jak do tej pory. Nakre\u015blony zostanie te\u017c plan dzia\u0142ania.<\/p>\n<p class=\"contentpart contentpart--default contentpart--text\" data-position=\"7\">Tomasz Gapi\u0144ski podpisze z Moonfin Males\u0105 jeszcze jedn\u0105 umow\u0119. Konkretnie chodzi o &#8222;kontrakt warszawski&#8221;. W\u00a0gr\u0119 jednak nie wchodzi ewentualne p\u00f3\u017aniejsze wypo\u017cyczenie do innego klubu. Pilanin b\u0119dzie dost\u0119pny tylko dla ostrowian. Ma on pe\u0142ni\u0107 zabezpieczenie, gdyby w kt\u00f3ry\u015b z senior\u00f3w odni\u00f3s\u0142 kontuzj\u0119 (wi\u0119cej <a href=\"https:\/\/sportowefakty.wp.pl\/zuzel\/1218103\/zuzel-moonfin-malesa-wyciaga-lekcje-bedzie-szosty-senior-w-zespole\" rel=\"nofollow noopener\" target=\"blank\">TUTAJ<\/a>).<\/p>\n<p class=\"contentpart contentpart--default contentpart--text\" data-position=\"8\">Mateusz Kmiecik, dziennikarz WP SportoweFakty<\/p>\n","protected":false},"excerpt":{"rendered":"Zaledwie kilkadziesi\u0105t godzin min\u0119\u0142o od pierwszych rozm\u00f3w do podania sobie r\u0119ki pomi\u0119dzy Tomaszem Gapi\u0144skim\u00a0a dzia\u0142aczami Moonfin Malesy. 43-latek&hellip;\n","protected":false},"author":2,"featured_media":86589,"comment_status":"","ping_status":"","sticky":false,"template":"","format":"standard","meta":{"footnotes":""},"categories":[24],"tags":[979,1329,2852,42,38,40,39,41,127,126,20464,20465,174],"class_list":{"0":"post-86588","1":"post","2":"type-post","3":"status-publish","4":"format-standard","5":"has-post-thumbnail","7":"category-sport","8":"tag-metalkas-2-ekstraliga","9":"tag-moonfin-malesa-ostrow","10":"tag-ostrow-wielkopolski","11":"tag-pl","12":"tag-poland","13":"tag-polish","14":"tag-polska","15":"tag-polski","16":"tag-sport","17":"tag-sports","18":"tag-stadion-miejski-w-ostrowie-wielkopolskim","19":"tag-tomasz-gapinski","20":"tag-zuzel"},"share_on_mastodon":{"url":"https:\/\/pubeurope.com\/@pl\/115498011061530851","error":""},"_links":{"self":[{"href":"https:\/\/www.europesays.com\/pl\/wp-json\/wp\/v2\/posts\/86588","targetHints":{"allow":["GET"]}}],"collection":[{"href":"https:\/\/www.europesays.com\/pl\/wp-json\/wp\/v2\/posts"}],"about":[{"href":"https:\/\/www.europesays.com\/pl\/wp-json\/wp\/v2\/types\/post"}],"author":[{"embeddable":true,"href":"https:\/\/www.europesays.com\/pl\/wp-json\/wp\/v2\/users\/2"}],"replies":[{"embeddable":true,"href":"https:\/\/www.europesays.com\/pl\/wp-json\/wp\/v2\/comments?post=86588"}],"version-history":[{"count":0,"href":"https:\/\/www.europesays.com\/pl\/wp-json\/wp\/v2\/posts\/86588\/revisions"}],"wp:featuredmedia":[{"embeddable":true,"href":"https:\/\/www.europesays.com\/pl\/wp-json\/wp\/v2\/media\/86589"}],"wp:attachment":[{"href":"https:\/\/www.europesays.com\/pl\/wp-json\/wp\/v2\/media?parent=86588"}],"wp:term":[{"taxonomy":"category","embeddable":true,"href":"https:\/\/www.europesays.com\/pl\/wp-json\/wp\/v2\/categories?post=86588"},{"taxonomy":"post_tag","embeddable":true,"href":"https:\/\/www.europesays.com\/pl\/wp-json\/wp\/v2\/tags?post=86588"}],"curies":[{"name":"wp","href":"https:\/\/api.w.org\/{rel}","templated":true}]}}