{"id":86968,"date":"2025-11-05T20:21:09","date_gmt":"2025-11-05T20:21:09","guid":{"rendered":"https:\/\/www.europesays.com\/pl\/86968\/"},"modified":"2025-11-05T20:21:09","modified_gmt":"2025-11-05T20:21:09","slug":"w-innych-kosmetykach-tyle-biotyny-nie-znajdziesz-nigdy-nie-mialam-tyle-baby-hair","status":"publish","type":"post","link":"https:\/\/www.europesays.com\/pl\/86968\/","title":{"rendered":"W innych kosmetykach tyle biotyny nie znajdziesz. &#8222;Nigdy nie mia\u0142am tyle baby hair!&#8221;"},"content":{"rendered":"<p>Produkty z biotyn\u0105 ciesz\u0105 si\u0119 coraz wi\u0119ksz\u0105 popularno\u015bci\u0105 i nic dziwnego. Bosko wzmacniaj\u0105, od\u017cywiaj\u0105, a w efekcie zag\u0119szczaj\u0105 w\u0142osy. Zastanawiasz si\u0119, po jaki kosmetyk si\u0119gn\u0105\u0107, by twoja fryzura odzyska\u0142a dawn\u0105 obj\u0119to\u015b\u0107, a przy linii czo\u0142a pojawi\u0142o si\u0119 mn\u00f3stwo baby hair? Postaw na kuracj\u0119 w s\u0142oiku za 19 z\u0142, kt\u00f3ra sprawi, \u017ce twoje w\u0142osy stan\u0105 si\u0119 g\u0119stsze ni\u017c kiedykolwiek wcze\u015bniej!<\/p>\n<p class=\"paragraph\">W tek\u015bcie i na zdj\u0119ciach umieszczono linki reklamowe naszego partnera.<\/p>\n<p class=\"paragraph\">Ma du\u017co wi\u0119cej biotyny ni\u017c wi\u0119kszo\u015b\u0107 produkt\u00f3w do w\u0142os\u00f3w, kosztuje grosze, spektakularnie zag\u0119szcza pasma. Ta kuracja zamkni\u0119ta w s\u0142oiku jest ma\u0142o znana, a szkoda. Powsta\u0142a specjalnie z my\u015bl\u0105 o przerzedzonych, cienkich, oklapni\u0119tych i nadmiernie wypadaj\u0105cych w\u0142osach. Jest w formie maski, pi\u0119knie pachnie, ma fajn\u0105 konsystencj\u0119. Dzia\u0142a jak od\u017cywczy kompost, dopinguje w\u0142osy do wzrostu. Efekt? Wysyp baby hair na ca\u0142ej g\u0142owie i kosmiczna obj\u0119to\u015b\u0107.<\/p>\n<p class=\"paragraph\">Maska bazuje na du\u017cej ilo\u015bci biotyny. To cenny sk\u0142adnik, kt\u00f3ry inaczej jest znany jako witamina B7. Wspiera prawid\u0142owe funkcjonowanie kom\u00f3rek sk\u00f3ry i mieszk\u00f3w w\u0142osowych, a dodatkowo:<\/p>\n<ul>\n<li>wzmacnia struktur\u0119 w\u0142osa,<\/li>\n<li>zmniejsza wypadanie,<\/li>\n<li>wspiera regeneracj\u0119 sk\u00f3ry g\u0142owy,<\/li>\n<li>poprawia elastyczno\u015b\u0107 pasm i przywraca im naturalny blask.<\/li>\n<\/ul>\n<p class=\"paragraph\">Produkt wystarczy rozprowadzi\u0107 na wilgotnych w\u0142osach i sk\u00f3rze g\u0142owy, odczeka\u0107 5 minut, a nast\u0119pnie zmy\u0107 letni\u0105 wod\u0105. Gotowe! Ten hit potwierdza, \u017ce dobry kosmetyk wspieraj\u0105cy kondycj\u0119 w\u0142os\u00f3w wcale nie musi kosztowa\u0107 fortuny. <\/p>\n<p>        Do kompletu zag\u0119szczaj\u0105ca wcierka naszpikowana czyst\u0105 biotyn\u0105<\/p>\n<p class=\"paragraph\">Chcesz wzmocni\u0107 efekty dzia\u0142ania kuracji z biotynow\u0105 mask\u0105? W\u0142\u0105cz do piel\u0119gnacji wcierk\u0119 z czyst\u0105 biotyn\u0105. To eliksir, kt\u00f3ry wzmocni w\u0142osy od \u015brodka. Zasili macierz w\u0142osa w biodost\u0119pn\u0105 siark\u0119 i cebulki w sk\u0142adniki od\u017cywcze. Mo\u017cna j\u0105 stosowa\u0107 codziennie, bo ma leciutk\u0105 formu\u0142\u0119, kt\u00f3ra nie obci\u0105\u017ca i nie przet\u0142uszcza fryzury.<\/p>\n<p class=\"paragraph\">Wcierka dzia\u0142a na w\u0142osy od samej nasady. Zosta\u0142a zamkni\u0119ta w szklanej buteleczce z wygodnym aplikatorem, wi\u0119c jej nak\u0142adanie jest proste i szybkie. Stosowana regularnie sprawi, \u017ce po\u017cegnasz zakola i przerzedzenia przy linii czo\u0142a.<\/p>\n<p class=\"paragraph\">Sprawd\u017a te\u017c kolageny, kt\u00f3re korzystnie wp\u0142yn\u0105 na stan w\u0142os\u00f3w, sk\u00f3ry i paznokci:<\/p>\n<p class=\"paragraph\">W tek\u015bcie i na zdj\u0119ciach umieszczono linki reklamowe naszego partnera.<\/p>\n","protected":false},"excerpt":{"rendered":"Produkty z biotyn\u0105 ciesz\u0105 si\u0119 coraz wi\u0119ksz\u0105 popularno\u015bci\u0105 i nic dziwnego. Bosko wzmacniaj\u0105, od\u017cywiaj\u0105, a w efekcie zag\u0119szczaj\u0105&hellip;\n","protected":false},"author":2,"featured_media":86969,"comment_status":"","ping_status":"","sticky":false,"template":"","format":"standard","meta":{"footnotes":""},"categories":[20],"tags":[120,118,119,42,38,40,39,41,116,114,115,121,117],"class_list":{"0":"post-86968","1":"post","2":"type-post","3":"status-publish","4":"format-standard","5":"has-post-thumbnail","7":"category-nauka-i-technika","8":"tag-nauka","9":"tag-nauka-i-technika","10":"tag-naukatechnika","11":"tag-pl","12":"tag-poland","13":"tag-polish","14":"tag-polska","15":"tag-polski","16":"tag-science","17":"tag-science-and-technology","18":"tag-sciencetechnology","19":"tag-technika","20":"tag-technology"},"share_on_mastodon":{"url":"https:\/\/pubeurope.com\/@pl\/115498954438147089","error":""},"_links":{"self":[{"href":"https:\/\/www.europesays.com\/pl\/wp-json\/wp\/v2\/posts\/86968","targetHints":{"allow":["GET"]}}],"collection":[{"href":"https:\/\/www.europesays.com\/pl\/wp-json\/wp\/v2\/posts"}],"about":[{"href":"https:\/\/www.europesays.com\/pl\/wp-json\/wp\/v2\/types\/post"}],"author":[{"embeddable":true,"href":"https:\/\/www.europesays.com\/pl\/wp-json\/wp\/v2\/users\/2"}],"replies":[{"embeddable":true,"href":"https:\/\/www.europesays.com\/pl\/wp-json\/wp\/v2\/comments?post=86968"}],"version-history":[{"count":0,"href":"https:\/\/www.europesays.com\/pl\/wp-json\/wp\/v2\/posts\/86968\/revisions"}],"wp:featuredmedia":[{"embeddable":true,"href":"https:\/\/www.europesays.com\/pl\/wp-json\/wp\/v2\/media\/86969"}],"wp:attachment":[{"href":"https:\/\/www.europesays.com\/pl\/wp-json\/wp\/v2\/media?parent=86968"}],"wp:term":[{"taxonomy":"category","embeddable":true,"href":"https:\/\/www.europesays.com\/pl\/wp-json\/wp\/v2\/categories?post=86968"},{"taxonomy":"post_tag","embeddable":true,"href":"https:\/\/www.europesays.com\/pl\/wp-json\/wp\/v2\/tags?post=86968"}],"curies":[{"name":"wp","href":"https:\/\/api.w.org\/{rel}","templated":true}]}}