{"id":87082,"date":"2025-11-05T21:38:09","date_gmt":"2025-11-05T21:38:09","guid":{"rendered":"https:\/\/www.europesays.com\/pl\/87082\/"},"modified":"2025-11-05T21:38:09","modified_gmt":"2025-11-05T21:38:09","slug":"spojrzcie-dzis-w-niebo-czeka-nas-absolutnie-wyjatkowa-pelnia-ksiezyc-bobra-bedzie-niesamowicie-duzy-i-jasny-wroclaw-pl","status":"publish","type":"post","link":"https:\/\/www.europesays.com\/pl\/87082\/","title":{"rendered":"Sp\u00f3jrzcie dzi\u015b w niebo, czeka nas absolutnie wyj\u0105tkowa pe\u0142nia! Ksi\u0119\u017cyc Bobra b\u0119dzie niesamowicie du\u017cy i jasny &#8211; wroclaw.pl"},"content":{"rendered":"<ol>\n<li><a href=\"https:\/\/news.google.com\/rss\/articles\/CBMiowFBVV95cUxNQV9KMU9xRWpiX2NoUTR3aHJhZzlYUVk3QlF0UVhqTmdCSDkwVXk5OTZmcHdlcDQ3bzdDUzVtdGFub1NNS1ljM3lyNzJqR2JOVUpKeWk2RVRQS3ZkZXhjNmw0YkVxZjZJTjF1YlVDUTR3WE9vZU0wdzhSemp0ZzM0UV9SMFhHeHV3YUphWlJmY2lQa3pSTGF2LW9hSEZ2TkpGVmhr?oc=5\" target=\"_blank\" rel=\"nofollow noopener\">Sp\u00f3jrzcie dzi\u015b w niebo, czeka nas absolutnie wyj\u0105tkowa pe\u0142nia! Ksi\u0119\u017cyc Bobra b\u0119dzie niesamowicie du\u017cy i jasny<\/a>&nbsp;&nbsp;wroclaw.pl<\/li>\n<li><a href=\"https:\/\/news.google.com\/rss\/articles\/CBMiugFBVV95cUxOZGx3ZHR2SkpRbGNtWUhxZFdvQWMxdktyb19CMm0wSXk1d0NLV2I3WFRxbF9UX1JsZ3QtdTlTS2RLTnpBb25uZEtrRkN3UG1DUkVucVlxbFprS0dWOVFNNW1MUWQ1dW0ybU5LWHhKQnNndldIdi03bktrcUVDYTQ5Z3B6V2lYeHY3YXZ3akxQX3o5WkQ3OUFqMG5GcHA0a1lva0R4Ujk2Z3V5WVkzRUZQbkNKR0VsQzVzVHc?oc=5\" target=\"_blank\" rel=\"nofollow noopener\">Dzi\u015b w nocy warto spojrze\u0107 w niebo. &#8222;Bobrowy Ksi\u0119\u017cyc znajdzie si\u0119 w superpe\u0142ni<\/a>&nbsp;&nbsp;Wydarzenia w INTERIA.PL<\/li>\n<li><a href=\"https:\/\/news.google.com\/rss\/articles\/CBMizAFBVV95cUxPaG5RVjRqNFJJUEVLN2RxTzR6ZjdrOElDd0ZPZl9BVG80eGhNX2JwU0UwWGJwVEpfaTczR1hnd2pjclR4WHFpcWhzS0JhM2doZVV1R1JMcUlJWTVJeEx0cHdDRUd5VmYwWF9JMV95UnNua0NSZzZIZ2Q1SmpuaE9xamgxLVN2bTRFblprTV80d0FNbEY3Z3VUQm1ta19uNjdoTVBpSFRYc0VaOTB4dThwTTVwZzVaM2toSFBPWkI4T0FpdFFkQWhEY1hpcHg?oc=5\" target=\"_blank\" rel=\"nofollow noopener\">Zbli\u017ca si\u0119 najwi\u0119ksza i najja\u015bniejsza pe\u0142nia w 2025 roku. Kiedy i gdzie obserwowa\u0107 Ksi\u0119\u017cyc?<\/a>&nbsp;&nbsp;national-geographic.pl<\/li>\n<li><a href=\"https:\/\/news.google.com\/rss\/articles\/CBMivgFBVV95cUxPaEJKVFhSNzRzOGJvYy1wWC1jakFkZXhadUM5R010VzRPS1FlVDlaRTFGYU96X3lOWExvd1NhRXdScUx0R01LSklMQk81NVVweHVJdmozalVBXzF2SUNNNU4yNGVzellQdmNieW9CX0l6QzZRSzNlaDljSTk1c3JNSVEzTk9KemFfNmNXSGNNdnFMN1JwX0xmWEZiQkF6OUYzVUFQZ3luNjRyeHJfbUpWMElwQXdFc2lJdko2clBB?oc=5\" target=\"_blank\" rel=\"nofollow noopener\">Pe\u0142nia Ksi\u0119\u017cyca Bobr\u00f3w 2025. Najja\u015bniejsza pe\u0142nia w roku. Zdj\u0119cia<\/a>&nbsp;&nbsp;TVN24<\/li>\n<li><a href=\"https:\/\/news.google.com\/rss\/articles\/CBMiwAFBVV95cUxOZ21CZzV5NmpJV3NIUWlURDRnYnFNYjZxZlppNVZUb1NXekdMMnhOU1VRVXo2REN2aXdPLUVjNG5tcEViMHhIbHFYY3JWMjVWSGs1YlU1UHMwN21JWVhWS0lCTmdjUXpza0QzcW16alZLYWlEZjZTZ241S05QQWd4VG42UjZOMThpSEQtbXM1Um9mVnJncGNIZ1Y3N2xSVEhKbXZyYTUyTTV4dEVlVURmR2ZrTUhVS3dYOGNaQ0VTNF8?oc=5\" target=\"_blank\" rel=\"nofollow noopener\">Pe\u0142nia Bobra nad Tr\u00f3jmiastem. Dwa ciekawe miejsca do obserwacji<\/a>&nbsp;&nbsp;Trojmiasto.pl<\/li>\n<\/ol>\n","protected":false},"excerpt":{"rendered":"Sp\u00f3jrzcie dzi\u015b w niebo, czeka nas absolutnie wyj\u0105tkowa pe\u0142nia! Ksi\u0119\u017cyc Bobra b\u0119dzie niesamowicie du\u017cy i jasny&nbsp;&nbsp;wroclaw.pl Dzi\u015b w&hellip;\n","protected":false},"author":2,"featured_media":78377,"comment_status":"","ping_status":"","sticky":false,"template":"","format":"standard","meta":{"footnotes":""},"categories":[20],"tags":[120,118,119,42,38,40,39,41,116,114,115,121,117],"class_list":{"0":"post-87082","1":"post","2":"type-post","3":"status-publish","4":"format-standard","5":"has-post-thumbnail","7":"category-nauka-i-technika","8":"tag-nauka","9":"tag-nauka-i-technika","10":"tag-naukatechnika","11":"tag-pl","12":"tag-poland","13":"tag-polish","14":"tag-polska","15":"tag-polski","16":"tag-science","17":"tag-science-and-technology","18":"tag-sciencetechnology","19":"tag-technika","20":"tag-technology"},"share_on_mastodon":{"url":"https:\/\/pubeurope.com\/@pl\/115499257262249332","error":""},"_links":{"self":[{"href":"https:\/\/www.europesays.com\/pl\/wp-json\/wp\/v2\/posts\/87082","targetHints":{"allow":["GET"]}}],"collection":[{"href":"https:\/\/www.europesays.com\/pl\/wp-json\/wp\/v2\/posts"}],"about":[{"href":"https:\/\/www.europesays.com\/pl\/wp-json\/wp\/v2\/types\/post"}],"author":[{"embeddable":true,"href":"https:\/\/www.europesays.com\/pl\/wp-json\/wp\/v2\/users\/2"}],"replies":[{"embeddable":true,"href":"https:\/\/www.europesays.com\/pl\/wp-json\/wp\/v2\/comments?post=87082"}],"version-history":[{"count":0,"href":"https:\/\/www.europesays.com\/pl\/wp-json\/wp\/v2\/posts\/87082\/revisions"}],"wp:featuredmedia":[{"embeddable":true,"href":"https:\/\/www.europesays.com\/pl\/wp-json\/wp\/v2\/media\/78377"}],"wp:attachment":[{"href":"https:\/\/www.europesays.com\/pl\/wp-json\/wp\/v2\/media?parent=87082"}],"wp:term":[{"taxonomy":"category","embeddable":true,"href":"https:\/\/www.europesays.com\/pl\/wp-json\/wp\/v2\/categories?post=87082"},{"taxonomy":"post_tag","embeddable":true,"href":"https:\/\/www.europesays.com\/pl\/wp-json\/wp\/v2\/tags?post=87082"}],"curies":[{"name":"wp","href":"https:\/\/api.w.org\/{rel}","templated":true}]}}