{"id":87085,"date":"2025-11-05T21:42:11","date_gmt":"2025-11-05T21:42:11","guid":{"rendered":"https:\/\/www.europesays.com\/pl\/87085\/"},"modified":"2025-11-05T21:42:11","modified_gmt":"2025-11-05T21:42:11","slug":"kontrowersje-wokol-ksiazki-o-profesorze-zembali-zona-zabiera-glos","status":"publish","type":"post","link":"https:\/\/www.europesays.com\/pl\/87085\/","title":{"rendered":"Kontrowersje wok\u00f3\u0142 ksi\u0105\u017cki o profesorze Zembali. \u017bona zabiera g\u0142os"},"content":{"rendered":"<p class=\"ods-c-paragraph \">\u017bona by\u0142ego ministra zdrowia i wybitnego kardiochirurga, kt\u00f3ry przez wiele lat kierowa\u0142 \u015al\u0105skim Centrum Chor\u00f3b Serca w Zabrzu, opublikowa\u0142a w mediach spo\u0142eczno\u015bciowych post, w kt\u00f3rym odnios\u0142a si\u0119 do ksi\u0105\u017cki &#8222;Zembala. Szpital to ja. Historia s\u0142ynnego kardiochirurga&#8221; autorstwa Judyty Wato\u0142y i Dariusza Kortki. Hanna Zembala podkre\u015bli\u0142a, \u017ce wraz z rodzin\u0105 mia\u0142a w\u0105tpliwo\u015bci, co do biografii jeszcze zanim zosta\u0142a napisana. Z tego powodu nie wzi\u0119\u0142a udzia\u0142u w przedsi\u0119wzi\u0119ciu, co wi\u0119cej napisa\u0142a w tej sprawie list do autor\u00f3w.<\/p>\n<p> Dlaczego Hanna Zembala krytykuje biografi\u0119 swojego m\u0119\u017ca? <\/p>\n<p> Jakie obawy mia\u0142a Hanna Zembala przed napisaniem biografii? <\/p>\n<p> Co Hanna Zembala s\u0105dzi o intencjach autor\u00f3w ksi\u0105\u017cki? <\/p>\n<p> Jakie zarzuty Hanna Zembala postawi\u0142a autorom biografii? <\/p>\n<p>  Hanna Zembala o biografii m\u0119\u017ca<\/p>\n<p class=\"ods-c-paragraph \">&#8222;W li\u015bcie do pani redaktor Wato\u0142y i pana redaktora Kortki jasno przedstawili\u015bmy nasze stanowisko i w\u0105tpliwo\u015bci. Jako, \u017ce pani Wato\u0142a wielokrotnie pisa\u0142a o naszym Bliskim \u0142ami\u0105c zasady etyki, obiektywizmu i rzetelno\u015bci zawodowej (kt\u00f3re przecie\u017c powinny obowi\u0105zywa\u0107 dziennikarzy!), mieli\u015bmy obawy, \u017ce przygotowana z udzia\u0142em tej dziennikarki biografia b\u0119dzie r\u00f3wnie\u017c tych warto\u015bci pozbawiona, s\u0142u\u017c\u0105c celom zgo\u0142a innym ni\u017c przybli\u017cenie postaci mojego m\u0119\u017ca i \u017ce tak nieobiektywny g\u0142os mo\u017ce naruszy\u0107 nasze dobra osobiste&#8221; (pisownia orygnalna) \u2014 napisa\u0142a.<\/p>\n<p class=\"ods-c-paragraph \">Hanna Zembala uwa\u017ca, \u017ce ksi\u0105\u017cka nie zosta\u0142a napisana w dobrej wierze, a po to, aby oczerni\u0107 profesora i powieli\u0107 kolejne nieprawdziwe informacje na jego temat.<\/p>\n<p class=\"ods-c-paragraph \">&#8222;Ksi\u0105\u017cka by\u0142a tylko pretekstem do tego, aby Pani redaktor mog\u0142a da\u0107 dalszy upust swoim negatywnym emocjom, by m\u00f3c wypu\u015bci\u0107 now\u0105 fal\u0119 nieprawdziwych, wybi\u00f3rczych i zmanipulowanych informacji. Wszystko po to, by dalej niszczy\u0107 i deprecjonowa\u0107 mojego m\u0119\u017ca \u2014 jako lekarza, wieloletniego dyrektora szpitala, a przede wszystkim \u2014 jako cz\u0142owieka&#8221; \u2014 doda\u0142a.<\/p>\n<p class=\"ods-c-paragraph \">Wymieni\u0142a tak\u017ce najwa\u017cniejsze nie\u015bcis\u0142o\u015bci dotycz\u0105ce profesora Zembali i jego dzia\u0142a\u0144 jako lekarza, dyrektora szpitala czy polityka. Oskar\u017cy\u0142a autor\u00f3w biografii, \u017ce przypisuj\u0105 jej m\u0119\u017cowi &#8222;kompleks Religii&#8221; oraz negatywne zachowania wobec swoich podw\u0142adnych i pacjent\u00f3w.<\/p>\n<p class=\"ods-c-paragraph \">&#8222;Prywatna wojna, obsesja Pani Wato\u0142y na punkcie mojego m\u0119\u017ca, mojej rodziny realizowana za pomoc\u0105 medi\u00f3w, do kt\u00f3rych ma dost\u0119p, przekroczy\u0142a ju\u017c wszelkie granice normalno\u015bci i przyzwoito\u015bci. Mam wra\u017cenie, \u017ce agresja, jad, hejt wymkn\u0119\u0142y si\u0119 spod kontroli&#8221; \u2014 napisa\u0142a Hanna Zembala.<\/p>\n<p class=\"ods-c-paragraph \">\u017bona kardiochirurga nie szcz\u0119dzi\u0142a s\u0142\u00f3w krytyki tak\u017ce by\u0142ym wsp\u00f3\u0142pracownikom m\u0119\u017ca, kt\u00f3rzy nie protestowali i nie zabrali g\u0142osu w sprawie Mariana Zembali. Przypomnia\u0142a, \u017ce jej m\u0105\u017c, wraz z Andrzejem Bochenkiem, by\u0142 w zespole prof. Zbigniewa Religi podczas pierwszego udanego przeszczepu serca w Polsce.<\/p>\n<p class=\"ods-c-paragraph \">&#8222;Dorobek \u017cycia mojego m\u0119\u017ca, jego osi\u0105gni\u0119cia, wreszcie jego po\u015bwi\u0119cenie s\u0105 wymazywane. Historia pisana jest na nowo. Zbli\u017caj\u0105ca si\u0119 rocznica 40. pierwszego przeszczepu serca jest tego kolejnym dowodem. Mimo, \u017ce Marian Zembala by\u0142 obok Prof. Bochenka najbli\u017cszym wsp\u00f3\u0142pracownikiem Prof. Religi podczas pierwszej transplantacji serca, odnosz\u0119 wra\u017cenie, \u017ce jego nazwisko zaczyna by\u0107 w Zabrzu pomijane a jego rola w tym wydarzeniu \u2014 marginalizowana. Smutne&#8221; \u2014 napisa\u0142a.<\/p>\n<p class=\"ods-c-paragraph \">Hanna Zembala doda\u0142a tak\u017ce, \u017ce &#8222;brak reakcji oznacza przyzwolenie&#8221;. &#8222;Oby za chwil\u0119 takie dzia\u0142ania nie dotkn\u0119\u0142y Pan\u00f3w i Pa\u0144stwa Bliskich. Precedens zosta\u0142 ju\u017c stworzony&#8221; \u2014 przestrzeg\u0142a.<\/p>\n","protected":false},"excerpt":{"rendered":"\u017bona by\u0142ego ministra zdrowia i wybitnego kardiochirurga, kt\u00f3ry przez wiele lat kierowa\u0142 \u015al\u0105skim Centrum Chor\u00f3b Serca w Zabrzu,&hellip;\n","protected":false},"author":2,"featured_media":87086,"comment_status":"","ping_status":"","sticky":false,"template":"","format":"standard","meta":{"footnotes":""},"categories":[5],"tags":[20533,32,33,36,37,27,5463,34,35,20532,28,31,48,25,46,42,38,40,39,41,47,29,30,26],"class_list":{"0":"post-87085","1":"post","2":"type-post","3":"status-publish","4":"format-standard","5":"has-post-thumbnail","7":"category-naglowki","8":"tag-biografia","9":"tag-breaking-news","10":"tag-breakingnews","11":"tag-featured-news","12":"tag-featurednews","13":"tag-headlines","14":"tag-kardiologia","15":"tag-latest-news","16":"tag-latestnews","17":"tag-marian_zembala","18":"tag-naglowki","19":"tag-najwazniejsze-artykuly","20":"tag-nat_styl","21":"tag-news","22":"tag-omp","23":"tag-pl","24":"tag-poland","25":"tag-polish","26":"tag-polska","27":"tag-polski","28":"tag-screening_general","29":"tag-top-stories","30":"tag-topstories","31":"tag-wiadomosci"},"share_on_mastodon":{"url":"https:\/\/pubeurope.com\/@pl\/115499273074227700","error":""},"_links":{"self":[{"href":"https:\/\/www.europesays.com\/pl\/wp-json\/wp\/v2\/posts\/87085","targetHints":{"allow":["GET"]}}],"collection":[{"href":"https:\/\/www.europesays.com\/pl\/wp-json\/wp\/v2\/posts"}],"about":[{"href":"https:\/\/www.europesays.com\/pl\/wp-json\/wp\/v2\/types\/post"}],"author":[{"embeddable":true,"href":"https:\/\/www.europesays.com\/pl\/wp-json\/wp\/v2\/users\/2"}],"replies":[{"embeddable":true,"href":"https:\/\/www.europesays.com\/pl\/wp-json\/wp\/v2\/comments?post=87085"}],"version-history":[{"count":0,"href":"https:\/\/www.europesays.com\/pl\/wp-json\/wp\/v2\/posts\/87085\/revisions"}],"wp:featuredmedia":[{"embeddable":true,"href":"https:\/\/www.europesays.com\/pl\/wp-json\/wp\/v2\/media\/87086"}],"wp:attachment":[{"href":"https:\/\/www.europesays.com\/pl\/wp-json\/wp\/v2\/media?parent=87085"}],"wp:term":[{"taxonomy":"category","embeddable":true,"href":"https:\/\/www.europesays.com\/pl\/wp-json\/wp\/v2\/categories?post=87085"},{"taxonomy":"post_tag","embeddable":true,"href":"https:\/\/www.europesays.com\/pl\/wp-json\/wp\/v2\/tags?post=87085"}],"curies":[{"name":"wp","href":"https:\/\/api.w.org\/{rel}","templated":true}]}}