{"id":87094,"date":"2025-11-05T21:50:07","date_gmt":"2025-11-05T21:50:07","guid":{"rendered":"https:\/\/www.europesays.com\/pl\/87094\/"},"modified":"2025-11-05T21:50:07","modified_gmt":"2025-11-05T21:50:07","slug":"club-brugge-fc-barcelona-relacja-na-zywo-przeglad-sportowy-onet","status":"publish","type":"post","link":"https:\/\/www.europesays.com\/pl\/87094\/","title":{"rendered":"Club Brugge &#8211; FC Barcelona [RELACJA NA \u017bYWO] &#8211; Przegl\u0105d Sportowy Onet"},"content":{"rendered":"<ol>\n<li><a href=\"https:\/\/news.google.com\/rss\/articles\/CBMipwFBVV95cUxQclRtdkdLaHl1UmJ0dHh0MndhajVIUlNab25iS3VINkQwX0E4UXZZUk43ZXg4SkhzbkgybXBjWS04R3p6anJZdERVNm01OVp1U0Znemw4Vk5OdHVFWmc5QTN5NjREV0hJWk05emZGSncwbFZ1TEJ1dFM5YmtERkU3ZFJCbXVTYTRDUnB2R2R0eVgtZkc3aHVwWXVGODhIZm5HeDhzNzJXbw?oc=5\" target=\"_blank\" rel=\"nofollow noopener\">Club Brugge &#8211; FC Barcelona [RELACJA NA \u017bYWO]<\/a>&nbsp;&nbsp;Przegl\u0105d Sportowy Onet<\/li>\n<li><a href=\"https:\/\/news.google.com\/rss\/articles\/CBMiqwFBVV95cUxNSFVlTHQ0bm03SnJTTW91SS00cnhmRkJJYWlwWm1rcEJ5U1ZkdnBDNVBySkM5WEFZb1ZTaDdCMTNNam9ISkJQay0zWGpCTHZJa3pKNUM3T1lwMTQwRno0WTVSUHFMekdORThZNWdPVmp6TnhjSDlRdWsxUTFqay0yUFAzYUtOQ096a1NwWXdBemJ1eWVyYWcxcU5Rc3A0TTFZT2MyZ0ZtdG1tSW8?oc=5\" target=\"_blank\" rel=\"nofollow noopener\">Nie maj\u0105 lito\u015bci dla Szcz\u0119snego. Tak ocenili to, co zrobi\u0142 w meczu Barcelony Pi\u0142ka no\u017cna<\/a>&nbsp;&nbsp;Sport.pl<\/li>\n<li><a href=\"https:\/\/news.google.com\/rss\/articles\/CBMioAFBVV95cUxQTWlzNXR5UHE0V05xbjV5NGhLQ0ZFYW1acWphaFdPbko5bU1fSlhDMW5BWVFuVTRvSl83QnVDUHFLMnpXdDNtNWVSWkw4SXo0cjJyMzFYeDdwd1pvT1RreHhGb0N0OXpHUzFTUHI2cWpmbEo3Vlp2NTJOTzcxRjl5MnlSR0ZPTm5JTUpXYV9HYW9JMnA3X09DdUJ3b2c5cGl4?oc=5\" target=\"_blank\" rel=\"nofollow noopener\">Tylko go zobaczy\u0142. Borek zdradzi\u0142, co zrobi\u0142 Szcz\u0119sny<\/a>&nbsp;&nbsp;SportoweFakty<\/li>\n<li><a href=\"https:\/\/news.google.com\/rss\/articles\/CBMirwFBVV95cUxPNHpUOXRqZGlPVEZjczM3b202dGhkT1Z0d3pkblFOb09lSU9ySFNuQk9jTDRGWTJlNXdYcEtSWW5CZ3J1M3JNamtUVGhoeGlNMWRkTE1HQzNyVFhlV2M3Z0lCdWpsVU52TGxIcVdIdklmMTRvbjJCRkpSMVBJcXdEU0xPZ0FLa05qZlUyV0hZamhMRnliVEp0cE5aM2NMc3Z2ZkxURGJLMjBoRDVzeTVN?oc=5\" target=\"_blank\" rel=\"nofollow noopener\">Po\u017car przed meczem Barcelony. Zap\u0142on\u0105\u0142 autobus z kibicami [WIDEO]<\/a>&nbsp;&nbsp;Meczyki.pl<\/li>\n<li><a href=\"https:\/\/news.google.com\/rss\/articles\/CBMiyAFBVV95cUxOY1BYZW9yczNBYS03U0ROamJhbXRtSVFSZHFJTnVLWk9idE9LVXpsT0FLY1RtWngtWmo1aWNoSWEzZ0VaWEJBVnR2clRXVzF5ZTN5aWViNXVWemFtbTdnQTBqT1FqTlE5RFNXeXIySGxSZy1DNDZWeEl0by1peWdScUVZRzBhWXhHVi1pVjZCbEVabzlzVHlYSW5rZTBYVVUyRHlkYTU4STE4V0NTT3M0Wm9XLWU3SnBBNEw4MDdKRnNpTkxfTUN1ZA?oc=5\" target=\"_blank\" rel=\"nofollow noopener\">Sceny grozy przed meczem Barcelony. Po\u017car autobusu, kierowca zareagowa\u0142 natychmiast<\/a>&nbsp;&nbsp;Sport w INTERIA.PL<\/li>\n<\/ol>\n","protected":false},"excerpt":{"rendered":"Club Brugge &#8211; FC Barcelona [RELACJA NA \u017bYWO]&nbsp;&nbsp;Przegl\u0105d Sportowy Onet Nie maj\u0105 lito\u015bci dla Szcz\u0119snego. Tak ocenili to,&hellip;\n","protected":false},"author":2,"featured_media":87095,"comment_status":"","ping_status":"","sticky":false,"template":"","format":"standard","meta":{"footnotes":""},"categories":[24],"tags":[20252,7598,303,299,188,948,42,38,40,39,41,136,128,47,127,135,126],"class_list":{"0":"post-87094","1":"post","2":"type-post","3":"status-publish","4":"format-standard","5":"has-post-thumbnail","7":"category-sport","8":"tag-betfan_relacje_ucl","9":"tag-club_brugge","10":"tag-fc_barcelona","11":"tag-liga_mistrzow","12":"tag-liveblog","13":"tag-pilka_nozna","14":"tag-pl","15":"tag-poland","16":"tag-polish","17":"tag-polska","18":"tag-polski","19":"tag-ps_detal_new","20":"tag-psv2","21":"tag-screening_general","22":"tag-sport","23":"tag-sport_sport","24":"tag-sports"},"share_on_mastodon":{"url":"https:\/\/pubeurope.com\/@pl\/115499304706350607","error":""},"_links":{"self":[{"href":"https:\/\/www.europesays.com\/pl\/wp-json\/wp\/v2\/posts\/87094","targetHints":{"allow":["GET"]}}],"collection":[{"href":"https:\/\/www.europesays.com\/pl\/wp-json\/wp\/v2\/posts"}],"about":[{"href":"https:\/\/www.europesays.com\/pl\/wp-json\/wp\/v2\/types\/post"}],"author":[{"embeddable":true,"href":"https:\/\/www.europesays.com\/pl\/wp-json\/wp\/v2\/users\/2"}],"replies":[{"embeddable":true,"href":"https:\/\/www.europesays.com\/pl\/wp-json\/wp\/v2\/comments?post=87094"}],"version-history":[{"count":0,"href":"https:\/\/www.europesays.com\/pl\/wp-json\/wp\/v2\/posts\/87094\/revisions"}],"wp:featuredmedia":[{"embeddable":true,"href":"https:\/\/www.europesays.com\/pl\/wp-json\/wp\/v2\/media\/87095"}],"wp:attachment":[{"href":"https:\/\/www.europesays.com\/pl\/wp-json\/wp\/v2\/media?parent=87094"}],"wp:term":[{"taxonomy":"category","embeddable":true,"href":"https:\/\/www.europesays.com\/pl\/wp-json\/wp\/v2\/categories?post=87094"},{"taxonomy":"post_tag","embeddable":true,"href":"https:\/\/www.europesays.com\/pl\/wp-json\/wp\/v2\/tags?post=87094"}],"curies":[{"name":"wp","href":"https:\/\/api.w.org\/{rel}","templated":true}]}}