{"id":87217,"date":"2025-11-05T23:42:07","date_gmt":"2025-11-05T23:42:07","guid":{"rendered":"https:\/\/www.europesays.com\/pl\/87217\/"},"modified":"2025-11-05T23:42:07","modified_gmt":"2025-11-05T23:42:07","slug":"fc-barcelona-zatrzymana-w-lidze-mistrzow-szesc-goli-i-ten-blad-wojciecha-szczesnego","status":"publish","type":"post","link":"https:\/\/www.europesays.com\/pl\/87217\/","title":{"rendered":"FC Barcelona zatrzymana w Lidze Mistrz\u00f3w! Sze\u015b\u0107 goli. I ten b\u0142\u0105d Wojciecha Szcz\u0119snego"},"content":{"rendered":"<p class=\"Paragraph_desktopParagraph__Fd2e9\">Walcz\u0105ca o znalezienie si\u0119 w najlepszej \u00f3semce fazy zasadniczej Ligi Mistrz\u00f3w FC Barcelona zn\u00f3w by\u0142a dzi\u015b uznawana za wielkiego faworyta. Dru\u017cyna Hansiego Flicka mierzy\u0142a si\u0119 bowiem z Club Brugge, dru\u017cyn\u0105, kt\u00f3ra wygra\u0142a tylko sw\u00f3j pierwszy mecz w tej edycji zmaga\u0144 europejskiej elity. Pomimo tego niemiecki szkoleniowiec nie zamierza\u0142 lekcewa\u017cy\u0107 rywala.<\/p>\n<p class=\"Paragraph_desktopParagraph__Fd2e9\">W pierwszej jedenastce mogli\u015bmy m\u00f3wi\u0107 tylko o jednym os\u0142abieniu: nieobecno\u015bci Roberta Lewandowskiego. Wolnego nie otrzyma\u0142 dzi\u015b za to cho\u0107by Lamine Yamal, kt\u00f3ry mia\u0142 stanowi\u0107 o sile ofensywy wraz z Marcusem Rashfordem oraz Ferranem Torresem. A jedenastka Blaugrany zaczyna\u0142a si\u0119 od zast\u0119puj\u0105cego Joana Garci\u0119 Wojciecha Szcz\u0119snego.<\/p>\n<p class=\"VideoPlayerText_videoPlayerText__zrtJk\">Dalszy ci\u0105g materia\u0142u pod wideo<\/p>\n<p>Co za pocz\u0105tek! FC Barcelona mia\u0142a problem<\/p>\n<p class=\"Paragraph_desktopParagraph__Fd2e9\">Ale to nie znaczy, \u017ce w swoim najmocniejszym sk\u0142adzie pi\u0142karze Barcelony mogli spodziewa\u0107 si\u0119 spacerku. A przekonali si\u0119 o tym ju\u017c na samym pocz\u0105tku spotkania. Po genialnym podaniu prostopad\u0142ym Carlos Forbs m\u00f3g\u0142 \u015bciga\u0107 si\u0119 z ca\u0142\u0105 lini\u0105 defensywy przeciwnika. Zrobi\u0142 to w najlepszy mo\u017cliwy spos\u00f3b, wystawiaj\u0105c futbol\u00f3wk\u0119 wbiegaj\u0105cemu w pole karne Nicolo Tresoldiemu.<\/p>\n<p class=\"Paragraph_desktopParagraph__Fd2e9\">Ten nie mia\u0142 \u017cadnych problem\u00f3w z pokonaniem Wojciecha Szcz\u0119snego. Polak nie mia\u0142 du\u017cych szans w walce sam na sam i ju\u017c od sz\u00f3stej minuty zrobi\u0142o si\u0119 bardzo ciekawie. Ale na wyr\u00f3wnanie przysz\u0142o nam zaczeka\u0107&#8230; ledwie trzy minuty.<\/p>\n<p class=\"Paragraph_desktopParagraph__Fd2e9\">Jules Kounde odebra\u0142 pi\u0142k\u0119 na swojej po\u0142owie i rozpocz\u0105\u0142 genialny kontratak Blaugrany. Poda\u0142 pi\u0142k\u0119 prostopadle do Fermina Lopeza, a ten poda\u0142 j\u0105 na \u015brodek pola karnego do Ferrana Torresa. Zast\u0119pca Roberta Lewandowskiego nie mia\u0142 najmniejszego problemu z tym, by wyr\u00f3wna\u0107 wynik spotkania ju\u017c przy pierwszej okazji.<\/p>\n<p class=\"Paragraph_desktopParagraph__Fd2e9\">Tak pad\u0142y gole na 1:0 i 1:1:<\/p>\n<p class=\"Paragraph_desktopParagraph__Fd2e9\">Ale to nie by\u0142 koniec emocji na pocz\u0105tku meczu w Brugii! Obro\u0144com Blaugrany we znaki najmocniej dawa\u0142 si\u0119 Carlos Forbs. To w\u0142a\u015bnie on popisa\u0142 si\u0119 wprost genialnym rajdem przez po\u0142ow\u0119 Barcelony i zdecydowanym strza\u0142em sprawi\u0142, \u017ce Szcz\u0119sny skapitulowa\u0142 po raz drugi! W tym momencie w Belgii pachnia\u0142o wielk\u0105 sensacj\u0105.<\/p>\n<p class=\"Paragraph_desktopParagraph__Fd2e9\">Oto gol na 2:1:<\/p>\n<p class=\"Paragraph_desktopParagraph__Fd2e9\">FC Barcelona pr\u00f3bowa\u0142a odpowiedzie\u0107 po mocnym strzale Julesa Kounde ze skraju pola karnego, lecz Francuza zatrzyma\u0142a poprzeczka. Hansi Flick nie m\u00f3g\u0142 si\u0119 spodziewa\u0107 a\u017c takich k\u0142opot\u00f3w, dlatego po przerwie mo\u017cna by\u0142o spodziewa\u0107 si\u0119 zmian ofensywnych. A to zwiastowa\u0142o okazj\u0119 dla Roberta Lewandowskiego. Zw\u0142aszcza \u017ce p\u00f3\u017aniej du\u017co mniej skuteczny by\u0142 ju\u017c Ferran Torres, kt\u00f3ry pomyli\u0142 si\u0119 w sytuacji sam na sam tu\u017c przed przerw\u0105.<\/p>\n<p class=\"Paragraph_desktopParagraph__Fd2e9\">Polski napastnik okaza\u0142 si\u0119 potrzebny na boisku wcze\u015bniej ni\u017c mog\u0142oby si\u0119 wydawa\u0107. Polak pojawi\u0142 si\u0119 na placu gry tu\u017c przed 60. minut\u0105, a chwil\u0119 po jego wej\u015bciu piekielnie gro\u017any strza\u0142 z dystansu odda\u0142 Eric Garcia. To by\u0142 sygna\u0142 ostrzegawczy, \u017ce FC Barcelona rozpoczyna sw\u00f3j szturm na bramk\u0119 belgijskiego rywala. Na gola nie trzeba by\u0142o czeka\u0107 d\u0142ugo.<\/p>\n<p class=\"Paragraph_desktopParagraph__Fd2e9\">Przeb\u0142ysk swojego geniuszu zaprezentowa\u0142 bowiem Lamine Yamal. Hiszpa\u0144ski skrzyd\u0142owy okiwa\u0142 kilku obro\u0144c\u00f3w Clubu Brugge, wdar\u0142 si\u0119 w pole karne i z ostrego k\u0105ta pokona\u0142 bramkarza. Ale dla Katalo\u0144czyk\u00f3w liczy\u0142o si\u0119 jedynie zwyci\u0119stwo, dlatego mo\u017cna by\u0142o zak\u0142ada\u0107, \u017ce to dopiero pocz\u0105tek emocji.<\/p>\n<p class=\"Paragraph_desktopParagraph__Fd2e9\">Ale chyba nikt nie przewidywa\u0142, \u017ce w\u0142a\u015bnie w tym momencie to Brugia zn\u00f3w wyjdzie na prowadzenie! I to za spraw\u0105 niezawodnego Carlosa Forbsa, kt\u00f3ry zn\u00f3w urwa\u0142 si\u0119 obronie i by\u0142 bezlitosny dla Wojciecha Szcz\u0119snego. Ca\u0142a defensywa wyra\u017anie zaspa\u0142a, Barca zn\u00f3w musia\u0142a goni\u0107, cho\u0107 ledwie kilka minut wcze\u015bniej wydawa\u0142o si\u0119, \u017ce ruszy do ataku i p\u00f3jdzie po wygran\u0105 w Belgii.<\/p>\n<p class=\"Paragraph_desktopParagraph__Fd2e9\">Zobacz gole na 2:2 i 3:2. Co za akcje! <\/p>\n<p class=\"Paragraph_desktopParagraph__Fd2e9\">Swoj\u0105 szans\u0119 na kwadrans przed ko\u0144cem mia\u0142 Robert Lewandowski, kt\u00f3ry zosta\u0142 b\u0142yskawicznie przyblokowany przez obro\u0144c\u00f3w, a strza\u0142 nie sprawi\u0142 zagro\u017cenia pod bramk\u0105 Brugii. Polak nie mia\u0142 szcz\u0119\u015bcia, za to szybko u\u015bmiechn\u0119\u0142o si\u0119 ono do Lamine&#8217;a Yamala. Hiszpan pr\u00f3bowa\u0142 do\u015brodkowa\u0107 futbol\u00f3wk\u0119 na g\u0142ow\u0119 Lewandowskiego, lecz wcze\u015bniej pi\u0142ka odbi\u0142a si\u0119 od Christosa Tsolisa i zaskoczy\u0142a bramkarza, wpadaj\u0105c do siatki. Na kilkana\u015bcie minut przed ko\u0144cem by\u0142o 3:3!<\/p>\n<p>Co za b\u0142\u0105d Wojciecha Szcz\u0119snego! Nagle wkroczy\u0142 VAR<\/p>\n<p class=\"Paragraph_desktopParagraph__Fd2e9\">W samej ko\u0144c\u00f3wce niespodziewanie to Belgowie przycisn\u0119li. A gdy w 91. minucie stadion w Brugii eksplodowa\u0142 z rado\u015bci, wydawa\u0142o si\u0119, \u017ce Wojciech Szcz\u0119sny spotka si\u0119 z lawin\u0105 krytyki. Polak straci\u0142 pi\u0142k\u0119 pod w\u0142asn\u0105 bramk\u0105, co poskutkowa\u0142o celnym uderzeniem i bramk\u0105 na 4:3, lecz po analizie VAR arbiter uzna\u0142, \u017ce do\u015bwiadczony bramkarz by\u0142 faulowany. Ta decyzja uratowa\u0142a Wojciecha Szcz\u0119snego, bo wydaje si\u0119, \u017ce w tej sytuacji nie broni\u0142o go ju\u017c absolutnie nic.<\/p>\n<p class=\"Paragraph_desktopParagraph__Fd2e9\">Ostatecznie mecz zako\u0144czy\u0142 si\u0119 remisem 3:3 i wobec sytuacji z ko\u0144c\u00f3wki mo\u017cna powiedzie\u0107, \u017ce Blaugrana mia\u0142a sporo szcz\u0119\u015bcia. Sytuacja ze Szcz\u0119snym nie by\u0142a oczywista, ale decyzja VAR oszcz\u0119dzi\u0142a Polaka przed konsekwencjami koszmarnego b\u0142\u0119du. Poza t\u0105 akcj\u0105 trudno jednak uzna\u0107, by strata punkt\u00f3w przez Barcelon\u0105 by\u0142a win\u0105 polskiego bramkarza.<\/p>\n","protected":false},"excerpt":{"rendered":"Walcz\u0105ca o znalezienie si\u0119 w najlepszej \u00f3semce fazy zasadniczej Ligi Mistrz\u00f3w FC Barcelona zn\u00f3w by\u0142a dzi\u015b uznawana za&hellip;\n","protected":false},"author":2,"featured_media":87218,"comment_status":"","ping_status":"","sticky":false,"template":"","format":"standard","meta":{"footnotes":""},"categories":[24],"tags":[7598,303,67,299,549,42,38,40,39,41,136,128,300,47,127,135,126,130,1789],"class_list":{"0":"post-87217","1":"post","2":"type-post","3":"status-publish","4":"format-standard","5":"has-post-thumbnail","7":"category-sport","8":"tag-club_brugge","9":"tag-fc_barcelona","10":"tag-intextvideo_splayer","11":"tag-liga_mistrzow","12":"tag-pber","13":"tag-pl","14":"tag-poland","15":"tag-polish","16":"tag-polska","17":"tag-polski","18":"tag-ps_detal_new","19":"tag-psv2","20":"tag-robert_lewandowski","21":"tag-screening_general","22":"tag-sport","23":"tag-sport_sport","24":"tag-sports","25":"tag-wiadomosci_sportowe","26":"tag-wojciech_szczesny"},"share_on_mastodon":{"url":"https:\/\/pubeurope.com\/@pl\/115499744834909628","error":""},"_links":{"self":[{"href":"https:\/\/www.europesays.com\/pl\/wp-json\/wp\/v2\/posts\/87217","targetHints":{"allow":["GET"]}}],"collection":[{"href":"https:\/\/www.europesays.com\/pl\/wp-json\/wp\/v2\/posts"}],"about":[{"href":"https:\/\/www.europesays.com\/pl\/wp-json\/wp\/v2\/types\/post"}],"author":[{"embeddable":true,"href":"https:\/\/www.europesays.com\/pl\/wp-json\/wp\/v2\/users\/2"}],"replies":[{"embeddable":true,"href":"https:\/\/www.europesays.com\/pl\/wp-json\/wp\/v2\/comments?post=87217"}],"version-history":[{"count":0,"href":"https:\/\/www.europesays.com\/pl\/wp-json\/wp\/v2\/posts\/87217\/revisions"}],"wp:featuredmedia":[{"embeddable":true,"href":"https:\/\/www.europesays.com\/pl\/wp-json\/wp\/v2\/media\/87218"}],"wp:attachment":[{"href":"https:\/\/www.europesays.com\/pl\/wp-json\/wp\/v2\/media?parent=87217"}],"wp:term":[{"taxonomy":"category","embeddable":true,"href":"https:\/\/www.europesays.com\/pl\/wp-json\/wp\/v2\/categories?post=87217"},{"taxonomy":"post_tag","embeddable":true,"href":"https:\/\/www.europesays.com\/pl\/wp-json\/wp\/v2\/tags?post=87217"}],"curies":[{"name":"wp","href":"https:\/\/api.w.org\/{rel}","templated":true}]}}