{"id":87255,"date":"2025-11-06T00:25:11","date_gmt":"2025-11-06T00:25:11","guid":{"rendered":"https:\/\/www.europesays.com\/pl\/87255\/"},"modified":"2025-11-06T00:25:11","modified_gmt":"2025-11-06T00:25:11","slug":"malgorzata-kozuchowska-zachwycila-w-modnej-spodnicy-jest-idealna-na-jesien","status":"publish","type":"post","link":"https:\/\/www.europesays.com\/pl\/87255\/","title":{"rendered":"Ma\u0142gorzata Ko\u017cuchowska zachwyci\u0142a w modnej sp\u00f3dnicy. Jest idealna na jesie\u0144"},"content":{"rendered":"<p>    Ma\u0142gorzata Ko\u017cuchowska zachwyci\u0142a w modnej sp\u00f3dnicy. Jest idealna na jesie\u0144  | Ofeminin<\/p>\n<p>\t\t\t\t<img decoding=\"async\" fetchpriority=\"high\" class=\"driverImg \" src=\"https:\/\/www.europesays.com\/pl\/wp-content\/uploads\/2025\/11\/tCek9kpTURBXy82YWI5ZjhjOWIyNmQwODA2YWViZWU1MWFmZjE2NTdlMi5qcGeTlQMAMc0FNM0C7ZMFzQeAzQQ4kwXNB4DNBDjeA.webp\" alt=\"Ma\u0142gorzata Ko\u017cuchowska zachwyci\u0142a w modnej sp\u00f3dnicy. Jest idealna na jesie\u0144\" width=\"1920\" height=\"1080\"\/><\/p>\n<p>                        Lifestyle<\/p>\n<p>                          5 listopada 2025, 11:19<\/p>\n<p>\n                        Ma\u0142gorzata Ko\u017cuchowska<\/p>\n<p>                             Pawel Wodzynski\/East News \/ east news<\/p>\n<ul class=\"breadcrumbs\" data-section=\"breadcrumbsClick\">\n<li class=\"bcItem\">\n            <a class=\"bcUrl\" href=\"https:\/\/www.ofeminin.pl\" rel=\"nofollow noopener\" target=\"_blank\">Ofeminin<\/a>\n        <\/li>\n<li class=\"bcItem\">\n                <a class=\"bcUrl\" href=\"https:\/\/www.ofeminin.pl\/lifestyle\" rel=\"nofollow noopener\" target=\"_blank\">Lifestyle<\/a>\n            <\/li>\n<li class=\"bcItem\">Ma\u0142gorzata Ko\u017cuchowska zachwyci\u0142a w modnej sp\u00f3dnicy. Jest idealna na jesie\u0144<\/li>\n<\/ul>\n<p>    udost\u0119pnij artyku\u0142<\/p>\n<ul class=\"buttons\" data-mobile=\"false\" data-run-module=\"local\/main.share\">\n<li class=\"button\" style=\"position: relative\">\n<p>                    Udost\u0119pnij artyku\u0142 przez:<\/p>\n<\/li>\n<li class=\"button\">\n            <a data-section=\"shareButtonClickEmail\" class=\"shareLink\" target=\"_blank\" href=\"mailto:?subject=Przeczytaj%20artyku%C5%82: Ma%C5%82gorzata%20Ko%C5%BCuchowska%20zachwyci%C5%82a%20w%20modnej%20sp%C3%B3dnicy.%20Jest%20idealna%20na%20jesie%C5%84%20%20%7C%20Ofeminin&amp;body=Ma%C5%82gorzata%20Ko%C5%BCuchowska%20zachwyci%C5%82a%20w%20modnej%20sp%C3%B3dnicy.%20Jest%20idealna%20na%20jesie%C5%84%20%20%7C%20Ofeminin%0D%0A%0D%0Ahttps:\/\/www.ofeminin.pl\/lifestyle\/malgorzata-kozuchowska-zachwycila-w-modnej-spodnicy-jest-idealna-na-jesien\/t8d3bfq\"><\/p>\n<p>            <\/a>\n        <\/li>\n<\/ul>\n<p>Ma\u0142gorzata Ko\u017cuchowska pojawi\u0142a si\u0119 na pokazie najnowszej kolekcji MMC. 54-letnia aktorka wybra\u0142a stylizacj\u0119, kt\u00f3ra przyci\u0105gn\u0119\u0142a uwag\u0119 wszystkich obecnych.<\/p>\n<p class=\"paragraph\"><a data-section=\"bodyLinkClick\" href=\"https:\/\/www.ofeminin.pl\/moda\/malgorzata-kozuchowska-oczarowala-jesienna-stylizacja-internauci-komentuj-nie-tylko\/6w1fg8l\" id=\"c2e91031-90ce-4e73-a622-4ed867c9c9f6\" rel=\"nofollow noopener\" target=\"_blank\">Ma\u0142gorzata Ko\u017cuchowska<\/a> postawi\u0142a na klasyczn\u0105 czer\u0144. Jej marynarka wyr\u00f3\u017cnia\u0142a si\u0119 mocno zarysowanymi ramionami, a tali\u0119 aktorki podkre\u015bli\u0142 cienki pasek. Do wyrazistej g\u00f3ry dobra\u0142a eleganck\u0105 sp\u00f3dnic\u0119, szpilki z odkryt\u0105 pi\u0119t\u0105 oraz pikowan\u0105 torebk\u0119. Jej look uzupe\u0142ni\u0142a subtelna bi\u017cuteria, kt\u00f3ra doda\u0142a stylizacji lekko\u015bci i kobiecego wdzi\u0119ku.<\/p>\n<p>    <a class=\"dl-gallery-item-anchor\" id=\"slidehash-1\"\/><\/p>\n<p>              \/3<\/p>\n<p>        Ma\u0142gorzata Ko\u017cuchowska<\/p>\n<p>            <a name=\"image_aa458a03-6827-4719-94d8-c28b508e3ec0\" class=\"imageAnchor\"\/><\/p>\n<p>          Pawel Wodzynski\/East News \/ east news<\/p>\n<p>    <a class=\"dl-gallery-item-anchor\" id=\"slidehash-2\"\/><\/p>\n<p>              \/3<\/p>\n<p>        Ma\u0142gorzata Ko\u017cuchowska<\/p>\n<p>            <a name=\"image_112a2bfc-1544-4823-a7e0-a0c65e65592c\" class=\"imageAnchor\"\/><\/p>\n<p>          Pawel Wodzynski\/East News \/ east news<\/p>\n<p>    <a class=\"dl-gallery-item-anchor\" id=\"slidehash-3\"\/><\/p>\n<p>              \/3<\/p>\n<p>        Ma\u0142gorzata Ko\u017cuchowska<\/p>\n<p>            <a name=\"image_1f4e1050-2b21-45d0-9ff2-05fe67eb43ee\" class=\"imageAnchor\"\/><\/p>\n<p>          Pawel Wodzynski\/East News \/ east news<\/p>\n<p>    udost\u0119pnij artyku\u0142<\/p>\n<ul class=\"buttons\" data-mobile=\"false\" data-run-module=\"local\/main.share\">\n<li class=\"button\" style=\"position: relative\">\n<p>                    Udost\u0119pnij artyku\u0142 przez:<\/p>\n<\/li>\n<li class=\"button\">\n            <a data-section=\"shareButtonClickEmail\" class=\"shareLink\" target=\"_blank\" href=\"mailto:?subject=Przeczytaj%20artyku%C5%82: Ma%C5%82gorzata%20Ko%C5%BCuchowska%20zachwyci%C5%82a%20w%20modnej%20sp%C3%B3dnicy.%20Jest%20idealna%20na%20jesie%C5%84%20%20%7C%20Ofeminin&amp;body=Ma%C5%82gorzata%20Ko%C5%BCuchowska%20zachwyci%C5%82a%20w%20modnej%20sp%C3%B3dnicy.%20Jest%20idealna%20na%20jesie%C5%84%20%20%7C%20Ofeminin%0D%0A%0D%0Ahttps:\/\/www.ofeminin.pl\/lifestyle\/malgorzata-kozuchowska-zachwycila-w-modnej-spodnicy-jest-idealna-na-jesien\/t8d3bfq\"><\/p>\n<p>            <\/a>\n        <\/li>\n<\/ul>\n<p class=\"noScrapingInfo\">\n    Systematyczne pobieranie tre\u015bci, danych lub informacji z tej strony internetowej (web scraping), jak r\u00f3wnie\u017c<br \/>\n    eksploracja tekstu i danych (TDM) (w tym pobieranie i eksploracyjna analiza danych, indeksowanie stron<br \/>\n    internetowych, korzystanie z tre\u015bci lub przeszukiwanie z pobieraniem baz danych), czy to przez roboty, web crawlers,<br \/>\n    oprogramowanie, narz\u0119dzia lub dowoln\u0105 manualn\u0105 lub zautomatyzowan\u0105 metod\u0105, w celu tworzenia lub rozwoju<br \/>\n    oprogramowania, w tym m.in. szkolenia system\u00f3w uczenia maszynowego lub sztucznej inteligencji (AI), bez uprzedniej,<br \/>\n    wyra\u017anej zgody Ringier Axel Springer Polska sp. z o.o. (RASP) jest zabronione. Wyj\u0105tek stanowi\u0105 sytuacje, w kt\u00f3rych<br \/>\n    tre\u015bci, dane lub informacje s\u0105 wykorzystywane w celu u\u0142atwienia ich wyszukiwania przez wyszukiwarki internetowe.<\/p>\n","protected":false},"excerpt":{"rendered":"Ma\u0142gorzata Ko\u017cuchowska zachwyci\u0142a w modnej sp\u00f3dnicy. Jest idealna na jesie\u0144 | Ofeminin Lifestyle 5 listopada 2025, 11:19 Ma\u0142gorzata&hellip;\n","protected":false},"author":2,"featured_media":87256,"comment_status":"","ping_status":"","sticky":false,"template":"","format":"standard","meta":{"footnotes":""},"categories":[22],"tags":[122,42,38,40,39,41,123],"class_list":{"0":"post-87255","1":"post","2":"type-post","3":"status-publish","4":"format-standard","5":"has-post-thumbnail","7":"category-rozrywka","8":"tag-entertainment","9":"tag-pl","10":"tag-poland","11":"tag-polish","12":"tag-polska","13":"tag-polski","14":"tag-rozrywka"},"share_on_mastodon":{"url":"https:\/\/pubeurope.com\/@pl\/115499914043012432","error":""},"_links":{"self":[{"href":"https:\/\/www.europesays.com\/pl\/wp-json\/wp\/v2\/posts\/87255","targetHints":{"allow":["GET"]}}],"collection":[{"href":"https:\/\/www.europesays.com\/pl\/wp-json\/wp\/v2\/posts"}],"about":[{"href":"https:\/\/www.europesays.com\/pl\/wp-json\/wp\/v2\/types\/post"}],"author":[{"embeddable":true,"href":"https:\/\/www.europesays.com\/pl\/wp-json\/wp\/v2\/users\/2"}],"replies":[{"embeddable":true,"href":"https:\/\/www.europesays.com\/pl\/wp-json\/wp\/v2\/comments?post=87255"}],"version-history":[{"count":0,"href":"https:\/\/www.europesays.com\/pl\/wp-json\/wp\/v2\/posts\/87255\/revisions"}],"wp:featuredmedia":[{"embeddable":true,"href":"https:\/\/www.europesays.com\/pl\/wp-json\/wp\/v2\/media\/87256"}],"wp:attachment":[{"href":"https:\/\/www.europesays.com\/pl\/wp-json\/wp\/v2\/media?parent=87255"}],"wp:term":[{"taxonomy":"category","embeddable":true,"href":"https:\/\/www.europesays.com\/pl\/wp-json\/wp\/v2\/categories?post=87255"},{"taxonomy":"post_tag","embeddable":true,"href":"https:\/\/www.europesays.com\/pl\/wp-json\/wp\/v2\/tags?post=87255"}],"curies":[{"name":"wp","href":"https:\/\/api.w.org\/{rel}","templated":true}]}}