{"id":87842,"date":"2025-11-06T10:50:08","date_gmt":"2025-11-06T10:50:08","guid":{"rendered":"https:\/\/www.europesays.com\/pl\/87842\/"},"modified":"2025-11-06T10:50:08","modified_gmt":"2025-11-06T10:50:08","slug":"radoslaw-sikorski-zlozyl-zeznania-w-sprawie-pegasusa-zwyrole","status":"publish","type":"post","link":"https:\/\/www.europesays.com\/pl\/87842\/","title":{"rendered":"Rados\u0142aw Sikorski z\u0142o\u017cy\u0142 zeznania w sprawie Pegasusa. &#8222;Zwyrole&#8221;"},"content":{"rendered":"<p class=\"Paragraph_desktopParagraph__U31Gm\">&#8222;Z\u0142o\u017cy\u0142em w Prokuraturze Krajowej zeznania jako poszkodowany w sprawie u\u017cycia Pegasusa. Zwyrole podniecali si\u0119 czytaniem moich prywatnych rozm\u00f3w. Mam nadziej\u0119, \u017ce winnych u\u017cywania cyberbroni wobec konkurent\u00f3w politycznych dosi\u0119gnie prawo i sprawiedliwo\u015b\u0107&#8221; \u2014 napisa\u0142 Rados\u0142aw Sikorski.<\/p>\n<p>Afera Pegasusa. Komisja \u015bledcza, poszkodowani, zarzuty <\/p>\n<p class=\"Paragraph_desktopParagraph__U31Gm\">Pegasus to system, kt\u00f3ry zosta\u0142 stworzony przez izraelsk\u0105 firm\u0119 NSO Group do walki z terroryzmem i zorganizowan\u0105 przest\u0119pczo\u015bci\u0105. Przy pomocy Pegasusa mo\u017cna nie tylko pods\u0142uchiwa\u0107 rozmowy z zainfekowanego smartfona, ale te\u017c uzyska\u0107 dost\u0119p do przechowywanych w nim innych danych, np. e-maili, zdj\u0119\u0107 czy nagra\u0144 wideo oraz kamer i mikrofon\u00f3w.<\/p>\n<ul class=\"OchatFollowUps_wrapper__1ry7X\">\n<li class=\"OchatFollowUps_item__Dhyly OchatFollowUps_itemDesktop__R6aBv\">Jakie zeznania z\u0142o\u017cy\u0142 Rados\u0142aw Sikorski?<\/li>\n<li class=\"OchatFollowUps_item__Dhyly OchatFollowUps_itemDesktop__R6aBv\">Kto by\u0142 poszkodowany przez Pegasusa?<\/li>\n<li class=\"OchatFollowUps_item__Dhyly OchatFollowUps_itemDesktop__R6aBv\">Do czego s\u0142u\u017cy program Pegasus?<\/li>\n<li class=\"OchatFollowUps_item__Dhyly OchatFollowUps_itemDesktop__R6aBv\">Kto zajmuje si\u0119 wyja\u015bnieniem afery Pegasusa?<\/li>\n<\/ul>\n<p class=\"Paragraph_desktopParagraph__U31Gm\">W czasach rz\u0105d\u00f3w PiS by\u0142 u\u017cywany wobec politycznych rywali. Po wybuchu afery w przestrzeni publicznej zacz\u0119\u0142y pojawia\u0107 si\u0119 personalia pierwszych os\u00f3b, kt\u00f3re mia\u0142y pa\u015b\u0107 ofiar\u0105 oprogramowania. Ujawniono informacje o stosowaniu Pegasusa m.in. wobec Krzysztofa Brejzy, Romana Giertycha, Micha\u0142a Ko\u0142odziejczaka, Jacka Karnowskiego i Ewy Wrzosek. Pegasusem mieli by\u0107 inwigilowani r\u00f3wnie\u017c pracownicy oraz kontrolerzy NIK, ale tak\u017ce osoby z \u00f3wczesnego obozu w\u0142adzy. Pad\u0142y m.in. nazwiska Ryszarda Terleckiego, Marka Suskiego, Ryszarda Czarneckiego, Adama Bielana czy Marka Kuchci\u0144skiego, a nawet Mateusza Morawieckiego.<\/p>\n<p class=\"Paragraph_desktopParagraph__U31Gm\">Wyja\u015bnienie afery zajmuje si\u0119 prokuratura i komisja \u015bledcza, kt\u00f3ra ma ustali\u0107, kto by\u0142 odpowiedzialny za zakup Pegasusa i podobnych narz\u0119dzi dla polskich w\u0142adz. Wed\u0142ug informacji przekazanych dot\u0105d m.in. przez NIK, Pegasusa zakupiono jesieni\u0105 2017 r. dla CBA, ze \u015brodk\u00f3w w zasadniczej cz\u0119\u015bci (25 mln z\u0142) z Funduszu Sprawiedliwo\u015bci.<\/p>\n<p class=\"Paragraph_desktopParagraph__U31Gm\">W \u015bledztwie w sprawie stosowania oprogramowania Pegasus zarzuty przekroczenia uprawnie\u0144 us\u0142yszeli by\u0142y wiceminister sprawiedliwo\u015bci Micha\u0142 Wo\u015b, by\u0142y dyrektor Delegatury CBA w Warszawie Jaros\u0142aw W. oraz by\u0142a naczelnik wydzia\u0142u I operacyjno-\u015bledczego tej Delegatury Katarzyna S. <a href=\"https:\/\/wiadomosci.onet.pl\/kraj\/26-zarzutow-dla-zbigniewa-ziobry-szczegoly-wniosku-prokuratury\/7b76t7g\" id=\"f517df2a-a073-4fd4-8032-49e760250142\" rel=\"nofollow noopener\" target=\"_blank\">Prokuratura w tej sprawie chce postawi\u0107 zarzuty tak\u017ce Zbigniewowi Ziobrze.<\/a><\/p>\n","protected":false},"excerpt":{"rendered":"&#8222;Z\u0142o\u017cy\u0142em w Prokuraturze Krajowej zeznania jako poszkodowany w sprawie u\u017cycia Pegasusa. Zwyrole podniecali si\u0119 czytaniem moich prywatnych rozm\u00f3w.&hellip;\n","protected":false},"author":2,"featured_media":57515,"comment_status":"","ping_status":"","sticky":false,"template":"","format":"standard","meta":{"footnotes":"","_share_on_mastodon":"0"},"categories":[5],"tags":[2038,32,33,36,37,27,34,35,19839,28,31,53,25,52,68,51,6199,55,42,38,40,39,41,868,349,1534,47,29,30,65,50,26],"class_list":["post-87842","post","type-post","status-publish","format-standard","has-post-thumbnail","category-naglowki","tag-afera_pegasusa","tag-breaking-news","tag-breakingnews","tag-featured-news","tag-featurednews","tag-headlines","tag-latest-news","tag-latestnews","tag-mp_player_tst0","tag-naglowki","tag-najwazniejsze-artykuly","tag-new_header","tag-news","tag-onet3","tag-onet3d","tag-onet3d_2i","tag-pegasus","tag-phx","tag-pl","tag-poland","tag-polish","tag-polska","tag-polski","tag-prawo_i_sprawiedliwosc_pis","tag-prokuratura_prokurator_prokuratorzy","tag-radoslaw_sikorski_polityk","tag-screening_general","tag-top-stories","tag-topstories","tag-update_me","tag-v2021","tag-wiadomosci"],"share_on_mastodon":{"url":"","error":"Validation failed: Text character limit of 500 exceeded"},"_links":{"self":[{"href":"https:\/\/www.europesays.com\/pl\/wp-json\/wp\/v2\/posts\/87842","targetHints":{"allow":["GET"]}}],"collection":[{"href":"https:\/\/www.europesays.com\/pl\/wp-json\/wp\/v2\/posts"}],"about":[{"href":"https:\/\/www.europesays.com\/pl\/wp-json\/wp\/v2\/types\/post"}],"author":[{"embeddable":true,"href":"https:\/\/www.europesays.com\/pl\/wp-json\/wp\/v2\/users\/2"}],"replies":[{"embeddable":true,"href":"https:\/\/www.europesays.com\/pl\/wp-json\/wp\/v2\/comments?post=87842"}],"version-history":[{"count":0,"href":"https:\/\/www.europesays.com\/pl\/wp-json\/wp\/v2\/posts\/87842\/revisions"}],"wp:featuredmedia":[{"embeddable":true,"href":"https:\/\/www.europesays.com\/pl\/wp-json\/wp\/v2\/media\/57515"}],"wp:attachment":[{"href":"https:\/\/www.europesays.com\/pl\/wp-json\/wp\/v2\/media?parent=87842"}],"wp:term":[{"taxonomy":"category","embeddable":true,"href":"https:\/\/www.europesays.com\/pl\/wp-json\/wp\/v2\/categories?post=87842"},{"taxonomy":"post_tag","embeddable":true,"href":"https:\/\/www.europesays.com\/pl\/wp-json\/wp\/v2\/tags?post=87842"}],"curies":[{"name":"wp","href":"https:\/\/api.w.org\/{rel}","templated":true}]}}