{"id":87851,"date":"2025-11-06T11:00:07","date_gmt":"2025-11-06T11:00:07","guid":{"rendered":"https:\/\/www.europesays.com\/pl\/87851\/"},"modified":"2025-11-06T11:00:07","modified_gmt":"2025-11-06T11:00:07","slug":"w-piatek-start-misji-marsjanskiej-ale-to-rakieta-jest-najwazniejsza","status":"publish","type":"post","link":"https:\/\/www.europesays.com\/pl\/87851\/","title":{"rendered":"W pi\u0105tek start misji marsja\u0144skiej. Ale to rakieta jest najwa\u017cniejsza"},"content":{"rendered":"<p>Blue Origin, prywatna firma kosmiczna za\u0142o\u017cona przez Jeffa Bezosa, po raz kolejny zmierza na orbit\u0119 z\u00a0rakiet\u0105 New Glenn. Tym razem na pok\u0142adzie rakiety znajd\u0105 si\u0119 dwa satelity NASA, kt\u00f3re maj\u0105 za zadanie bada\u0107 marsja\u0144skie pole magnetyczne. Rakieta New Glenn, kt\u00f3ra w\u00a0styczniu z\u00a0sukcesem dotar\u0142a na orbit\u0119 podczas swojego pierwszego w\u00a0historii startu w, w\u0142a\u015bnie przygotowuje si\u0119 do drugiego lotu.<\/p>\n<p>Wed\u0142ug informacji Federalnej Administracji Lotnictwa (FAA), mo\u017cliwe okna startowe dla misji s\u0105 przewidziane na pi\u0105tek w\u00a0godzinach 14:51-16:50 oraz na sobot\u0119 jako dzie\u0144 rezerwowy. Firma Blue Origin potwierdza, \u017ce przygotowania s\u0105 na ostatnim etapie, a\u00a0rakieta jest niemal gotowa do startu.<\/p>\n<p>W ubieg\u0142y czwartek na platformie startowej przeprowadzono z\u00a0powodzeniem test wszystkich siedmiu silnik\u00f3w BE-4. Warto tutaj podkre\u015bli\u0107, \u017ce test obejmowa\u0142 nie tylko odpalenie silnik\u00f3w podczas startu, ale tak\u017ce podczas powrotu na Ziemi\u0119. Pierwszy cz\u0142on rakiety podejmie bowiem kolejn\u0105 pr\u00f3b\u0119 l\u0105dowania na barce oceanicznej.<\/p>\n<p>Misja, nazwana ESCAPADE, ma na celu zbadanie interakcji mi\u0119dzy marsja\u0144skim polem magnetycznym a\u00a0jej atmosfer\u0105. Zebrane przez sondy dane maj\u0105 pom\u00f3c w\u00a0wyja\u015bnieniu proces\u00f3w, kt\u00f3re doprowadzi\u0142y do utraty atmosfery przez Czerwon\u0105 Planet\u0119. Satelity &#8222;Blue&#8221; i\u00a0&#8222;Gold&#8221; zosta\u0142y zbudowane przez Rocket Lab i\u00a0s\u0105 gotowe do 11-miesi\u0119cznej podr\u00f3\u017cy na Czerwon\u0105 Planet\u0119.<\/p>\n<p>Je\u017celi lot przebiegnie prawid\u0142owo, New Glenn mo\u017ce do\u0142\u0105czy\u0107 do parku rakiet zdolnych do realizacji wa\u017cnych misji komercyjnych i\u00a0naukowych. Rakieta zdolna jest do wynoszenia du\u017cych \u0142adunk\u00f3w na orbit\u0119 oko\u0142oziemsk\u0105.<\/p>\n<p>Rakieta New Glenn wyr\u00f3\u017cnia si\u0119 nie tylko swoj\u0105 si\u0142\u0105, lecz tak\u017ce rozmiarami. Gotowa do startu rakieta ma 98 metr\u00f3w wysoko\u015bci, a\u00a0jej silniki dostarczaj\u0105 ponad dwa razy wi\u0119cej mocy ni\u017c silniki Falcona 9, ale tak\u017ce wi\u0119cej od takich legend jak Atlas V\u00a0czy Delta IV Heavy. Jej sukces mo\u017ce otworzy\u0107 firmie drzwi do lukratywnych kontrakt\u00f3w z\u00a0Departamentem Obrony USA, o\u00a0co Blue Origin intensywnie zabiega.<\/p>\n","protected":false},"excerpt":{"rendered":"Blue Origin, prywatna firma kosmiczna za\u0142o\u017cona przez Jeffa Bezosa, po raz kolejny zmierza na orbit\u0119 z\u00a0rakiet\u0105 New Glenn.&hellip;\n","protected":false},"author":2,"featured_media":87852,"comment_status":"","ping_status":"","sticky":false,"template":"","format":"standard","meta":{"footnotes":""},"categories":[20],"tags":[120,118,119,42,38,40,39,41,116,114,115,121,117],"class_list":{"0":"post-87851","1":"post","2":"type-post","3":"status-publish","4":"format-standard","5":"has-post-thumbnail","7":"category-nauka-i-technika","8":"tag-nauka","9":"tag-nauka-i-technika","10":"tag-naukatechnika","11":"tag-pl","12":"tag-poland","13":"tag-polish","14":"tag-polska","15":"tag-polski","16":"tag-science","17":"tag-science-and-technology","18":"tag-sciencetechnology","19":"tag-technika","20":"tag-technology"},"share_on_mastodon":{"url":"https:\/\/pubeurope.com\/@pl\/115502411048157683","error":""},"_links":{"self":[{"href":"https:\/\/www.europesays.com\/pl\/wp-json\/wp\/v2\/posts\/87851","targetHints":{"allow":["GET"]}}],"collection":[{"href":"https:\/\/www.europesays.com\/pl\/wp-json\/wp\/v2\/posts"}],"about":[{"href":"https:\/\/www.europesays.com\/pl\/wp-json\/wp\/v2\/types\/post"}],"author":[{"embeddable":true,"href":"https:\/\/www.europesays.com\/pl\/wp-json\/wp\/v2\/users\/2"}],"replies":[{"embeddable":true,"href":"https:\/\/www.europesays.com\/pl\/wp-json\/wp\/v2\/comments?post=87851"}],"version-history":[{"count":0,"href":"https:\/\/www.europesays.com\/pl\/wp-json\/wp\/v2\/posts\/87851\/revisions"}],"wp:featuredmedia":[{"embeddable":true,"href":"https:\/\/www.europesays.com\/pl\/wp-json\/wp\/v2\/media\/87852"}],"wp:attachment":[{"href":"https:\/\/www.europesays.com\/pl\/wp-json\/wp\/v2\/media?parent=87851"}],"wp:term":[{"taxonomy":"category","embeddable":true,"href":"https:\/\/www.europesays.com\/pl\/wp-json\/wp\/v2\/categories?post=87851"},{"taxonomy":"post_tag","embeddable":true,"href":"https:\/\/www.europesays.com\/pl\/wp-json\/wp\/v2\/tags?post=87851"}],"curies":[{"name":"wp","href":"https:\/\/api.w.org\/{rel}","templated":true}]}}