{"id":88184,"date":"2025-11-06T14:25:11","date_gmt":"2025-11-06T14:25:11","guid":{"rendered":"https:\/\/www.europesays.com\/pl\/88184\/"},"modified":"2025-11-06T14:25:11","modified_gmt":"2025-11-06T14:25:11","slug":"ksiazki-w-biurze-putina-zdradzily-prawde-oto-co-ustalili-dziennikarze","status":"publish","type":"post","link":"https:\/\/www.europesays.com\/pl\/88184\/","title":{"rendered":"Ksi\u0105\u017cki w biurze Putina zdradzi\u0142y prawd\u0119. Oto co ustalili dziennikarze"},"content":{"rendered":"<p class=\"ods-c-paragraph \">Uk\u0142ad ksi\u0105\u017cek na p\u00f3\u0142kach w gabinecie Putina, spos\u00f3b rozmieszczenia d\u0142ugopis\u00f3w, elementy ubioru os\u00f3b, z kt\u00f3rymi spotyka si\u0119 prezydent Rosji \u2014 wszystko to wzi\u0119li pod lup\u0119 dziennikarze realizuj\u0105cy projekt &#8222;System&#8221;. Widoczne na zdj\u0119ciach r\u00f3\u017cnice w detalach pozwoli\u0142y im stwierdzi\u0107, \u017ce to, co czasem publikowane jest jako wyst\u0105pienie na \u017cywo, w rzeczywisto\u015bci jest odtworzonym nagraniem, czasem nawet sprzed kilku miesi\u0119cy. Autorzy projektu nazwali te nagrania &#8222;konserwami&#8221; \u2014 ich zdaniem pozwalaj\u0105 one kreowa\u0107 wizerunek prezydenta Rosji jako osoby nieustannie zajmuj\u0105cej si\u0119 sprawami swojego kraju i trzymaj\u0105cej r\u0119k\u0119 na pulsie.<\/p>\n<p>Dalszy ci\u0105g artyku\u0142u pod materia\u0142em wideo<\/p>\n<p> Jakie wnioski wyci\u0105gn\u0119li dziennikarze dotycz\u0105ce nagra\u0144 Putina? <\/p>\n<p> Jakie szczeg\u00f3\u0142y w gabinecie Putina zwr\u00f3ci\u0142y uwag\u0119 dziennikarzy? <\/p>\n<p> Jakie przyk\u0142ady 'konserw&#8217; podano w artykule? <\/p>\n<p> Dlaczego Kreml nie odpowiedzia\u0142 na pytania dziennikarzy? <\/p>\n<p>  Radio Swoboda: Kreml publikowa\u0142 stare nagrania<\/p>\n<p class=\"ods-c-paragraph \">Po raz pierwszy o swoich ustaleniach Radio Swoboda poinformowa\u0142o pod koniec pa\u017adziernika. Jako przyk\u0142ad wykorzystania &#8222;konserwy&#8221; podano dzie\u0144 12 maja, w kt\u00f3rym W\u0142adimir Putin rzekomo mia\u0142 spotka\u0107 si\u0119 z gubernatorem obwodu iwanowskiego. Wed\u0142ug dziennikarzy jednak nie zgadza si\u0119 uk\u0142ad ksi\u0105\u017cek na p\u00f3\u0142kach w gabinecie. Jest &#8222;stary&#8221;, tzn. sprzed lutego 2025 r. Autorzy projektu sugeruj\u0105, \u017ce tego dnia Putin m\u00f3g\u0142 sp\u0119dzi\u0107 dzie\u0144 w towarzystwie matki swoich syn\u00f3w \u2014 Aliny Kabajewej, bo by\u0142 to dzie\u0144 jej urodzin.<\/p>\n<p class=\"ods-c-paragraph \">W sumie mi\u0119dzy lutym a sierpniem opublikowano co najmniej pi\u0119\u0107 takich &#8222;konserw&#8221; \u2014 informuje Radio Swoboda. Kluczem do ich odkrycia by\u0142a ponownie biblioteczka Putina.<\/p>\n<p class=\"ods-c-paragraph \">Teraz w mediach spo\u0142eczno\u015bciowych dziennikarze z projektu &#8222;System&#8221; podaj\u0105 wi\u0119cej przyk\u0142ad\u00f3w \u2014 s\u0105 to spotkania z r\u00f3\u017cnymi urz\u0119dnikami Kremla, u kt\u00f3rych &#8222;nie zgadzaj\u0105 si\u0119&#8221; elementy ubioru czy bi\u017cuterii. Chodzi o szczeg\u00f3\u0142y bardzo trudne do wykrycia, bo wcze\u015bniej uczestnicy spotka\u0144 s\u0105 odpowiednio instruowani i maj\u0105 ubiera\u0107 si\u0119 identycznie jak na nagraniach. Nie zawsze jednak si\u0119 to udaje. I tak np. Swiet\u0142ana Czupaszewa, kieruj\u0105ca Agencj\u0105 Inicjatyw Strategicznych, znalaz\u0142a si\u0119 na nagraniu wyemitowanym 9 kwietnia. Tego samego dnia faktycznie wzi\u0119\u0142a udzia\u0142 r\u00f3wnie\u017c w innym spotkaniu. Na zdj\u0119ciach z niego ma co prawda to samo ubranie, ale inne kolczyki. Ten szczeg\u00f3\u0142 najwyra\u017aniej umkn\u0105\u0142 jej uwadze.<\/p>\n<p><img decoding=\"async\" src=\"https:\/\/www.europesays.com\/pl\/wp-content\/uploads\/2025\/11\/6QIk9lCaHR0cHM6Ly9vY2RuLmV1L3B1bHNjbXMvTURBXy81YzQ2NzgzOTZhY2YwYTJkOGI1MDE0ZTM5NDc1OWI2My5qcGVnkpUDA.jpeg\" height=\"449\" width=\"538\" loading=\"lazy\" class=\"ods-c-image__img ods-c-image__img--viewport-width\"\/><\/p>\n<p>Telegram \/ System<\/p>\n<p class=\"ods-c-paragraph \">Podobne przeoczenie pope\u0142ni\u0142a inna urz\u0119dniczka, Swiet\u0142ana Radionowa, kt\u00f3ra na zdj\u0119ciach z dw\u00f3ch r\u00f3\u017cnych spotka\u0144, odbywaj\u0105cych si\u0119 tego samego dnia, ma r\u00f3\u017cne dodatki na tej samej r\u0119ce \u2014 na jednym bransoletk\u0119, na innym zegarek.<\/p>\n<p>   <img decoding=\"async\" src=\"https:\/\/www.europesays.com\/pl\/wp-content\/uploads\/2025\/11\/WBck9lCaHR0cHM6Ly9vY2RuLmV1L3B1bHNjbXMvTURBXy81ZWI2NDE3YmM5OWEyOTUyMmU4MDg4MmUyZDZjNzNjZS5qcGVnkpUDA.jpeg\" height=\"366\" width=\"525\" loading=\"lazy\" class=\"ods-c-image__img ods-c-image__img--viewport-width\"\/><\/p>\n<p>Telegram \/ System<\/p>\n<p class=\"ods-c-paragraph \">Wed\u0142ug dziennikarzy na stosowanie &#8222;konserw&#8221; wskazuje r\u00f3wnie\u017c lokalizacja d\u0142ugopis\u00f3w i o\u0142\u00f3wk\u00f3w na biurko Putina. Np. podczas spotkania Putina z Czupsew\u0105 we wrze\u015bniu 2025 r. przybory do pisania s\u0105 u\u0142o\u017cone dok\u0142adnie tak, jak na spotkaniu z Radionow\u0105 w pa\u017adzierniku. Pomi\u0119dzy tymi dwoma spotkaniami min\u0119\u0142o prawie p\u00f3\u0142tora miesi\u0105ca i odby\u0142o si\u0119 dziewi\u0119\u0107 innych wydarze\u0144 w biurze Putina. I za ka\u017cdym razem d\u0142ugopisy i o\u0142\u00f3wki by\u0142y u\u0142o\u017cone inaczej, z wyj\u0105tkiem tych dw\u00f3ch spotka\u0144.<\/p>\n<p class=\"ods-c-paragraph \">Kreml nigdy nie odpowiedzia\u0142 na pytania dziennikarzy z &#8222;Systemu&#8221; dotycz\u0105ce stosowania &#8222;konserw&#8221;.<\/p>\n","protected":false},"excerpt":{"rendered":"Uk\u0142ad ksi\u0105\u017cek na p\u00f3\u0142kach w gabinecie Putina, spos\u00f3b rozmieszczenia d\u0142ugopis\u00f3w, elementy ubioru os\u00f3b, z kt\u00f3rymi spotyka si\u0119 prezydent&hellip;\n","protected":false},"author":2,"featured_media":88185,"comment_status":"","ping_status":"","sticky":false,"template":"","format":"standard","meta":{"footnotes":""},"categories":[14],"tags":[32,33,27,1709,34,35,28,31,48,25,46,40,41,87,47,1389,80,29,30,26,408,82,83,84],"class_list":{"0":"post-88184","1":"post","2":"type-post","3":"status-publish","4":"format-standard","5":"has-post-thumbnail","7":"category-swiat","8":"tag-breaking-news","9":"tag-breakingnews","10":"tag-headlines","11":"tag-kreml","12":"tag-latest-news","13":"tag-latestnews","14":"tag-naglowki","15":"tag-najwazniejsze-artykuly","16":"tag-nat_styl","17":"tag-news","18":"tag-omp","19":"tag-polish","20":"tag-polski","21":"tag-rosja","22":"tag-screening_general","23":"tag-sledztwo","24":"tag-swiat","25":"tag-top-stories","26":"tag-topstories","27":"tag-wiadomosci","28":"tag-wladimir_putin","29":"tag-world","30":"tag-world-news","31":"tag-worldnews"},"share_on_mastodon":{"url":"https:\/\/pubeurope.com\/@pl\/115503217301135410","error":""},"_links":{"self":[{"href":"https:\/\/www.europesays.com\/pl\/wp-json\/wp\/v2\/posts\/88184","targetHints":{"allow":["GET"]}}],"collection":[{"href":"https:\/\/www.europesays.com\/pl\/wp-json\/wp\/v2\/posts"}],"about":[{"href":"https:\/\/www.europesays.com\/pl\/wp-json\/wp\/v2\/types\/post"}],"author":[{"embeddable":true,"href":"https:\/\/www.europesays.com\/pl\/wp-json\/wp\/v2\/users\/2"}],"replies":[{"embeddable":true,"href":"https:\/\/www.europesays.com\/pl\/wp-json\/wp\/v2\/comments?post=88184"}],"version-history":[{"count":0,"href":"https:\/\/www.europesays.com\/pl\/wp-json\/wp\/v2\/posts\/88184\/revisions"}],"wp:featuredmedia":[{"embeddable":true,"href":"https:\/\/www.europesays.com\/pl\/wp-json\/wp\/v2\/media\/88185"}],"wp:attachment":[{"href":"https:\/\/www.europesays.com\/pl\/wp-json\/wp\/v2\/media?parent=88184"}],"wp:term":[{"taxonomy":"category","embeddable":true,"href":"https:\/\/www.europesays.com\/pl\/wp-json\/wp\/v2\/categories?post=88184"},{"taxonomy":"post_tag","embeddable":true,"href":"https:\/\/www.europesays.com\/pl\/wp-json\/wp\/v2\/tags?post=88184"}],"curies":[{"name":"wp","href":"https:\/\/api.w.org\/{rel}","templated":true}]}}