{"id":88221,"date":"2025-11-06T14:46:09","date_gmt":"2025-11-06T14:46:09","guid":{"rendered":"https:\/\/www.europesays.com\/pl\/88221\/"},"modified":"2025-11-06T14:46:09","modified_gmt":"2025-11-06T14:46:09","slug":"tak-wygladala-katastrofa-samolotu-w-usa-nie-zyje-12-osob","status":"publish","type":"post","link":"https:\/\/www.europesays.com\/pl\/88221\/","title":{"rendered":"Tak wygl\u0105da\u0142a katastrofa samolotu w USA. Nie \u017cyje 12 os\u00f3b"},"content":{"rendered":"<p>Nad lotniskiem unios\u0142a si\u0119 kula ognia. W\u00a0USA rozbi\u0142 si\u0119 samolot UPS <\/p>\n<p>Federalni \u015bledczy ds. bezpiecze\u0144stwa potwierdzili odnalezienie czarnych skrzynek z\u00a0wraku samolotu UPS, kt\u00f3ry rozbi\u0142 si\u0119 tu\u017c po starcie z\u00a0lotniska w\u00a0Louisville. W\u00a0zdarzeniu zgin\u0119\u0142o 12 os\u00f3b, w\u00a0tym ca\u0142a za\u0142oga maszyny oraz osoby znajduj\u0105ce si\u0119 na ziemi. Informacj\u0119 o\u00a0wzro\u015bcie bilansu ofiar przekaza\u0142 burmistrz Louisville.<\/p>\n<p>Katastrofa nast\u0105pi\u0142a tu\u017c po opuszczeniu pasa startowego przez McDonnella Douglasa MD-11 nale\u017c\u0105cego do UPS. Maszyna uderzy\u0142a w\u00a0budynki znajduj\u0105ce si\u0119 za lotniskiem, powoduj\u0105c eksplozj\u0119 i\u00a0po\u017car. Wed\u0142ug Inmana, du\u017cy s\u0142up ognia pojawi\u0142 si\u0119 przy lewym skrzydle, a\u00a0jeden z\u00a0trzech silnik\u00f3w oderwa\u0142 si\u0119 podczas startu.<\/p>\n<p>W mediach pojawi\u0142o si\u0119 nowe nagranie z\u00a0miejsce zdarzenia. Wida\u0107 na nim jak samolot leci bardzo nisko, a\u00a0za chwil\u0119 pojawia si\u0119 s\u0142up ognia spowodowany zderzeniem z\u00a0ziemi\u0105. <\/p>\n<p>Rejestrator danych lotu oraz rejestrator rozm\u00f3w w\u00a0kokpicie s\u0105 nienaruszone. &#8211;\u00a0Jeste\u015bmy pewni, \u017ce gdy tylko prze\u015blemy je do naszego laboratorium w\u00a0Waszyngtonie, b\u0119dziemy mogli uzyska\u0107 dok\u0142adny odczyt odpowiednich danych, a\u00a0to b\u0119dzie kolejna informacja, kt\u00f3ra naprawd\u0119 pomo\u017ce nam zrozumie\u0107, co si\u0119 wydarzy\u0142o \u2013\u00a0powiedzia\u0142 Todd Inman z\u00a0Narodowej Rady Bezpiecze\u0144stwa Transportu podczas briefingu.<\/p>\n<p>W\u015br\u00f3d 12 ofiar \u015bmiertelnych s\u0105 wszyscy cz\u0142onkowie za\u0142ogi oraz osoby przebywaj\u0105ce na terenie, gdzie dosz\u0142o do eksplozji. Samolot mia\u0142 lecie\u0107 na mi\u0119dzynarodowe lotnisko w\u00a0Honolulu na Hawajach. Mi\u0119dzynarodowy port lotniczy w\u00a0Louisville jest kluczowym hubem logistycznym UPS, zatrudniaj\u0105cym ponad 12 tys. pracownik\u00f3w.<\/p>\n","protected":false},"excerpt":{"rendered":"Nad lotniskiem unios\u0142a si\u0119 kula ognia. W\u00a0USA rozbi\u0142 si\u0119 samolot UPS Federalni \u015bledczy ds. bezpiecze\u0144stwa potwierdzili odnalezienie czarnych&hellip;\n","protected":false},"author":2,"featured_media":88222,"comment_status":"","ping_status":"","sticky":false,"template":"","format":"standard","meta":{"footnotes":""},"categories":[14],"tags":[32,33,27,34,35,28,31,25,40,41,80,29,30,26,82,83,84],"class_list":{"0":"post-88221","1":"post","2":"type-post","3":"status-publish","4":"format-standard","5":"has-post-thumbnail","7":"category-swiat","8":"tag-breaking-news","9":"tag-breakingnews","10":"tag-headlines","11":"tag-latest-news","12":"tag-latestnews","13":"tag-naglowki","14":"tag-najwazniejsze-artykuly","15":"tag-news","16":"tag-polish","17":"tag-polski","18":"tag-swiat","19":"tag-top-stories","20":"tag-topstories","21":"tag-wiadomosci","22":"tag-world","23":"tag-world-news","24":"tag-worldnews"},"share_on_mastodon":{"url":"https:\/\/pubeurope.com\/@pl\/115503299748309548","error":""},"_links":{"self":[{"href":"https:\/\/www.europesays.com\/pl\/wp-json\/wp\/v2\/posts\/88221","targetHints":{"allow":["GET"]}}],"collection":[{"href":"https:\/\/www.europesays.com\/pl\/wp-json\/wp\/v2\/posts"}],"about":[{"href":"https:\/\/www.europesays.com\/pl\/wp-json\/wp\/v2\/types\/post"}],"author":[{"embeddable":true,"href":"https:\/\/www.europesays.com\/pl\/wp-json\/wp\/v2\/users\/2"}],"replies":[{"embeddable":true,"href":"https:\/\/www.europesays.com\/pl\/wp-json\/wp\/v2\/comments?post=88221"}],"version-history":[{"count":0,"href":"https:\/\/www.europesays.com\/pl\/wp-json\/wp\/v2\/posts\/88221\/revisions"}],"wp:featuredmedia":[{"embeddable":true,"href":"https:\/\/www.europesays.com\/pl\/wp-json\/wp\/v2\/media\/88222"}],"wp:attachment":[{"href":"https:\/\/www.europesays.com\/pl\/wp-json\/wp\/v2\/media?parent=88221"}],"wp:term":[{"taxonomy":"category","embeddable":true,"href":"https:\/\/www.europesays.com\/pl\/wp-json\/wp\/v2\/categories?post=88221"},{"taxonomy":"post_tag","embeddable":true,"href":"https:\/\/www.europesays.com\/pl\/wp-json\/wp\/v2\/tags?post=88221"}],"curies":[{"name":"wp","href":"https:\/\/api.w.org\/{rel}","templated":true}]}}