{"id":88300,"date":"2025-11-06T15:48:08","date_gmt":"2025-11-06T15:48:08","guid":{"rendered":"https:\/\/www.europesays.com\/pl\/88300\/"},"modified":"2025-11-06T15:48:08","modified_gmt":"2025-11-06T15:48:08","slug":"kazmierska-z-synem-urzadzili-sceny-na-lotnisku-ochrona-tylko-patrzyla","status":"publish","type":"post","link":"https:\/\/www.europesays.com\/pl\/88300\/","title":{"rendered":"Ka\u017amierska z synem urz\u0105dzili sceny na lotnisku. Ochrona tylko patrzy\u0142a"},"content":{"rendered":"<p>Dagmara Ka\u017amierska \u2014 upadek ze szczytu <\/p>\n<p class=\"Paragraph_desktopParagraph__U31Gm\">Jeszcze kilka lat temu Dagmara Ka\u017amierska cieszy\u0142a si\u0119 ogromn\u0105 popularno\u015bci\u0105 za spraw\u0105 programu &#8222;Kr\u00f3lowe \u017cycia&#8221;. Ekscentryczna i bezpo\u015brednia bohaterka by\u0142a ulubienic\u0105 widz\u00f3w. Stacje oferowa\u0142y jej kolejne propozycje wsp\u00f3\u0142pracy, a Ka\u017amierska mia\u0142a nawet okazj\u0119 znale\u017a\u0107 mi\u0142o\u015b\u0107 w programie &#8222;Dagmara szuka m\u0119\u017ca&#8221;. Wszystko zacz\u0119\u0142o si\u0119 sypa\u0107 nied\u0142ugo po tym, jak gwiazda dosta\u0142a zaproszenie do &#8222;Ta\u0144ca z Gwiazdami&#8221;. Na jaw zacz\u0119\u0142y wychodzi\u0107 szczeg\u00f3\u0142y jej kryminalnej przesz\u0142o\u015bci, a stacje masowo ko\u0144czy\u0142y z ni\u0105 wsp\u00f3\u0142prace.<\/p>\n<ul class=\"OchatFollowUps_wrapper__1ry7X\">\n<li class=\"OchatFollowUps_item__Dhyly OchatFollowUps_itemDesktop__R6aBv\">Co Dagmara Ka\u017amierska robi\u0142a na lotnisku?<\/li>\n<li class=\"OchatFollowUps_item__Dhyly OchatFollowUps_itemDesktop__R6aBv\">Dlaczego Jacek W\u00f3jcik nie chcia\u0142, aby Dagmara by\u0142a na jego pogrzebie?<\/li>\n<li class=\"OchatFollowUps_item__Dhyly OchatFollowUps_itemDesktop__R6aBv\">Kto towarzyszy\u0142 Dagmarze Ka\u017amierskiej w podr\u00f3\u017cy?<\/li>\n<li class=\"OchatFollowUps_item__Dhyly OchatFollowUps_itemDesktop__R6aBv\">Co uda\u0142o si\u0119 nagra\u0107 Conanowi na Instagramie?<\/li>\n<\/ul>\n<p class=\"Paragraph_desktopParagraph__U31Gm\">Nied\u0142ugo p\u00f3\u017aniej celebrytka otrzyma\u0142a kolejny cios. Jej najbli\u017csi przyjaciele Edzia i Jacek odwr\u00f3cili si\u0119 od niej. Nie hamowali si\u0119 r\u00f3wnie\u017c w niepochlebnych wypowiedziach. Przez lata W\u00f3jcik by\u0142 nawet pos\u0105dzany o relacj\u0119 romantyczn\u0105 z Ka\u017amiersk\u0105. Tote\u017c najwi\u0119kszym szokiem dla fan\u00f3w, by\u0142o, gdy tak podsumowa\u0142 jej osob\u0119:<\/p>\n<p class=\"Paragraph_desktopParagraph__U31Gm\">&#8222;Pogoni\u0142em \u0142ajz\u0119&#8221; \u2014 powiedzia\u0142 podczas jednego z live\u2019\u00f3w.<\/p>\n<p>Dagmara Ka\u017amierska po \u015bmierci Jacka <\/p>\n<p class=\"Paragraph_desktopParagraph__U31Gm\">Wszystko zmieni\u0142o si\u0119, jednak gdy media obieg\u0142a tragiczna wiadomo\u015b\u0107 o \u015bmierci Jacka W\u00f3jcika. Jego relacja z Dagmar\u0105, poczucie humoru i charyzma sprawia\u0142y, \u017ce miliony widz\u00f3w uwielbia\u0142o ogl\u0105da\u0107 ich razem w programie. Ka\u017amierska jako pierwsza poinformowa\u0142a o tragedii. Na swoim Instagramie opublikowa\u0142a nawet czarno-bia\u0142e zdj\u0119cie, na kt\u00f3rym znajdowa\u0142a si\u0119 wraz z Jackiem i Conanem.<\/p>\n<p class=\"Paragraph_desktopParagraph__U31Gm\">&#8222;Kochani, dzi\u015b odszed\u0142 D\u017cejk. Pom\u00f3dlmy si\u0119 za jego dusz\u0119. Dzi\u0119kuj\u0119. Zabrali ci\u0119 z go\u015bciny D\u017cejk. Do zobaczenia&#8221; \u2014 napisa\u0142a na instastory.<\/p>\n<p class=\"Paragraph_desktopParagraph__U31Gm\">Gwiazda nie pojawi\u0142a si\u0119 jednak na pogrzebie by\u0142ego przyjaciela. Jak og\u0142osi\u0142a publicznie Edyta Nowak-Nawara, Jacek nie \u017cyczy\u0142 sobie, aby Dagmara tam by\u0142a. W jej imieniu przyszed\u0142 jednak syn Conan.<\/p>\n<p>Sceny na lotnisku w wykonaniu Dagmary i Conana <\/p>\n<p class=\"Paragraph_desktopParagraph__U31Gm\">Dagmara Ka\u017amierska po skandalu na temat swojej przesz\u0142o\u015bci regularnie podr\u00f3\u017cuje po \u015bwiecie, aby z\u0142apa\u0107 oddech. Tym razem postanowi\u0142a w podr\u00f3\u017c zabra\u0107 ukochanego syna Conana. M\u0142ody m\u0119\u017cczyzna na swoim Instagramie opublikowa\u0142 nagranie, na kt\u00f3rym wida\u0107, jak zachowuj\u0105 si\u0119 w miejscu publicznym. Widocznie oczekiwanie na lot trwa\u0142o zbyt d\u0142ugo, poniewa\u017c Dagmara i Conan zdecydowali si\u0119 na nietypow\u0105 form\u0119 zabicia czasu. W sklepie znale\u017ali walizki, kt\u00f3re sk\u0142ada\u0142y si\u0119 w kszta\u0142t ma\u0142ego pojazdu. Matka i syn nie mogli zrezygnowa\u0107 z atrakcji.<\/p>\n<p class=\"Paragraph_desktopParagraph__U31Gm\">&#8222;Sorry, musia\u0142em&#8221; \u2014 podpisa\u0142 nagranie Conan.<\/p>\n<p class=\"Paragraph_desktopParagraph__U31Gm\">Ochroniarz ca\u0142y czas bacznie obserwowa\u0142 ich wzrokiem, jednak nie postanowi\u0142 zwr\u00f3ci\u0107 im uwagi (przynajmniej na nagraniu). Co dzia\u0142o si\u0119 p\u00f3\u017aniej, pozostaje jedn\u0105 wielk\u0105 niewiadom\u0105. Jedno jest pewne \u2014 fani byli zachwyceni dodanym nagraniem.<\/p>\n","protected":false},"excerpt":{"rendered":"Dagmara Ka\u017amierska \u2014 upadek ze szczytu Jeszcze kilka lat temu Dagmara Ka\u017amierska cieszy\u0142a si\u0119 ogromn\u0105 popularno\u015bci\u0105 za spraw\u0105&hellip;\n","protected":false},"author":2,"featured_media":88301,"comment_status":"","ping_status":"","sticky":false,"template":"","format":"standard","meta":{"footnotes":""},"categories":[22],"tags":[122,369,903,53,52,68,51,55,42,38,40,39,41,123,47,196,50],"class_list":{"0":"post-88300","1":"post","2":"type-post","3":"status-publish","4":"format-standard","5":"has-post-thumbnail","7":"category-rozrywka","8":"tag-entertainment","9":"tag-kk","10":"tag-kozaczek","11":"tag-new_header","12":"tag-onet3","13":"tag-onet3d","14":"tag-onet3d_2i","15":"tag-phx","16":"tag-pl","17":"tag-poland","18":"tag-polish","19":"tag-polska","20":"tag-polski","21":"tag-rozrywka","22":"tag-screening_general","23":"tag-styl_zycia","24":"tag-v2021"},"share_on_mastodon":{"url":"https:\/\/pubeurope.com\/@pl\/115503543250210692","error":""},"_links":{"self":[{"href":"https:\/\/www.europesays.com\/pl\/wp-json\/wp\/v2\/posts\/88300","targetHints":{"allow":["GET"]}}],"collection":[{"href":"https:\/\/www.europesays.com\/pl\/wp-json\/wp\/v2\/posts"}],"about":[{"href":"https:\/\/www.europesays.com\/pl\/wp-json\/wp\/v2\/types\/post"}],"author":[{"embeddable":true,"href":"https:\/\/www.europesays.com\/pl\/wp-json\/wp\/v2\/users\/2"}],"replies":[{"embeddable":true,"href":"https:\/\/www.europesays.com\/pl\/wp-json\/wp\/v2\/comments?post=88300"}],"version-history":[{"count":0,"href":"https:\/\/www.europesays.com\/pl\/wp-json\/wp\/v2\/posts\/88300\/revisions"}],"wp:featuredmedia":[{"embeddable":true,"href":"https:\/\/www.europesays.com\/pl\/wp-json\/wp\/v2\/media\/88301"}],"wp:attachment":[{"href":"https:\/\/www.europesays.com\/pl\/wp-json\/wp\/v2\/media?parent=88300"}],"wp:term":[{"taxonomy":"category","embeddable":true,"href":"https:\/\/www.europesays.com\/pl\/wp-json\/wp\/v2\/categories?post=88300"},{"taxonomy":"post_tag","embeddable":true,"href":"https:\/\/www.europesays.com\/pl\/wp-json\/wp\/v2\/tags?post=88300"}],"curies":[{"name":"wp","href":"https:\/\/api.w.org\/{rel}","templated":true}]}}