{"id":88320,"date":"2025-11-06T16:01:07","date_gmt":"2025-11-06T16:01:07","guid":{"rendered":"https:\/\/www.europesays.com\/pl\/88320\/"},"modified":"2025-11-06T16:01:07","modified_gmt":"2025-11-06T16:01:07","slug":"wta-finals-aryna-sabalenka-coco-gauff-relacja-na-zywo-przeglad-sportowy-onet","status":"publish","type":"post","link":"https:\/\/www.europesays.com\/pl\/88320\/","title":{"rendered":"WTA Finals: Aryna Sabalenka &#8211; Coco Gauff [RELACJA NA \u017bYWO] &#8211; Przegl\u0105d Sportowy Onet"},"content":{"rendered":"<ol>\n<li><a href=\"https:\/\/news.google.com\/rss\/articles\/CBMiqAFBVV95cUxQSllZeU4xNk5pejFyMmRpQ3FvQ2c5UUFLSVJEZ3hCTUI3QjRnb0VYWElrSnV4czc0UXZxMTU2ckI5VWc2T2hLMzFfOW5jZ3doczJWNDdqd2pMQW1rUlloNVpDODZwdG1rNzhEWjlsdnFDcHFXQWNEM0JFU3RmMUdzLXBYSW1XY05MWnNIMzU0M2NOckpIeUx1ZEE4WUVNbXhkRl9JcGd6T0E?oc=5\" target=\"_blank\" rel=\"nofollow noopener\">WTA Finals: Aryna Sabalenka &#8211; Coco Gauff [RELACJA NA \u017bYWO]<\/a>&nbsp;&nbsp;Przegl\u0105d Sportowy Onet<\/li>\n<li><a href=\"https:\/\/news.google.com\/rss\/articles\/CBMingFBVV95cUxPWm4zWlVaYldjQzZFNm9QdHdKV2x2T2tyTW9XOFozWFJtd18zT0dvWDBmLUZsUzVYbFdxeERIc1BjR2lCTzJaNzdnNmhmN0gyaGU4REhscUdrVWFVYUpkRExKcHZlZi1tZkxYRG9KSzBrX3pEdXp2dzNBSmZZQVVpWGlTOVlkX3c3TGo4T0pYOUVOaW5TV050dWVPVGg0QQ?oc=5\" target=\"_blank\" rel=\"nofollow noopener\">Wrze po tym, co zrobi\u0142a Sabalenka. &#8222;Posun\u0119\u0142am si\u0119 troch\u0119 za daleko&#8221;<\/a>&nbsp;&nbsp;SportoweFakty<\/li>\n<li><a href=\"https:\/\/news.google.com\/rss\/articles\/CBMiogFBVV95cUxNU3VQWnlTUEM4QU1iSkxtSjRGbU5ydVFLcV9TTDVYZ2Z4QkpNTG1WNjREZkF6MzUwV095aUQzQWZfSmtZQ3FfWEhhcER3elNoSjBWY1RtZGhveTBtbDlIeFdpT2VMaWlrZnVjendMUDFyX0ozdmtTT2pKbzJ1UVFtaVpNRTFKXzVUZk5TcHFUY1BmR2l3Uk1mTXlqdHJBZE0xZ1E?oc=5\" target=\"_blank\" rel=\"nofollow noopener\">Sabalenka &#8211; Gauff wynik meczu. Kto wygra\u0142 w WTA Finals?<\/a>&nbsp;&nbsp;www.polsatsport.pl<\/li>\n<li><a href=\"https:\/\/news.google.com\/rss\/articles\/CBMivwFBVV95cUxObVBsLWxaanJsVXlMVjVqb1M2cUY1a25UbnZGd2xlYXJjQUgxZWlJZTlRdDQ3a0c0bENXMXZjX3FPZXFPZHhZOXk3Y0tFbDR6bTZtdmlFZkR1VENrWDg0SUlUNmhqVWd1R1Qxd000S05qLTFyVnBoMjFJbEtLQ1BiYmlGUlpkc3BTYXNqRFBPazd2Njh2dDRncDZiUGVNWHhQcWZTUERNNndsQXdUQ3YtNHJMREw2a0VfTGhOaVpPRQ?oc=5\" target=\"_blank\" rel=\"nofollow noopener\">Trener mia\u0142 do\u015b\u0107 krzyk\u00f3w Sabalenki. Opu\u015bci\u0142 kort, a tenisistka si\u0119 na niego w\u015bciek\u0142a<\/a>&nbsp;&nbsp;Dziennik.pl Sport<\/li>\n<li><a href=\"https:\/\/news.google.com\/rss\/articles\/CBMivAFBVV95cUxOejEzdXlNS0hGWVNzRHh1SFN5dHRqRGRrVlpBZjM5M3E1dVc5Ty0zVFdxSGprVFZwTlNfLXJXVVliZW5hdE1iN2dXNV8ySUVGNmFqSHVWQTRlak9yOThuVldqckdRWnBqYjhhNUhHUnQ1eVdPU0x3YzdXZlpxb2pCWHNzbVlBX1ZteVZFWkREX1hPOWlSVFJmd1RGZEJnU3NuYnZPZXo5NXUwRHdfOG9wSTQzUFY2Q3h0Q3MzcQ?oc=5\" target=\"_blank\" rel=\"nofollow noopener\">Gwiazda nie wytrzyma\u0142a po zachowaniu Sabalenki. Pad\u0142y wulgarne s\u0142owa<\/a>&nbsp;&nbsp;Sport w INTERIA.PL<\/li>\n<\/ol>\n","protected":false},"excerpt":{"rendered":"WTA Finals: Aryna Sabalenka &#8211; Coco Gauff [RELACJA NA \u017bYWO]&nbsp;&nbsp;Przegl\u0105d Sportowy Onet Wrze po tym, co zrobi\u0142a Sabalenka.&hellip;\n","protected":false},"author":2,"featured_media":88321,"comment_status":"","ping_status":"","sticky":false,"template":"","format":"standard","meta":{"footnotes":"","_share_on_mastodon":"0"},"categories":[24],"tags":[1352,5218,188,186,42,38,40,39,41,136,128,47,127,135,126,156,130,1505],"class_list":["post-88320","post","type-post","status-publish","format-standard","has-post-thumbnail","category-sport","tag-aryna_sabalenka","tag-coco_gauff","tag-liveblog","tag-na_zywo","tag-pl","tag-poland","tag-polish","tag-polska","tag-polski","tag-ps_detal_new","tag-psv2","tag-screening_general","tag-sport","tag-sport_sport","tag-sports","tag-tenis","tag-wiadomosci_sportowe","tag-wta_finals"],"share_on_mastodon":{"url":"https:\/\/pubeurope.com\/@pl\/115503594554013652","error":""},"_links":{"self":[{"href":"https:\/\/www.europesays.com\/pl\/wp-json\/wp\/v2\/posts\/88320","targetHints":{"allow":["GET"]}}],"collection":[{"href":"https:\/\/www.europesays.com\/pl\/wp-json\/wp\/v2\/posts"}],"about":[{"href":"https:\/\/www.europesays.com\/pl\/wp-json\/wp\/v2\/types\/post"}],"author":[{"embeddable":true,"href":"https:\/\/www.europesays.com\/pl\/wp-json\/wp\/v2\/users\/2"}],"replies":[{"embeddable":true,"href":"https:\/\/www.europesays.com\/pl\/wp-json\/wp\/v2\/comments?post=88320"}],"version-history":[{"count":0,"href":"https:\/\/www.europesays.com\/pl\/wp-json\/wp\/v2\/posts\/88320\/revisions"}],"wp:featuredmedia":[{"embeddable":true,"href":"https:\/\/www.europesays.com\/pl\/wp-json\/wp\/v2\/media\/88321"}],"wp:attachment":[{"href":"https:\/\/www.europesays.com\/pl\/wp-json\/wp\/v2\/media?parent=88320"}],"wp:term":[{"taxonomy":"category","embeddable":true,"href":"https:\/\/www.europesays.com\/pl\/wp-json\/wp\/v2\/categories?post=88320"},{"taxonomy":"post_tag","embeddable":true,"href":"https:\/\/www.europesays.com\/pl\/wp-json\/wp\/v2\/tags?post=88320"}],"curies":[{"name":"wp","href":"https:\/\/api.w.org\/{rel}","templated":true}]}}