{"id":88410,"date":"2025-11-06T16:55:12","date_gmt":"2025-11-06T16:55:12","guid":{"rendered":"https:\/\/www.europesays.com\/pl\/88410\/"},"modified":"2025-11-06T16:55:12","modified_gmt":"2025-11-06T16:55:12","slug":"marta-nawrocka-otworzyla-sie-na-temat-adopcji-syna-nie-mial-innego-ojca","status":"publish","type":"post","link":"https:\/\/www.europesays.com\/pl\/88410\/","title":{"rendered":"Marta Nawrocka otworzy\u0142a si\u0119 na temat adopcji syna. &#8222;Nie mia\u0142 innego ojca&#8221;"},"content":{"rendered":"<p class=\"Paragraph_desktopParagraph__U31Gm\">Nawroccy, wychowuj\u0105cy troje dzieci, w tym najstarszego syna Daniela oraz m\u0142odsze rodze\u0144stwo, Antoniego i Katarzyn\u0119, podkre\u015blaj\u0105, \u017ce rodzina jest dla nich najwa\u017cniejsza. Daniel, syn <a href=\"https:\/\/plejada.pl\/marta-nawrocka\" id=\"451dba5d-541e-4285-b1d1-444d2b8cb29e\" rel=\"nofollow noopener\" target=\"_blank\">Marty Nawrockiej<\/a> z wcze\u015bniejszego zwi\u0105zku, pojawi\u0142 si\u0119 w \u017cyciu <a href=\"https:\/\/plejada.pl\/karol-nawrocki-prezydent\" id=\"fe7e1ecc-78de-4323-9342-312da977bac2\" rel=\"nofollow noopener\" target=\"_blank\">Karola Nawrockiego<\/a> jako dwulatek, a wkr\u00f3tce potem zosta\u0142 przez niego adoptowany. Para zgodnie przyznaje, \u017ce decyzja ta by\u0142a dla nich naturalna i oczywista.<\/p>\n<ul class=\"OchatFollowUps_wrapper__1ry7X\">\n<li class=\"OchatFollowUps_item__Dhyly OchatFollowUps_itemDesktop__R6aBv\">Jakie jest imi\u0119 najstarszego syna Marty Nawrockiej?<\/li>\n<li class=\"OchatFollowUps_item__Dhyly OchatFollowUps_itemDesktop__R6aBv\">Kiedy Karol Nawrocki adoptowa\u0142 Daniela?<\/li>\n<li class=\"OchatFollowUps_item__Dhyly OchatFollowUps_itemDesktop__R6aBv\">Kto podj\u0105\u0142 decyzj\u0119 o adopcji syna?<\/li>\n<li class=\"OchatFollowUps_item__Dhyly OchatFollowUps_itemDesktop__R6aBv\">Ile dzieci maj\u0105 Nawroccy?<\/li>\n<\/ul>\n<p class=\"Paragraph_desktopParagraph__U31Gm\">W rozmowie z magazynem &#8222;Viva!&#8221; Marta Nawrocka otwarcie opowiedzia\u0142a o adopcji swojego najstarszego syna. Zaznaczy\u0142a, \u017ce Daniel od najm\u0142odszych lat by\u0142 wychowywany przez Karola i traktuje go jak jedynego ojca.<\/p>\n<blockquote>\n<p class=\"Paragraph_desktopParagraph__U31Gm\">Daniel ma 22 lata, od drugiego roku \u017cycia jest z Karolem, ze swoim tat\u0105, nie mia\u0142 innego ojca. Ta wi\u0119\u017a, kt\u00f3ra mi\u0119dzy nimi powsta\u0142a, jest pe\u0142na i bezwarunkowa<\/p>\n<\/blockquote>\n<p class=\"Paragraph_desktopParagraph__U31Gm\">\u2014 wyzna\u0142a.<\/p>\n<p class=\"Paragraph_desktopParagraph__U31Gm\">Podkre\u015bli\u0142a r\u00f3wnie\u017c, \u017ce to jej m\u0105\u017c samodzielnie podj\u0105\u0142 decyzj\u0119 o adopcji ch\u0142opca. Od tamtej chwili Daniel nosi nazwisko Nawrocki.<\/p>\n<blockquote>\n<p class=\"Paragraph_desktopParagraph__U31Gm\">By\u0142a to inicjatywa m\u0119\u017ca. Przeszli\u015bmy pe\u0142n\u0105 adopcj\u0119, Daniel nosi nazwisko m\u0119\u017ca. Od tamtej chwili nasze \u017cycie toczy si\u0119 tak, jakby zawsze by\u0142o oczywiste, \u017ce Karol jest tat\u0105 Daniela<\/p>\n<\/blockquote>\n<p class=\"Paragraph_desktopParagraph__U31Gm\">\u2014 doda\u0142a.<\/p>\n<p class=\"Paragraph_desktopParagraph__U31Gm\">Marta Nawrocka w rozmowie nie kry\u0142a, jak wa\u017cna jest dla niej stabilno\u015b\u0107 i blisko\u015b\u0107 w rodzinie. Podkre\u015bli\u0142a, \u017ce dom, kt\u00f3ry stworzyli wsp\u00f3lnie z Karolem, jest miejscem pe\u0142nym mi\u0142o\u015bci i normalno\u015bci.<\/p>\n<p class=\"Paragraph_desktopParagraph__U31Gm\">&#8222;Rodzina jest dla mnie fundamentem wszystkiego. Bez niej nie by\u0142oby mnie. (&#8230;) W tym wszystkim najwa\u017cniejsze jest, \u017ceby nasze dzieci wiedzia\u0142y, \u017ce niezale\u017cnie od r\u00f3l i tytu\u0142\u00f3w wci\u0105\u017c jeste\u015bmy t\u0105 sam\u0105 rodzin\u0105, \u017ce mamy swoje rytua\u0142y, \u015bwi\u0119ta, swoje ma\u0142e codzienno\u015bci, kt\u00f3re nas buduj\u0105. I \u017ce dom jest miejscem, gdzie nie ma protoko\u0142u, tylko mi\u0142o\u015b\u0107, normalno\u015b\u0107 i \u015bmiech&#8221; \u2014 podsumowa\u0142a.<\/p>\n<p><img decoding=\"async\" class=\"Image_image__0tuHp \" height=\"490\" width=\"940\" src=\"https:\/\/www.europesays.com\/pl\/wp-content\/uploads\/2025\/11\/cnyk9kpTURBXy8zNGU0MTQ3MGRkYjFhNDA2MWQ4MjM3OTlhN2E2MTZlMy5qcGeSlQLNA6wAwsOVAgDNAkvCw94AA6EwAaExAaEzw.jpeg\" alt=\"Marta Nawrocka i Daniel Nawrocki\" loading=\"lazy\" \/>https:\/\/www.youtube.com\/@danawrocki \/ YouTube<\/p>\n<p>Marta Nawrocka i Daniel Nawrocki<\/p>\n<p><img decoding=\"async\" class=\"Image_image__0tuHp \" height=\"587\" width=\"880\" src=\"https:\/\/www.europesays.com\/pl\/wp-content\/uploads\/2025\/11\/N4Ck9kpTURBXy85NzUyOTZjMDY2M2E5MjE5MmZhYjM2ZTAyZWQ1N2RlYS5qcGeSlQLNA6wAwsOVAgDNAkvCw94AA6EwAaExAaEzw.jpeg\" alt=\"Marta Nawrocka\" loading=\"lazy\" \/>Piotr Polak \/ PAP<\/p>\n<p>Marta Nawrocka<\/p>\n<p><img decoding=\"async\" class=\"Image_image__0tuHp \" height=\"587\" width=\"512\" src=\"https:\/\/www.europesays.com\/pl\/wp-content\/uploads\/2025\/11\/pr3k9kpTURBXy8wZmQ1NzNkZDRiMzE2YTJmNjM0ZTRiYTUzOTBmYWJjMi5wbmeTlQMAAM0DJ80DnJUCzQOsAMLDlQIAzQJLwsPeA.jpeg\" alt=\"Karol Nawrocki, Daniel Nawrocki, Filip Chajzer\" loading=\"lazy\" \/>instagram.com\/nawrockidaniel_\/<\/p>\n<p>Karol Nawrocki, Daniel Nawrocki, Filip Chajzer<\/p>\n<p class=\"Paragraph_desktopParagraph__U31Gm\">Dzi\u0119kujemy, \u017ce przeczyta\u0142a\u015b\/e\u015b nasz artyku\u0142 do ko\u0144ca. W serwisie Plejada.pl ka\u017cdego dnia piszemy o najwa\u017cniejszych wydarzeniach show-biznesowych. B\u0105d\u017a na bie\u017c\u0105co! <a rel=\"nofollow noopener\" href=\"https:\/\/news.google.com\/publications\/CAAiEF0PeAlb7W1llpV_mwV2rL4qFAgKIhBdD3gJW-1tZZaVf5sFdqy-?hl=pl&amp;gl=PL&amp;ceid=PL%3Apl\" id=\"47e83583-fe11-4090-b18b-c330c82fe4ef\" target=\"_blank\">Obserwuj<\/a> Plejad\u0119 w Wiadomo\u015bciach Google. Odwied\u017a nas tak\u017ce na <a rel=\"nofollow noopener\" href=\"https:\/\/www.facebook.com\/plejadapl\" id=\"7855ff85-8420-4ac8-a706-751b4180a2ea\" target=\"_blank\">Facebooku<\/a>, <a rel=\"nofollow noopener\" href=\"https:\/\/www.instagram.com\/plejadapl\/\" id=\"0b1910d1-03d7-42ca-b838-315d71c41e86\" target=\"_blank\">Instagramie<\/a>, <a rel=\"nofollow noopener\" href=\"https:\/\/www.youtube.com\/c\/plejada\" id=\"53503c6d-e27e-40fb-adf9-34b2f8ca5cb1\" target=\"_blank\">YouTube<\/a> oraz <a rel=\"nofollow noopener\" href=\"https:\/\/www.tiktok.com\/@plejada_pl\" id=\"d798de82-f330-4bbe-bcf0-316b05d23be7\" target=\"_blank\">TikToku<\/a>.<\/p>\n<p class=\"Paragraph_desktopParagraph__U31Gm\">Chcesz podzieli\u0107 si\u0119 ciekawym newsem lub zaproponowa\u0107 temat? Skontaktuj si\u0119 z nami, pisz\u0105c e-maila na adres: <a href=\"https:\/\/www.onet.pl\/styl-zycia\/plejada\/marta-nawrocka-otworzyla-sie-na-temat-adopcji-syna-nie-mial-innego-ojca\/mailto:plejada@redakcjaonet.pl\" id=\"45630553-0543-4e87-bf02-136b4e333cdd\" rel=\"nofollow noopener\" target=\"_blank\">plejada@redakcjaonet.pl<\/a>.<\/p>\n<p><script async src=\"\/\/www.instagram.com\/embed.js\"><\/script><script async src=\"\/\/www.tiktok.com\/embed.js\"><\/script><\/p>\n","protected":false},"excerpt":{"rendered":"Nawroccy, wychowuj\u0105cy troje dzieci, w tym najstarszego syna Daniela oraz m\u0142odsze rodze\u0144stwo, Antoniego i Katarzyn\u0119, podkre\u015blaj\u0105, \u017ce rodzina&hellip;\n","protected":false},"author":2,"featured_media":88411,"comment_status":"","ping_status":"","sticky":false,"template":"","format":"standard","meta":{"footnotes":""},"categories":[12],"tags":[32,33,36,37,27,67,240,34,35,1661,28,31,53,25,19862,52,68,51,55,42,38,40,39,41,47,196,29,30,65,50,26],"class_list":{"0":"post-88410","1":"post","2":"type-post","3":"status-publish","4":"format-standard","5":"has-post-thumbnail","7":"category-polska","8":"tag-breaking-news","9":"tag-breakingnews","10":"tag-featured-news","11":"tag-featurednews","12":"tag-headlines","13":"tag-intextvideo_splayer","14":"tag-karol_nawrocki_prezydent","15":"tag-latest-news","16":"tag-latestnews","17":"tag-marta_nawrocka","18":"tag-naglowki","19":"tag-najwazniejsze-artykuly","20":"tag-new_header","21":"tag-news","22":"tag-no_layer_tst1","23":"tag-onet3","24":"tag-onet3d","25":"tag-onet3d_2i","26":"tag-phx","27":"tag-pl","28":"tag-poland","29":"tag-polish","30":"tag-polska","31":"tag-polski","32":"tag-screening_general","33":"tag-styl_zycia","34":"tag-top-stories","35":"tag-topstories","36":"tag-update_me","37":"tag-v2021","38":"tag-wiadomosci"},"share_on_mastodon":{"url":"https:\/\/pubeurope.com\/@pl\/115503807032465357","error":""},"_links":{"self":[{"href":"https:\/\/www.europesays.com\/pl\/wp-json\/wp\/v2\/posts\/88410","targetHints":{"allow":["GET"]}}],"collection":[{"href":"https:\/\/www.europesays.com\/pl\/wp-json\/wp\/v2\/posts"}],"about":[{"href":"https:\/\/www.europesays.com\/pl\/wp-json\/wp\/v2\/types\/post"}],"author":[{"embeddable":true,"href":"https:\/\/www.europesays.com\/pl\/wp-json\/wp\/v2\/users\/2"}],"replies":[{"embeddable":true,"href":"https:\/\/www.europesays.com\/pl\/wp-json\/wp\/v2\/comments?post=88410"}],"version-history":[{"count":0,"href":"https:\/\/www.europesays.com\/pl\/wp-json\/wp\/v2\/posts\/88410\/revisions"}],"wp:featuredmedia":[{"embeddable":true,"href":"https:\/\/www.europesays.com\/pl\/wp-json\/wp\/v2\/media\/88411"}],"wp:attachment":[{"href":"https:\/\/www.europesays.com\/pl\/wp-json\/wp\/v2\/media?parent=88410"}],"wp:term":[{"taxonomy":"category","embeddable":true,"href":"https:\/\/www.europesays.com\/pl\/wp-json\/wp\/v2\/categories?post=88410"},{"taxonomy":"post_tag","embeddable":true,"href":"https:\/\/www.europesays.com\/pl\/wp-json\/wp\/v2\/tags?post=88410"}],"curies":[{"name":"wp","href":"https:\/\/api.w.org\/{rel}","templated":true}]}}