{"id":8851,"date":"2025-09-22T04:21:13","date_gmt":"2025-09-22T04:21:13","guid":{"rendered":"https:\/\/www.europesays.com\/pl\/8851\/"},"modified":"2025-09-22T04:21:13","modified_gmt":"2025-09-22T04:21:13","slug":"najwiekszy-magazyn-energii-w-europie-powstanie-w-polsce","status":"publish","type":"post","link":"https:\/\/www.europesays.com\/pl\/8851\/","title":{"rendered":"Najwi\u0119kszy magazyn energii w Europie powstanie w Polsce"},"content":{"rendered":"\n<p>&#13;<br \/>\nW pi\u0105tek (19 wrze\u015bnia) Polska Grupa Energetyczna oficjalnie rozpocz\u0119\u0142a prace przy <a href=\"https:\/\/dorzeczy.pl\/ekonomia\/781515\/zarnowiec-powstanie-bateryjny-magazyn-energii-o-mocy-263-mw.html\" rel=\"nofollow noopener\" target=\"_blank\">budowie<\/a> bateryjnego Magazynu Energii Elektrycznej \u017barnowiec o\u00a0mocy 262 MW i\u00a0pojemno\u015bci ok. 981 MWh. Oddanie inwestycji przewidziane jest na\u00a0drugi kwarta\u0142 2027\u00a0r. &#13;\n<\/p>\n<p>&#13;<br \/>\nBaterie do\u00a0magazynu zostan\u0105 wyprodukowane w\u00a0Polsce, w\u00a0fabryce LG Energy Solution w\u00a0Biskupicach Podg\u00f3rnych pod\u00a0Wroc\u0142awiem. Projekt w\u00a0\u017barnowcu b\u0119dzie pierwszym, dla\u00a0kt\u00f3rego baterie zostan\u0105 wyprodukowane przez LG w\u0142a\u015bnie w\u00a0naszym kraju. &#13;\n<\/p>\n<p>Najwi\u0119kszy magazyn energii w\u00a0Europie powstanie w\u00a0Polsce. Tusk: Dzi\u0119ki takim inwestycjom b\u0119dziemy mieli ta\u0144szy pr\u0105d <\/p>\n<p>&#13;<br \/>\nG\u0142os w\u00a0tej sprawie zabra\u0142 premier Donald Tusk. \u2013\u00a09 milion\u00f3w takich powerbank\u00f3w. Tak\u0105 pojemno\u015b\u0107 b\u0119dzie mia\u0142 magazyn energii w\u00a0\u017barnowcu, kt\u00f3ry w\u0142a\u015bnie budujemy \u2013\u00a0powiedzia\u0142 szef rz\u0105du w\u00a0nagraniu opublikowanym w\u00a0serwisie X w\u00a0sobot\u0119. &#13;\n<\/p>\n<p>&#13;<br \/>\nPremier podkre\u015bli\u0142, \u017ce\u00a0&#8222;nowoczesna energetyka, tani pr\u0105d, to\u00a0jest synergia mi\u0119dzy wiatrakami na\u00a0morzu, wiatrakami na\u00a0l\u0105dzie, elektrowni\u0105 j\u0105drow\u0105 i\u00a0w\u0142a\u015bnie takimi magazynami energii&#8221;. &#13;\n<\/p>\n<p>&#13;<br \/>\n\u2013 To\u00a0najwi\u0119ksza tego typu inwestycja w\u00a0Europie i\u00a0w\u0142a\u015bnie dzi\u0119ki takim inwestycjom b\u0119dziemy mieli w\u00a0przysz\u0142o\u015bci ta\u0144szy pr\u0105d \u2013\u00a0stwierdzi\u0142 Tusk. &#13;\n<\/p>\n<p>&#13;<br \/>\ntwitter&#13;\n<\/p>\n<p>&#13;<br \/>\nMagazyn w\u00a0\u017barnowcu b\u0119dzie \u0142adowany w\u00a0okresach nadwy\u017cki produkcji z\u00a0OZE i\u00a0oddawa\u0142 energi\u0119 do\u00a0sieci w\u00a0momentach zwi\u0119kszonego zapotrzebowania, co\u00a0jest szczeg\u00f3lnie istotne w\u00a0regionach takich jak Pomorze, gdzie cz\u0119sto wyst\u0119puje jednocze\u015bnie silne nas\u0142onecznienie i\u00a0wiatr \u2013\u00a0t\u0142umaczy Ministerstwo Klimatu i\u00a0\u015arodowiska. &#13;\n<\/p>\n<p>&#13;<br \/>\nGrupa PGE wytwarza 41 proc. produkcji netto energii elektrycznej w\u00a0Polsce, a\u00a0jej udzia\u0142 w\u00a0rynku ciep\u0142a wynosi 18 proc. Grupa szacuje sw\u00f3j udzia\u0142 w\u00a0rynku energii ze\u00a0\u017ar\u00f3de\u0142 odnawialnych na\u00a010 proc. Na\u00a0obszarze dystrybucyjnym wielko\u015bci ok. 123 tys. kilometr\u00f3w kwadratowych PGE obs\u0142uguje 5,5 mln klient\u00f3w. &#13;\n<\/p>\n<p>&#13;<br \/>\nCzytaj te\u017c:<br \/><a href=\"https:\/\/dorzeczy.pl\/ekonomia\/780807\/ustawy-ministerstwa-energii-czekaja-na-decyzje-prezydenta.html\" rel=\"follow nofollow noopener\" data-schema=\"DORZECZY\" data-image=\"https:\/\/img.dorzeczy.pl\/_thumb\/7x\/xf\/96ebedbdxx7743e6013fc5b958f4.jpeg\" target=\"_blank\">&#8222;Odpowiedzialno\u015b\u0107 spoczywa teraz w\u00a0r\u0119kach prezydenta&#8221;. Co\u00a0zrobi Nawrocki?<\/a>&#13;<\/p>\n","protected":false},"excerpt":{"rendered":"&#13; W pi\u0105tek (19 wrze\u015bnia) Polska Grupa Energetyczna oficjalnie rozpocz\u0119\u0142a prace przy budowie bateryjnego Magazynu Energii Elektrycznej \u017barnowiec&hellip;\n","protected":false},"author":2,"featured_media":8852,"comment_status":"","ping_status":"","sticky":false,"template":"","format":"standard","meta":{"footnotes":""},"categories":[16],"tags":[113,112,1347,1345,98,105,49,2609,42,38,40,39,41,2626,2608],"class_list":{"0":"post-8851","1":"post","2":"type-post","3":"status-publish","4":"format-standard","5":"has-post-thumbnail","7":"category-biznes","8":"tag-biznes","9":"tag-business","10":"tag-damian-cygan","11":"tag-donald-tusk","12":"tag-dorzeczy","13":"tag-ekonomia","14":"tag-kraj","15":"tag-magazyn-energii","16":"tag-pl","17":"tag-poland","18":"tag-polish","19":"tag-polska","20":"tag-polski","21":"tag-prad","22":"tag-zarnowiec"},"share_on_mastodon":{"url":"","error":""},"_links":{"self":[{"href":"https:\/\/www.europesays.com\/pl\/wp-json\/wp\/v2\/posts\/8851","targetHints":{"allow":["GET"]}}],"collection":[{"href":"https:\/\/www.europesays.com\/pl\/wp-json\/wp\/v2\/posts"}],"about":[{"href":"https:\/\/www.europesays.com\/pl\/wp-json\/wp\/v2\/types\/post"}],"author":[{"embeddable":true,"href":"https:\/\/www.europesays.com\/pl\/wp-json\/wp\/v2\/users\/2"}],"replies":[{"embeddable":true,"href":"https:\/\/www.europesays.com\/pl\/wp-json\/wp\/v2\/comments?post=8851"}],"version-history":[{"count":0,"href":"https:\/\/www.europesays.com\/pl\/wp-json\/wp\/v2\/posts\/8851\/revisions"}],"wp:featuredmedia":[{"embeddable":true,"href":"https:\/\/www.europesays.com\/pl\/wp-json\/wp\/v2\/media\/8852"}],"wp:attachment":[{"href":"https:\/\/www.europesays.com\/pl\/wp-json\/wp\/v2\/media?parent=8851"}],"wp:term":[{"taxonomy":"category","embeddable":true,"href":"https:\/\/www.europesays.com\/pl\/wp-json\/wp\/v2\/categories?post=8851"},{"taxonomy":"post_tag","embeddable":true,"href":"https:\/\/www.europesays.com\/pl\/wp-json\/wp\/v2\/tags?post=8851"}],"curies":[{"name":"wp","href":"https:\/\/api.w.org\/{rel}","templated":true}]}}