{"id":88518,"date":"2025-11-06T18:00:08","date_gmt":"2025-11-06T18:00:08","guid":{"rendered":"https:\/\/www.europesays.com\/pl\/88518\/"},"modified":"2025-11-06T18:00:08","modified_gmt":"2025-11-06T18:00:08","slug":"demolka-w-meczu-o-wszystko-w-wta-finals-oto-kolejna-polfinalistka-przeglad-sportowy-onet","status":"publish","type":"post","link":"https:\/\/www.europesays.com\/pl\/88518\/","title":{"rendered":"Demolka w meczu o wszystko w WTA Finals! Oto kolejna p\u00f3\u0142finalistka &#8211; Przegl\u0105d Sportowy Onet"},"content":{"rendered":"<ol>\n<li><a href=\"https:\/\/news.google.com\/rss\/articles\/CBMisgFBVV95cUxQc181UEJyTTY1TmJyUnNuTGVLSlRrcXhvZ0hES3d2dDM5U0p5VDFyajlTTF9mOWltYm1WclJZWDN3X0kzVjJQSjR5OTA5Yzd0RUlNUVZtQVp4TU04d1hiV1dHWHQ5d2RuTkFqTkV5dWVLWkxVd3Q1QThOM0pZMjRFZ2xhSlRpZElFakxLUW1xcFZKQUx4UFY4Q01tb0I4S2FzN3ZrbmlDTGNQTUo3M1EyRTVR?oc=5\" target=\"_blank\" rel=\"nofollow noopener\">Demolka w meczu o wszystko w WTA Finals! Oto kolejna p\u00f3\u0142finalistka<\/a>&nbsp;&nbsp;Przegl\u0105d Sportowy Onet<\/li>\n<li><a href=\"https:\/\/news.google.com\/rss\/articles\/CBMirwFBVV95cUxPeTByRlp2amgySTdnSURQeFozVFdPektfMkZ3bWVjd2NtQnI4cXk4ZVRLdUhsTDJKaUY2Q0duY2Q5b1o2MXZ3ZnhSNXpfUi1QVG13UVZYR0NIUWp6X2tRbUhXSTdBMXVnT3NhUkVCMHVMYmRDVU1jT2xrLXVKWXZaTGROOVVsSkZwamlwbURmQVRwYXczbWdQbUFicEw4d1l0Y0JTb2lJRGdCdXl3azY0?oc=5\" target=\"_blank\" rel=\"nofollow noopener\">Wszystko jasne! Oto pary p\u00f3\u0142fina\u0142owe WTA Finals! Dwa wielkie hity<\/a>&nbsp;&nbsp;Przegl\u0105d Sportowy Onet<\/li>\n<li><a href=\"https:\/\/news.google.com\/rss\/articles\/CBMiswFBVV95cUxNX0x4T2lqZW9RY1JFNU14aHEwZzRiLTVUdUtyTFhfZDFPOFBKWXhINW5lN0labm1ydjBUYS1Kdm1rMkloTnpoVmlIUUR4UUI2SF9zUXMzNnFCRzd5TDUyOERGMDdTdThCbFV4S2pSTXFXTjJtVVlWWWVHVEd5cHFlTEt3cC1EM0N1cnFHLXVYQTl4YjRxbUJNTmRfM1VzUy1JQUc4MGFNaGRDbzUyYkpxZ2Nqaw?oc=5\" target=\"_blank\" rel=\"nofollow noopener\">Pegula nie zostawi\u0142a z\u0142udze\u0144 i jest w p\u00f3\u0142finale. Reszta w r\u0119kach rywalek<\/a>&nbsp;&nbsp;SportoweFakty<\/li>\n<li><a href=\"https:\/\/news.google.com\/rss\/articles\/CBMirAFBVV95cUxNZWdadmx4RGR4S0dUWTVGTHphUzRiNUk0aUlFcDRpSVVSMHM0R0NGS0ZsU0k4ZWhpWjFYTHFoenduRWRldUxCWllOd2lfaG5HTVlzeFNPenhBTXlBNkhZbERXUGxjZjlRVnlzazdoeUVma0tLM0dYRVRZd0RtVElkWlprTkNMcEZ5TUlGODJLY19TV2s2YUJqX011M0RFa3RIQkdfc0xqeXFUa0V3?oc=5\" target=\"_blank\" rel=\"nofollow noopener\">Znamy trzeci\u0105 p\u00f3\u0142finalistk\u0119 WTA Finals. Na ten wynik czeka\u0142a Aryna Sabalenka<\/a>&nbsp;&nbsp;Sport w INTERIA.PL<\/li>\n<li><a href=\"https:\/\/news.google.com\/rss\/articles\/CBMilAJBVV95cUxNdjE5ekxjSDVMcVN3V0t3ZHlPMk5KYlJxclJWckJ3OVo0RHQ3emFLeFhQSEdVT1NTdkEyT25oandlZGp2clZkbTlfRTBSeEtTZWExbjBfdDZzdWEzdS05Z1ZhUEQ2V3VyT1JpQlpqWmRua1NrQlFmRTJfNmhwQ1czTVYzUlZRX3c4Ti1SSWtsY05nbVBlcTRhQUdhN0xlaVZ1MXYtSTRRVHRFajV1M2V5UEw5Q0xXdGJMTnp0c2h1LXg5MGR6eVlBMTZSUURSdTRRRW55WEgzQ0lCeFktUnhsRUVjZENseThBRVZZUTBNbUh6N3VveHR5QUFkNDVQLWxSRjZ4RGRXLTM3SFRsR3otWXBNMWE?oc=5\" target=\"_blank\" rel=\"nofollow noopener\">Plan wykonany w stu procentach. Pegula nie musi czeka\u0107 na hit<\/a>&nbsp;&nbsp;Eurosport Polska<\/li>\n<\/ol>\n","protected":false},"excerpt":{"rendered":"Demolka w meczu o wszystko w WTA Finals! Oto kolejna p\u00f3\u0142finalistka&nbsp;&nbsp;Przegl\u0105d Sportowy Onet Wszystko jasne! Oto pary p\u00f3\u0142fina\u0142owe&hellip;\n","protected":false},"author":2,"featured_media":88519,"comment_status":"","ping_status":"","sticky":false,"template":"","format":"standard","meta":{"footnotes":""},"categories":[24],"tags":[67,7594,7376,42,38,40,39,41,136,128,47,127,135,126,156,130,1505],"class_list":{"0":"post-88518","1":"post","2":"type-post","3":"status-publish","4":"format-standard","5":"has-post-thumbnail","7":"category-sport","8":"tag-intextvideo_splayer","9":"tag-jasmine_paolini","10":"tag-jessica_pegula","11":"tag-pl","12":"tag-poland","13":"tag-polish","14":"tag-polska","15":"tag-polski","16":"tag-ps_detal_new","17":"tag-psv2","18":"tag-screening_general","19":"tag-sport","20":"tag-sport_sport","21":"tag-sports","22":"tag-tenis","23":"tag-wiadomosci_sportowe","24":"tag-wta_finals"},"share_on_mastodon":{"url":"https:\/\/pubeurope.com\/@pl\/115504062558391712","error":""},"_links":{"self":[{"href":"https:\/\/www.europesays.com\/pl\/wp-json\/wp\/v2\/posts\/88518","targetHints":{"allow":["GET"]}}],"collection":[{"href":"https:\/\/www.europesays.com\/pl\/wp-json\/wp\/v2\/posts"}],"about":[{"href":"https:\/\/www.europesays.com\/pl\/wp-json\/wp\/v2\/types\/post"}],"author":[{"embeddable":true,"href":"https:\/\/www.europesays.com\/pl\/wp-json\/wp\/v2\/users\/2"}],"replies":[{"embeddable":true,"href":"https:\/\/www.europesays.com\/pl\/wp-json\/wp\/v2\/comments?post=88518"}],"version-history":[{"count":0,"href":"https:\/\/www.europesays.com\/pl\/wp-json\/wp\/v2\/posts\/88518\/revisions"}],"wp:featuredmedia":[{"embeddable":true,"href":"https:\/\/www.europesays.com\/pl\/wp-json\/wp\/v2\/media\/88519"}],"wp:attachment":[{"href":"https:\/\/www.europesays.com\/pl\/wp-json\/wp\/v2\/media?parent=88518"}],"wp:term":[{"taxonomy":"category","embeddable":true,"href":"https:\/\/www.europesays.com\/pl\/wp-json\/wp\/v2\/categories?post=88518"},{"taxonomy":"post_tag","embeddable":true,"href":"https:\/\/www.europesays.com\/pl\/wp-json\/wp\/v2\/tags?post=88518"}],"curies":[{"name":"wp","href":"https:\/\/api.w.org\/{rel}","templated":true}]}}