{"id":88530,"date":"2025-11-06T18:06:08","date_gmt":"2025-11-06T18:06:08","guid":{"rendered":"https:\/\/www.europesays.com\/pl\/88530\/"},"modified":"2025-11-06T18:06:08","modified_gmt":"2025-11-06T18:06:08","slug":"pawel-kukiz-o-areszcie-dla-zbigniewa-ziobry-beda-sie-bali","status":"publish","type":"post","link":"https:\/\/www.europesays.com\/pl\/88530\/","title":{"rendered":"Pawe\u0142 Kukiz o areszcie dla Zbigniewa Ziobry. &#8222;B\u0119d\u0105 si\u0119 bali&#8221;"},"content":{"rendered":"<p class=\"Paragraph_desktopParagraph__U31Gm\">W czwartek po godz. 16 rozpocz\u0119\u0142o si\u0119 posiedzenie sejmowej komisji regulaminowej. Chodzi o uchylenie immunitetu by\u0142emu ministrowi sprawiedliwo\u015bci Zbigniewowi Ziobrze. Sejm decyzj\u0119 podejmie w pi\u0105tek.<\/p>\n<p class=\"VideoPlayerText_videoPlayerText__iDwyz\">Dalszy ci\u0105g materia\u0142u pod wideo<\/p>\n<ul class=\"OchatFollowUps_wrapper__1ry7X\">\n<li class=\"OchatFollowUps_item__Dhyly OchatFollowUps_itemDesktop__R6aBv\">Jakie zarzuty stawia prokuratura Zbigniewowi Ziobrze?<\/li>\n<li class=\"OchatFollowUps_item__Dhyly OchatFollowUps_itemDesktop__R6aBv\">Kiedy Sejm podejmie decyzj\u0119 w sprawie immunitetu Ziobry?<\/li>\n<li class=\"OchatFollowUps_item__Dhyly OchatFollowUps_itemDesktop__R6aBv\">Co s\u0105dzi Pawe\u0142 Kukiz o immunitecie s\u0119dziowskim?<\/li>\n<li class=\"OchatFollowUps_item__Dhyly OchatFollowUps_itemDesktop__R6aBv\">Dlaczego Kukiz uwa\u017ca, \u017ce Ziobro mo\u017ce trafi\u0107 do aresztu?<\/li>\n<\/ul>\n<p class=\"Paragraph_desktopParagraph__U31Gm\">G\u0142os w sprawie zabra\u0142 Pawe\u0142 Kukiz z Ko\u0142a Poselskiego Wolni Republikanie. Dopytywany przez &#8222;Wprost&#8221; o to, jak zag\u0142osuje, stwierdzi\u0142, \u017ce &#8222;nie g\u0142osuje w sprawach immunitetowych i nie zamierza tego zmienia\u0107&#8221;.<\/p>\n<p class=\"Paragraph_desktopParagraph__U31Gm\">&#8222;Nawet w swojej w\u0142asnej sprawie nie g\u0142osowa\u0142em, poniewa\u017c uwa\u017cam, \u017ce immunitet, nie tylko poselski, ale i s\u0119dziowski, powinien zosta\u0107 ustawowo zniesiony&#8221; \u2014 powiedzia\u0142. Doda\u0142, \u017ce koalicja ma wi\u0119kszo\u015b\u0107, wi\u0119c Zbigniew Ziobro straci immunitet. &#8222;M\u00f3j g\u0142os niczego tu nie zmienia&#8221; \u2014 oceni\u0142. Z kolei zapytany o to, czy pose\u0142 PiS trafi do aresztu, stwierdzi\u0142, \u017ce &#8222;b\u0119d\u0105 si\u0119 bali zamkn\u0105\u0107 Zbigniewa Ziobr\u0119, poniewa\u017c wiedz\u0105, \u017ce ich w\u0142adza nie potrwa wiecznie&#8221;.<\/p>\n<p class=\"Paragraph_desktopParagraph__U31Gm\"><a href=\"https:\/\/wiadomosci.onet.pl\/kraj\/26-zarzutow-dla-zbigniewa-ziobry-szczegoly-wniosku-prokuratury\/7b76t7g\" id=\"7278555d-a812-4f23-adc7-75f68183be73\" rel=\"nofollow noopener\" target=\"_blank\">Prokuratura chce postawi\u0107 by\u0142emu ministrowi sprawiedliwo\u015bci 26 zarzut\u00f3w, w tym o kierowanie zorganizowan\u0105 grup\u0105 przest\u0119pcz\u0105.<\/a> W jej sk\u0142ad wchodzili m.in. wiceminister Marcin Romanowski oraz urz\u0119dnicy z resortu Ziobry: Tomasz Mraz, Urszula D., Karolina K. We wniosku podkre\u015blono, \u017ce w sk\u0142ad grupy przest\u0119pczej wchodzi\u0142y tak\u017ce osoby &#8222;zasiadaj\u0105ce we w\u0142adzach b\u0105d\u017a powi\u0105zane z podmiotami b\u0119d\u0105cymi beneficjentami \u015brodk\u00f3w z Funduszu Sprawiedliwo\u015bci&#8221; \u2014 podaje portal.<\/p>\n<p class=\"Paragraph_desktopParagraph__U31Gm\">We wniosku, do kt\u00f3rego dotar\u0142a stacja TVN24, znalaz\u0142y si\u0119 uzasadnienia zarzut\u00f3w, kt\u00f3re prokuratura chce przedstawi\u0107 Ziobrze. Pierwszy z nich dotyczy &#8222;przest\u0119pstwa zwi\u0105zanego z bezprawnym nabyciem systemu Pegasus za 25 mln z\u0142otych z podleg\u0142ego by\u0142emu ministrowi Funduszu Sprawiedliwo\u015bci&#8221;.<\/p>\n","protected":false},"excerpt":{"rendered":"W czwartek po godz. 16 rozpocz\u0119\u0142o si\u0119 posiedzenie sejmowej komisji regulaminowej. Chodzi o uchylenie immunitetu by\u0142emu ministrowi sprawiedliwo\u015bci&hellip;\n","protected":false},"author":2,"featured_media":88531,"comment_status":"","ping_status":"","sticky":false,"template":"","format":"standard","meta":{"footnotes":""},"categories":[5],"tags":[32,33,36,37,27,67,34,35,19852,28,31,53,25,52,68,51,9044,55,42,38,40,39,41,47,29,30,65,50,26,4070],"class_list":{"0":"post-88530","1":"post","2":"type-post","3":"status-publish","4":"format-standard","5":"has-post-thumbnail","7":"category-naglowki","8":"tag-breaking-news","9":"tag-breakingnews","10":"tag-featured-news","11":"tag-featurednews","12":"tag-headlines","13":"tag-intextvideo_splayer","14":"tag-latest-news","15":"tag-latestnews","16":"tag-mp_player_tst1","17":"tag-naglowki","18":"tag-najwazniejsze-artykuly","19":"tag-new_header","20":"tag-news","21":"tag-onet3","22":"tag-onet3d","23":"tag-onet3d_2i","24":"tag-pawel_kukiz","25":"tag-phx","26":"tag-pl","27":"tag-poland","28":"tag-polish","29":"tag-polska","30":"tag-polski","31":"tag-screening_general","32":"tag-top-stories","33":"tag-topstories","34":"tag-update_me","35":"tag-v2021","36":"tag-wiadomosci","37":"tag-zbigniew_ziobro_polityk"},"share_on_mastodon":{"url":"https:\/\/pubeurope.com\/@pl\/115504086224278234","error":""},"_links":{"self":[{"href":"https:\/\/www.europesays.com\/pl\/wp-json\/wp\/v2\/posts\/88530","targetHints":{"allow":["GET"]}}],"collection":[{"href":"https:\/\/www.europesays.com\/pl\/wp-json\/wp\/v2\/posts"}],"about":[{"href":"https:\/\/www.europesays.com\/pl\/wp-json\/wp\/v2\/types\/post"}],"author":[{"embeddable":true,"href":"https:\/\/www.europesays.com\/pl\/wp-json\/wp\/v2\/users\/2"}],"replies":[{"embeddable":true,"href":"https:\/\/www.europesays.com\/pl\/wp-json\/wp\/v2\/comments?post=88530"}],"version-history":[{"count":0,"href":"https:\/\/www.europesays.com\/pl\/wp-json\/wp\/v2\/posts\/88530\/revisions"}],"wp:featuredmedia":[{"embeddable":true,"href":"https:\/\/www.europesays.com\/pl\/wp-json\/wp\/v2\/media\/88531"}],"wp:attachment":[{"href":"https:\/\/www.europesays.com\/pl\/wp-json\/wp\/v2\/media?parent=88530"}],"wp:term":[{"taxonomy":"category","embeddable":true,"href":"https:\/\/www.europesays.com\/pl\/wp-json\/wp\/v2\/categories?post=88530"},{"taxonomy":"post_tag","embeddable":true,"href":"https:\/\/www.europesays.com\/pl\/wp-json\/wp\/v2\/tags?post=88530"}],"curies":[{"name":"wp","href":"https:\/\/api.w.org\/{rel}","templated":true}]}}