{"id":88597,"date":"2025-11-06T18:43:08","date_gmt":"2025-11-06T18:43:08","guid":{"rendered":"https:\/\/www.europesays.com\/pl\/88597\/"},"modified":"2025-11-06T18:43:08","modified_gmt":"2025-11-06T18:43:08","slug":"andrzej-stracil-tytul-ksiecia-stanowcza-decyzja-krola-karola","status":"publish","type":"post","link":"https:\/\/www.europesays.com\/pl\/88597\/","title":{"rendered":"Andrzej straci\u0142 tytu\u0142 ksi\u0119cia. Stanowcza decyzja kr\u00f3la Karola"},"content":{"rendered":"<p>W\u015br\u00f3d royals\u00f3w konflikt pogania konflikt. Wydawa\u0107 by si\u0119 mog\u0142o, \u017ce swoim bliskim najmocniej da\u0142 si\u0119 we znaki <a href=\"https:\/\/www.pudelek.pl\/tag\/ksi%C4%85%C5%BC%C4%99+harry\/\" rel=\"noopener noreferrer nofollow\" target=\"_blank\">ksi\u0105\u017c\u0119 Harry<\/a>, kt\u00f3ry p\u00f3ki co mo\u017ce liczy\u0107 na parasol ochronny ze strony swojego ojca. Po 19 miesi\u0105cach roz\u0142\u0105ki <a href=\"https:\/\/www.pudelek.pl\/ksiaze-harry-nareszcie-spotkal-sie-z-ojcem-tak-na-goraco-skomentowal-wspolna-herbatke-z-krolem-karolem-iii-w-clarence-house-7198992548019104a\" rel=\"noopener noreferrer nofollow\" target=\"_blank\">monarcha przyj\u0105\u0142 swego syna marnotrawnego w\u00a0rezydencji kr\u00f3lewskiej Clarence House<\/a>, czyni\u0105c w\u00a0ten spos\u00f3b pierwszy krok w\u00a0kierunku naprawienia rodzinnych wi\u0119zi. Niewykluczone jednak, \u017ce kiedy jego pierworodny zasi\u0105dzie na tronie, jemu m\u0142odszemu bratu b\u0142yskawicznie zrzednie mina.<\/p>\n<p>Tymczasem to nie jedyny braterski sp\u00f3r na brytyjskim dworze. Kr\u00f3l Karol, kt\u00f3remu nieraz zarzucano <a href=\"https:\/\/www.pudelek.pl\/poddany-krzyknal-do-krola-karola-iii-jak-dlugo-wiedziales-o-andrzeju-i-epsteinie-wideo-7215490947312288a\" rel=\"noopener noreferrer nofollow\" target=\"_blank\">tuszowanie wyst\u0119pk\u00f3w swego m\u0142odszego o\u00a012 lat brata<\/a>, dzi\u015b oficjalnie pozbawi\u0142 go tytu\u0142u ksi\u0119cia. Monarchia podj\u0119\u0142a r\u00f3wnie\u017c rzadki krok wydania dokumentu znanego jako &#8222;Letters Patent&#8221;. Dla by\u0142ego ksi\u0119cia Yorku to kolejny cios w\u00a0jego reputacj\u0119, kt\u00f3rej zaszkodzi\u0142y skandale zwi\u0105zane z\u00a0Jeffreyem Epsteinem oraz po\u015bmiertnie wydana autobiografia Virginii Giuffre. Przypomnijmy, \u017ce Amerykanka oskar\u017ca\u0142a arystokrat\u0119 o\u00a0zmuszanie do odbywania z\u00a0nim stosunk\u00f3w seksualnych. Na mocy zawartej ugody <a href=\"https:\/\/www.pudelek.pl\/virginii-giuffre-w-ramach-ugody-z-ksieciem-andrzejem-dostala-ponad-15-milionow-dolarow-zaczyna-sie-walka-o-jej-spadek-7151233933777600a\" rel=\"noopener noreferrer nofollow\" target=\"_blank\">wyp\u0142aci\u0142 jej ponad 12-milionowe odszkodowanie<\/a>.<\/p>\n<p>\u015aredni syn kr\u00f3lowej El\u017cbiety, kt\u00f3ra w\u00a0ostatnim roku swojego panowania pozbawi\u0142a go tytu\u0142u Jego Kr\u00f3lewskiej Wysoko\u015bci, kilka tygodni temu zrzek\u0142 si\u0119 sprawowanego od prawie 40 lat tytu\u0142u ksi\u0119cia Yorku. Formalnie mia\u0142 jednak utrzyma\u0107 status ksi\u0119cia. Tre\u015b\u0107 dokumentu &#8222;Letters Pattent&#8221;, kt\u00f3r\u0105 Biuro Korony opublikowa\u0142o w\u00a0&#8222;The Gazette&#8221;, oficjalnym rejestrze publicznym Wielkiej Brytanii, ca\u0142kowicie jednak temu zaprzecza.<\/p>\n<p>Kr\u00f3l, poprzez Letters Patent pod Wielk\u0105 Piecz\u0119ci\u0105 Kr\u00f3lestwa z dat\u0105 3 listopada 2025 r., og\u0142asza z rado\u015bci\u0105, \u017ce Andrew Mountbatten Windsor nie b\u0119dzie mia\u0142 ju\u017c prawa do godno\u015bci tytu\u0142u &#8222;ksi\u0105\u017c\u0119&#8221;<\/p>\n<p>&#8211; czytamy.<\/p>\n<p>Decyzja ta zapad\u0142a tydzie\u0144 po tym, jak Pa\u0142ac Buckingham poda\u0142 do publicznej wiadomo\u015bci, \u017ce kr\u00f3l Karol zainicjowa\u0142 proces pozbawienia m\u0142odszego brata tytu\u0142u ksi\u0119cia. 65-letni Andrzej zosta\u0142 te\u017c zmuszony do opuszczenia rezydencji Royal Lodge, w\u00a0kt\u00f3rej mieszka\u0142 przez ponad 20 lat bez konieczno\u015bci p\u0142acenia czynszu. Z\u00a0takiego obrotu spraw z\u00a0pewno\u015bci\u0105 najbardziej zadowolony jest William, kt\u00f3ry <a href=\"https:\/\/www.pudelek.pl\/ksiaze-william-postawil-kuzynkom-ultimatum-musicie-naklonic-ojca-do-wyprowadzki-ksiezniczkom-beatrycze-i-eugenii-grozi-utrata-tytulow-7215762308893344a\" rel=\"noopener noreferrer nofollow\" target=\"_blank\">od d\u0142u\u017cszego czasu zabiega\u0142 o\u00a0&#8222;wykurzenie&#8221; stryja z\u00a0posiad\u0142o\u015bci<\/a>.<\/p>\n","protected":false},"excerpt":{"rendered":"W\u015br\u00f3d royals\u00f3w konflikt pogania konflikt. Wydawa\u0107 by si\u0119 mog\u0142o, \u017ce swoim bliskim najmocniej da\u0142 si\u0119 we znaki ksi\u0105\u017c\u0119&hellip;\n","protected":false},"author":2,"featured_media":88598,"comment_status":"","ping_status":"","sticky":false,"template":"","format":"standard","meta":{"footnotes":""},"categories":[22],"tags":[122,42,38,40,39,41,123],"class_list":{"0":"post-88597","1":"post","2":"type-post","3":"status-publish","4":"format-standard","5":"has-post-thumbnail","7":"category-rozrywka","8":"tag-entertainment","9":"tag-pl","10":"tag-poland","11":"tag-polish","12":"tag-polska","13":"tag-polski","14":"tag-rozrywka"},"share_on_mastodon":{"url":"https:\/\/pubeurope.com\/@pl\/115504231704254068","error":""},"_links":{"self":[{"href":"https:\/\/www.europesays.com\/pl\/wp-json\/wp\/v2\/posts\/88597","targetHints":{"allow":["GET"]}}],"collection":[{"href":"https:\/\/www.europesays.com\/pl\/wp-json\/wp\/v2\/posts"}],"about":[{"href":"https:\/\/www.europesays.com\/pl\/wp-json\/wp\/v2\/types\/post"}],"author":[{"embeddable":true,"href":"https:\/\/www.europesays.com\/pl\/wp-json\/wp\/v2\/users\/2"}],"replies":[{"embeddable":true,"href":"https:\/\/www.europesays.com\/pl\/wp-json\/wp\/v2\/comments?post=88597"}],"version-history":[{"count":0,"href":"https:\/\/www.europesays.com\/pl\/wp-json\/wp\/v2\/posts\/88597\/revisions"}],"wp:featuredmedia":[{"embeddable":true,"href":"https:\/\/www.europesays.com\/pl\/wp-json\/wp\/v2\/media\/88598"}],"wp:attachment":[{"href":"https:\/\/www.europesays.com\/pl\/wp-json\/wp\/v2\/media?parent=88597"}],"wp:term":[{"taxonomy":"category","embeddable":true,"href":"https:\/\/www.europesays.com\/pl\/wp-json\/wp\/v2\/categories?post=88597"},{"taxonomy":"post_tag","embeddable":true,"href":"https:\/\/www.europesays.com\/pl\/wp-json\/wp\/v2\/tags?post=88597"}],"curies":[{"name":"wp","href":"https:\/\/api.w.org\/{rel}","templated":true}]}}