{"id":88621,"date":"2025-11-06T18:57:10","date_gmt":"2025-11-06T18:57:10","guid":{"rendered":"https:\/\/www.europesays.com\/pl\/88621\/"},"modified":"2025-11-06T18:57:10","modified_gmt":"2025-11-06T18:57:10","slug":"agnieszka-kaczorowska-stworzyla-wlasne-perfumy-tyle-trzeba-za-nie-zaplacic","status":"publish","type":"post","link":"https:\/\/www.europesays.com\/pl\/88621\/","title":{"rendered":"Agnieszka Kaczorowska stworzy\u0142a w\u0142asne perfumy. Tyle trzeba za nie zap\u0142aci\u0107"},"content":{"rendered":"<p class=\"ods-c-paragraph \"><a href=\"https:\/\/plejada.pl\/agnieszka-kaczorowska\" id=\"f6e1e440-6466-4d3c-9a7e-9a3da2b3a707\" rel=\"nofollow noopener\" target=\"_blank\">Agnieszka Kaczorowska<\/a> nie zwalnia tempa. Po og\u0142oszeniu wraz z Marcinem Rogacewiczem spektaklu &#8222;Siedem&#8221;, ponownie zaskoczy\u0142a wszystkich. Tancerka opublikowa\u0142a w\u0142a\u015bnie w mediach spo\u0142eczno\u015bciowych zdj\u0119cie, na kt\u00f3rym pozuje z flakonem perfum. Jak si\u0119 okazuje, jest to zapach stworzony przez sam\u0105 Kaczorowsk\u0105.<\/p>\n<p>Dalszy ci\u0105g artyku\u0142u pod materia\u0142em wideo<\/p>\n<p> Jakie zapachy oferuj\u0105 perfumy Agnieszki Kaczorowskiej? <\/p>\n<p> Ile kosztuj\u0105 perfumy Agnieszki Kaczorowskiej? <\/p>\n<p> Kto jest autorem perfum Agnieszki Kaczorowskiej? <\/p>\n<p> Czy perfumy Agnieszki Kaczorowskiej maj\u0105 r\u00f3\u017cne warianty zapachowe? <\/p>\n<p>  Chcesz pachnie\u0107 jak Agnieszka Kaczorowska? Tyle musisz za to zap\u0142aci\u0107<\/p>\n<blockquote class=\"ods-o-quota\">\n<p class=\"ods-o-quota__paragraph\">Niech ka\u017cda z Was ta\u0144czy w\u0142asn\u0105 opowie\u015b\u0107, niech ka\u017cda z Was b\u0119dzie g\u0142\u00f3wn\u0105 bohaterk\u0105 w\u0142asnego filmu, niech ka\u017cda z Was \u017cyje na w\u0142asnych zasadach\u2026 Niech Sway dodaje Wam si\u0142y, pewno\u015bci siebie i odwagi do tego, aby p\u0142yn\u0105\u0107 przez \u017cycie w zgodzie ze sob\u0105. Ode mnie dla Was, prosto z serca\u2026 niech Sway ko\u0142ysze Wasze zmys\u0142y ka\u017cdego dnia<\/p>\n<\/blockquote>\n<p class=\"ods-c-paragraph \">\u2014 napisa\u0142a Agnieszka Kaczorowska na Instagramie.<\/p>\n<p class=\"ods-c-paragraph \">By m\u00f3c pachnie\u0107 jak tancerka trzeba zap\u0142aci\u0107 89,99 z\u0142. Perfumy dost\u0119pne s\u0105 w pi\u0119ciu wariantach zapachowych, ka\u017cda z nich nazywa si\u0119 inaczej: Freedom, Whisper, Vibe, Mystery oraz Passion.<\/p>\n<p>   <img decoding=\"async\" src=\"https:\/\/www.europesays.com\/pl\/wp-content\/uploads\/2025\/11\/poMk9lBaHR0cHM6Ly9vY2RuLmV1L3B1bHNjbXMvTURBXy84Yjc5N2VhODVkN2FkMzQ5M2MwNmZkYjBhYWZlMGJkOS5qcGeRlQLNB.jpeg\" height=\"445\" width=\"940\" alt=\"Perfumy Agnieszki Kaczorowskiej\" loading=\"lazy\" class=\"ods-c-image__img ods-c-image__img--viewport-width\"\/><\/p>\n<p>Perfumy Agnieszki Kaczorowskiejhttps:\/\/swaycosmetics.pl\/<\/p>\n<p> <img decoding=\"async\" src=\"https:\/\/www.europesays.com\/pl\/wp-content\/uploads\/2025\/11\/cWVk9lBaHR0cHM6Ly9vY2RuLmV1L3B1bHNjbXMvTURBXy9jY2E4NDkzMzJhNGI1NWEyYTMwZTJmY2ZiOTE0ZDkzZC5qcGeRlQLNA.jpeg\" height=\"529\" width=\"940\" alt=\"Agnieszka Kaczorowska\" loading=\"lazy\" class=\"ods-c-image__img ods-c-image__img--vertical\"\/><\/p>\n<p>Agnieszka KaczorowskaAndras Szilagyi \/ MW Media<\/p>\n<p class=\"ods-c-paragraph \">Dzi\u0119kujemy, \u017ce przeczyta\u0142a\u015b\/e\u015b nasz artyku\u0142 do ko\u0144ca. W serwisie Plejada.pl ka\u017cdego dnia piszemy o najwa\u017cniejszych wydarzeniach show-biznesowych. B\u0105d\u017a na bie\u017c\u0105co! <a rel=\"nofollow noopener\" href=\"https:\/\/news.google.com\/publications\/CAAiEF0PeAlb7W1llpV_mwV2rL4qFAgKIhBdD3gJW-1tZZaVf5sFdqy-?hl=pl&amp;gl=PL&amp;ceid=PL%3Apl\" id=\"c5b72a10-c2ed-4ebf-a320-c4f3a2c20fe2\" target=\"_blank\">Obserwuj<\/a> Plejad\u0119 w Wiadomo\u015bciach Google. Odwied\u017a nas tak\u017ce na <a rel=\"nofollow noopener\" href=\"https:\/\/www.facebook.com\/plejadapl\" id=\"12c313fa-4db3-4519-8a90-88a45989d762\" target=\"_blank\">Facebooku<\/a>, <a rel=\"nofollow noopener\" href=\"https:\/\/www.instagram.com\/plejadapl\/\" id=\"7add1097-eac2-49cf-97fc-9f84be838403\" target=\"_blank\">Instagramie<\/a>, <a rel=\"nofollow noopener\" href=\"https:\/\/www.youtube.com\/c\/plejada\" id=\"ddbbe2b8-8075-466c-8478-6a7eee999cf4\" target=\"_blank\">YouTube<\/a> oraz <a rel=\"nofollow noopener\" href=\"https:\/\/www.tiktok.com\/@plejada_pl\" id=\"4798ada0-7be7-49d1-bc2a-1f377ae990ac\" target=\"_blank\">TikToku<\/a>.<\/p>\n<p class=\"ods-c-paragraph \">Chcesz podzieli\u0107 si\u0119 ciekawym newsem lub zaproponowa\u0107 temat? Skontaktuj si\u0119 z nami, pisz\u0105c e-maila na adres: <a rel=\"nofollow noopener\" href=\"https:\/\/plejada.pl\/newsy\/agnieszka-kaczorowska-stworzyla-wlasne-perfumy-tyle-trzeba-za-nie-zaplacic\/mailto:plejada@redakcjaonet.pl\" id=\"0736bc26-ca18-4108-806d-7da4abcb7097\" target=\"_blank\">plejada@redakcjaonet.pl<\/a>.<\/p>\n<p><script async src=\"\/\/www.instagram.com\/embed.js\"><\/script><script async src=\"\/\/www.tiktok.com\/embed.js\"><\/script><\/p>\n","protected":false},"excerpt":{"rendered":"Agnieszka Kaczorowska nie zwalnia tempa. Po og\u0142oszeniu wraz z Marcinem Rogacewiczem spektaklu &#8222;Siedem&#8221;, ponownie zaskoczy\u0142a wszystkich. Tancerka opublikowa\u0142a&hellip;\n","protected":false},"author":2,"featured_media":88622,"comment_status":"","ping_status":"","sticky":false,"template":"","format":"standard","meta":{"footnotes":""},"categories":[22],"tags":[172,122,48,125,46,20811,17851,42,38,40,39,41,20729,123,47],"class_list":{"0":"post-88621","1":"post","2":"type-post","3":"status-publish","4":"format-standard","5":"has-post-thumbnail","7":"category-rozrywka","8":"tag-agnieszka_kaczorowska","9":"tag-entertainment","10":"tag-nat_styl","11":"tag-newsy","12":"tag-omp","13":"tag-perfume","14":"tag-perfumy","15":"tag-pl","16":"tag-poland","17":"tag-polish","18":"tag-polska","19":"tag-polski","20":"tag-rewquiz_tst1","21":"tag-rozrywka","22":"tag-screening_general"},"share_on_mastodon":{"url":"https:\/\/pubeurope.com\/@pl\/115504286563108902","error":""},"_links":{"self":[{"href":"https:\/\/www.europesays.com\/pl\/wp-json\/wp\/v2\/posts\/88621","targetHints":{"allow":["GET"]}}],"collection":[{"href":"https:\/\/www.europesays.com\/pl\/wp-json\/wp\/v2\/posts"}],"about":[{"href":"https:\/\/www.europesays.com\/pl\/wp-json\/wp\/v2\/types\/post"}],"author":[{"embeddable":true,"href":"https:\/\/www.europesays.com\/pl\/wp-json\/wp\/v2\/users\/2"}],"replies":[{"embeddable":true,"href":"https:\/\/www.europesays.com\/pl\/wp-json\/wp\/v2\/comments?post=88621"}],"version-history":[{"count":0,"href":"https:\/\/www.europesays.com\/pl\/wp-json\/wp\/v2\/posts\/88621\/revisions"}],"wp:featuredmedia":[{"embeddable":true,"href":"https:\/\/www.europesays.com\/pl\/wp-json\/wp\/v2\/media\/88622"}],"wp:attachment":[{"href":"https:\/\/www.europesays.com\/pl\/wp-json\/wp\/v2\/media?parent=88621"}],"wp:term":[{"taxonomy":"category","embeddable":true,"href":"https:\/\/www.europesays.com\/pl\/wp-json\/wp\/v2\/categories?post=88621"},{"taxonomy":"post_tag","embeddable":true,"href":"https:\/\/www.europesays.com\/pl\/wp-json\/wp\/v2\/tags?post=88621"}],"curies":[{"name":"wp","href":"https:\/\/api.w.org\/{rel}","templated":true}]}}