{"id":88721,"date":"2025-11-06T19:52:08","date_gmt":"2025-11-06T19:52:08","guid":{"rendered":"https:\/\/www.europesays.com\/pl\/88721\/"},"modified":"2025-11-06T19:52:08","modified_gmt":"2025-11-06T19:52:08","slug":"przepasc-miarka-sie-przebrala-czekaja-na-powrot","status":"publish","type":"post","link":"https:\/\/www.europesays.com\/pl\/88721\/","title":{"rendered":"&#8222;Przepa\u015b\u0107&#8221;. Miarka si\u0119 przebra\u0142a. Czekaj\u0105 na powr\u00f3t"},"content":{"rendered":"\n<p class=\"contentpart contentpart--default contentpart--text\" data-position=\"0\">Ostatni  mecz w Brugii okaza\u0142 si\u0119 dla\u00a0<a href=\"https:\/\/sportowefakty.wp.pl\/pilka-nozna\/wojciech-szczesny\" rel=\"nofollow noopener\" target=\"_blank\">Wojciecha Szcz\u0119snego<\/a>\u00a0wyj\u0105tkowo trudny.  Polak mia\u0142 udzia\u0142 przy trzech golach przeciwnika, gdzie m\u00f3g\u0142  zaprezentowa\u0107 si\u0119 lepiej, mimo \u017ce by\u0142y to sytuacje jeden na jeden. FC  Barcelona zremisowa\u0142a, cho\u0107 mog\u0142a straci\u0107 jeszcze wi\u0119cej punkt\u00f3w.<\/p>\n<p class=\"contentpart contentpart--default contentpart--text\" data-position=\"1\">Wydarzeniem wieczoru by\u0142a sytuacja w doliczonym czasie gry, kiedy to  Belg nieomal zdoby\u0142 bramk\u0119 po b\u0142\u0119dzie Szcz\u0119snego. Pomoc przyszed\u0142 VAR,  kt\u00f3ry ujawni\u0142 lekkie naruszenie przez napastnika Brugii, co doprowadzi\u0142o  do anulowania gola.<\/p>\n<p> <img role=\"presentation\" src=\"https:\/\/std.wpcdn.pl\/images\/adv\/placeholder_wp.svg\" loading=\"lazy\" alt=\"\" decoding=\"async\"\/>  <\/p>\n<p class=\"contentpart contentpart--default contentpart--text\" data-position=\"2\">Szcz\u0119sny,  jako nast\u0119pca <a href=\"https:\/\/sportowefakty.wp.pl\/tenis\/joan-garcia\" rel=\"nofollow noopener\" target=\"_blank\">Joana Garcii<\/a>, ponosi dodatkow\u0105 presj\u0119. Wci\u0105\u017c czeka go  mecz z Celt\u0105 przed powrotem Garc\u00edi, kt\u00f3rego brak jest odczuwalny.<\/p>\n<p class=\"contentpart contentpart--default contentpart--text\" data-position=\"3\">ZOBACZ WIDEO: #dziejesiewsporcie: Co oni zrobili! Niesamowity gol w \u00f3smej sekundzie<\/p>\n<p class=\"contentpart contentpart--default contentpart--text\" data-position=\"5\">&#8222;Obecnie mi\u0119dzy nim a by\u0142ym bramkarzem Espanyolu jest przepa\u015b\u0107&#8221; &#8211; podkre\u015blaj\u0105 dziennikarze sport.es.<\/p>\n<p class=\"contentpart contentpart--default contentpart--text\" data-position=\"6\">Po \u015brodowym spotkaniu FC Barcelona spad\u0142a na 11. miejsce w tabeli fazy ligowej Ligi Mistrz\u00f3w.  Katalo\u0144czycy maj\u0105 na koncie 7 punkt\u00f3w i trac\u0105 ju\u017c 5 punkt\u00f3w do jedynych  niepokonanych dru\u017cyn, Bayernu, Arsenalu i Interu.<\/p>\n<p> <img role=\"presentation\" src=\"https:\/\/std.wpcdn.pl\/images\/adv\/placeholder_wp.svg\" loading=\"lazy\" alt=\"\" decoding=\"async\"\/>  <\/p>\n<p class=\"contentpart contentpart--default contentpart--text\" data-position=\"7\">&#8222;Powr\u00f3t  Joana Garc\u00edi zaplanowany jest na mecz z Athletic Bilbao. Czas poka\u017ce,  czy katalo\u0144ski bramkarz odzyska swoj\u0105 form\u0119 przed powrotem na Spotify  Camp Nou&#8221; &#8211; dodaje katalo\u0144ski dziennik.<\/p>\n","protected":false},"excerpt":{"rendered":"Ostatni mecz w Brugii okaza\u0142 si\u0119 dla\u00a0Wojciecha Szcz\u0119snego\u00a0wyj\u0105tkowo trudny. Polak mia\u0142 udzia\u0142 przy trzech golach przeciwnika, gdzie m\u00f3g\u0142&hellip;\n","protected":false},"author":2,"featured_media":88722,"comment_status":"","ping_status":"","sticky":false,"template":"","format":"standard","meta":{"footnotes":""},"categories":[24],"tags":[1875,269,42,38,40,39,41,127,126,1876],"class_list":{"0":"post-88721","1":"post","2":"type-post","3":"status-publish","4":"format-standard","5":"has-post-thumbnail","7":"category-sport","8":"tag-joan-garcia","9":"tag-pilka-nozna","10":"tag-pl","11":"tag-poland","12":"tag-polish","13":"tag-polska","14":"tag-polski","15":"tag-sport","16":"tag-sports","17":"tag-wojciech-szczesny"},"share_on_mastodon":{"url":"https:\/\/pubeurope.com\/@pl\/115504502968540324","error":""},"_links":{"self":[{"href":"https:\/\/www.europesays.com\/pl\/wp-json\/wp\/v2\/posts\/88721","targetHints":{"allow":["GET"]}}],"collection":[{"href":"https:\/\/www.europesays.com\/pl\/wp-json\/wp\/v2\/posts"}],"about":[{"href":"https:\/\/www.europesays.com\/pl\/wp-json\/wp\/v2\/types\/post"}],"author":[{"embeddable":true,"href":"https:\/\/www.europesays.com\/pl\/wp-json\/wp\/v2\/users\/2"}],"replies":[{"embeddable":true,"href":"https:\/\/www.europesays.com\/pl\/wp-json\/wp\/v2\/comments?post=88721"}],"version-history":[{"count":0,"href":"https:\/\/www.europesays.com\/pl\/wp-json\/wp\/v2\/posts\/88721\/revisions"}],"wp:featuredmedia":[{"embeddable":true,"href":"https:\/\/www.europesays.com\/pl\/wp-json\/wp\/v2\/media\/88722"}],"wp:attachment":[{"href":"https:\/\/www.europesays.com\/pl\/wp-json\/wp\/v2\/media?parent=88721"}],"wp:term":[{"taxonomy":"category","embeddable":true,"href":"https:\/\/www.europesays.com\/pl\/wp-json\/wp\/v2\/categories?post=88721"},{"taxonomy":"post_tag","embeddable":true,"href":"https:\/\/www.europesays.com\/pl\/wp-json\/wp\/v2\/tags?post=88721"}],"curies":[{"name":"wp","href":"https:\/\/api.w.org\/{rel}","templated":true}]}}