{"id":88725,"date":"2025-11-06T19:54:08","date_gmt":"2025-11-06T19:54:08","guid":{"rendered":"https:\/\/www.europesays.com\/pl\/88725\/"},"modified":"2025-11-06T19:54:08","modified_gmt":"2025-11-06T19:54:08","slug":"znamy-juz-pelna-specyfikacje-z-9000-mah","status":"publish","type":"post","link":"https:\/\/www.europesays.com\/pl\/88725\/","title":{"rendered":"znamy ju\u017c pe\u0142n\u0105 specyfikacj\u0119 z 9000 mAh"},"content":{"rendered":"<p class=\"lead\">Znamy ju\u017c pe\u0142n\u0105 specyfikacj\u0119 Redmi Turbo 5 Pro. Czas na po\u017cegnanie ze Snapdragonem, przywita\u0107 mo\u017cemy za to olbrzymi\u0105 bateri\u0119 o pojemno\u015bci 9000 mAh, IP69 czy minimalistyczny design.<\/p>\n<p>Premiera Redmi Turbo 5 Pro to ju\u017c w zasadzie tylko formalno\u015b\u0107. Pot\u0119\u017cny \u015bredniak z jeszcze pot\u0119\u017cniejsz\u0105 bateri\u0105 zbli\u017ca si\u0119 ku debiutowi, ujawniaj\u0105c kolejne detale specyfikacji. W jego specyfikacji znalaz\u0142em co najmniej kilka powod\u00f3w, dla kt\u00f3rych polski fan ma na co czeka\u0107.<\/p>\n<p>Redmi Turbo 5 Pro: znamy ju\u017c pe\u0142n\u0105 specyfikacj\u0119<\/p>\n<p>Digital Chat Station\u00a0podaje, \u017ce Redmi Turbo 5 Pro z przecieku na przeciek zapowiada si\u0119 coraz ciekawiej. W jego specyfikacji kolejny raz potwierdzenie znalaz\u0142a bateria o pojemno\u015bci a\u017c 9000 mAh. Co prawda nie mam specjalnych z\u0142udze\u0144, \u017ce tak wielkie ogniwo uchowa si\u0119 europejskim normom, ale na co\u015b ponad 7000 mAh liczy\u0107 po prostu wypada. Do tego pojawi si\u0119 wsparcie dla 100W \u0142adowania.<\/p>\n<p><a href=\"https:\/\/www.gsmmaniak.pl\/wp-content\/uploads\/gsmmaniak\/2025\/11\/Zrzut-ekranu-2025-11-05-145010.jpg\" rel=\"lightbox-post4 nofollow noopener\" title=\"Galeria dla Zrzut ekranu 2025-11-05 145010\" target=\"_blank\"><img decoding=\"async\" aria-describedby=\"caption-attachment-1611878\" loading=\"lazy\" class=\"size-medium wp-image-1611878\" src=\"https:\/\/www.europesays.com\/pl\/wp-content\/uploads\/2025\/11\/Zrzut-ekranu-2025-11-05-145010-medium.jpg\" alt=\"Redmi Turbo 5 Pro\" width=\"500\" height=\"150\"   itemprop=\"image\" \/><\/a><\/p>\n<p id=\"caption-attachment-1611878\" class=\"wp-caption-text\">Specyfikacja Redmi Turbo 5 Pro \/ fot. Digital Chat Station<\/p>\n<p>Opr\u00f3cz tego na froncie Redmi Turbo 5 Pro znajduje si\u0119 wy\u015bwietlacz o rozdzielczo\u015bci 1.5K. Na szcz\u0119\u015bcie b\u0119dzie zupe\u0142nie p\u0142aski, ale wykonany w technologii LTPS. To oznacza, \u017ce nie b\u0119dzie tu adaptacyjnego od\u015bwie\u017cania od 1 do 120 Hz, pojawi si\u0119 za to ultrad\u017awi\u0119kowy czytnik linii papilarnych. Poza tym mamy pe\u0142ne zabezpieczenie przed wod\u0105, co potwierdzi norma IP69.<\/p>\n<p>Na koniec warto jeszcze wspomnie\u0107 o metalowej ramce \u0142\u0105cz\u0105cej ekran w tylnym panelem, symetrycznym g\u0142o\u015bnikom stereo (a to wyj\u0105tkowa rzadko\u015b\u0107 w 2025 roku) oraz o minimalistycznym designie.<\/p>\n<p>\u017begnaj Snapdragonie, witaj MediaTeku<\/p>\n<p>W odr\u00f3\u017cnieniu od debiutuj\u0105cej wczoraj <a href=\"https:\/\/www.gsmmaniak.pl\/1611808\/motorola-moto-g67-power-oficjalnie-cena-specyfikacja-premiera\/\" rel=\"nofollow noopener\" target=\"_blank\">Motoroli Moto G67 Power<\/a> tu nie znajdziemy ju\u017c Snapdragona. Zamiast niego ma pojawi\u0107 si\u0119 MediaTek Dimensity z serii 9000 \u2013 pewnie co\u015b w stylu 9500e. Co prawda taki SoC jeszcze nie zadebiutowa\u0142, ale w ten spos\u00f3b przedstawia si\u0119 obecna nomenklatura tajwa\u0144skiego producenta.<\/p>\n<p>Wydajno\u015bci\u0105 powinien odpowiada\u0107 <a href=\"https:\/\/www.gsmmaniak.pl\/1601405\/xiaomi-15t-pro-test-recenzja-opinia\/\" rel=\"nofollow noopener\" target=\"_blank\">Xiaomi 15T Pro<\/a>, a wi\u0119c modelowi stawianemu na r\u00f3wni z flagowcami. Wcze\u015bniej wspomnia\u0142em, \u017ce to istotny model z punktu widzenia polskiego u\u017cytkownika \u2013 dlaczego? Poniewa\u017c moim zdaniem w okolicach maja zobaczymy go w sklepach jako POCO F8. Trzeba przyzna\u0107, \u017ce przy takiej specyfikacji trudno na niego nie czeka\u0107.<\/p>\n<p>\u0179r\u00f3d\u0142o: Digital Chat Station, via <a href=\"https:\/\/www.gizmochina.com\/2025\/11\/05\/redmi-turbo-5-pro-key-specs-leak-reveals-dimensity-9-series-chip-9000mah-battery-100w-charging-and-more\/\" rel=\"nofollow noopener\" target=\"_blank\">Gizmochina<\/a>, opracowanie w\u0142asne<\/p>\n<p>Na stronie mog\u0105 wyst\u0119powa\u0107 linki afiliacyjne lub reklamowe.<\/p>\n","protected":false},"excerpt":{"rendered":"Znamy ju\u017c pe\u0142n\u0105 specyfikacj\u0119 Redmi Turbo 5 Pro. Czas na po\u017cegnanie ze Snapdragonem, przywita\u0107 mo\u017cemy za to olbrzymi\u0105&hellip;\n","protected":false},"author":2,"featured_media":49989,"comment_status":"","ping_status":"","sticky":false,"template":"","format":"standard","meta":{"footnotes":""},"categories":[20],"tags":[120,118,119,42,38,40,39,41,116,114,115,121,117],"class_list":{"0":"post-88725","1":"post","2":"type-post","3":"status-publish","4":"format-standard","5":"has-post-thumbnail","7":"category-nauka-i-technika","8":"tag-nauka","9":"tag-nauka-i-technika","10":"tag-naukatechnika","11":"tag-pl","12":"tag-poland","13":"tag-polish","14":"tag-polska","15":"tag-polski","16":"tag-science","17":"tag-science-and-technology","18":"tag-sciencetechnology","19":"tag-technika","20":"tag-technology"},"share_on_mastodon":{"url":"https:\/\/pubeurope.com\/@pl\/115504510804856890","error":""},"_links":{"self":[{"href":"https:\/\/www.europesays.com\/pl\/wp-json\/wp\/v2\/posts\/88725","targetHints":{"allow":["GET"]}}],"collection":[{"href":"https:\/\/www.europesays.com\/pl\/wp-json\/wp\/v2\/posts"}],"about":[{"href":"https:\/\/www.europesays.com\/pl\/wp-json\/wp\/v2\/types\/post"}],"author":[{"embeddable":true,"href":"https:\/\/www.europesays.com\/pl\/wp-json\/wp\/v2\/users\/2"}],"replies":[{"embeddable":true,"href":"https:\/\/www.europesays.com\/pl\/wp-json\/wp\/v2\/comments?post=88725"}],"version-history":[{"count":0,"href":"https:\/\/www.europesays.com\/pl\/wp-json\/wp\/v2\/posts\/88725\/revisions"}],"wp:featuredmedia":[{"embeddable":true,"href":"https:\/\/www.europesays.com\/pl\/wp-json\/wp\/v2\/media\/49989"}],"wp:attachment":[{"href":"https:\/\/www.europesays.com\/pl\/wp-json\/wp\/v2\/media?parent=88725"}],"wp:term":[{"taxonomy":"category","embeddable":true,"href":"https:\/\/www.europesays.com\/pl\/wp-json\/wp\/v2\/categories?post=88725"},{"taxonomy":"post_tag","embeddable":true,"href":"https:\/\/www.europesays.com\/pl\/wp-json\/wp\/v2\/tags?post=88725"}],"curies":[{"name":"wp","href":"https:\/\/api.w.org\/{rel}","templated":true}]}}