{"id":88803,"date":"2025-11-06T20:43:13","date_gmt":"2025-11-06T20:43:13","guid":{"rendered":"https:\/\/www.europesays.com\/pl\/88803\/"},"modified":"2025-11-06T20:43:13","modified_gmt":"2025-11-06T20:43:13","slug":"oppo-find-x9-i-x9-pro-z-przedluzona-gwarancja-na-3-lata","status":"publish","type":"post","link":"https:\/\/www.europesays.com\/pl\/88803\/","title":{"rendered":"OPPO Find X9 i X9 Pro z przed\u0142u\u017con\u0105 gwarancj\u0105 na 3 lata"},"content":{"rendered":"<p class=\"lead\">OPPO Find X9 i Find X9 Pro, a wi\u0119c najnowsze flagowce chi\u0144skiego giganta, s\u0105 teraz sprzedawane z przed\u0142u\u017con\u0105 gwarancj\u0105. Trwa ona nie 2, lecz a\u017c 3 lata od momentu zakupu. Ile kosztuj\u0105 te smartfony?<\/p>\n<p>Oba smartfony z segmentu premium zadebiutowa\u0142y na rynku w ostatnich dniach pa\u017adziernika. Jak to u smartfon\u00f3w tej klasy bywa, w <a href=\"https:\/\/www.gsmmaniak.pl\/1609967\/oppo-find-x9-cena\/\" rel=\"noopener nofollow\" target=\"_blank\">OPPO Find X9<\/a> mo\u017cesz liczy\u0107 na topowe rozwi\u0105zania, a teraz w premierowej ofercie promocyjnej mo\u017cesz przed\u0142u\u017cy\u0107 gwarancj\u0119 o po\u0142ow\u0119.<\/p>\n<p>Gwarancja OPPO Find X9 na 3 lata<\/p>\n<p>Mamy do czynienia ze \u015bwietnie wykonanymi flagowcami z norm\u0105 IP68\/IP69, mo\u017cemy wi\u0119c za\u0142o\u017cy\u0107, \u017ce b\u0119d\u0105 one znakomicie funkcjonowa\u0107 niepor\u00f3wnywalnie d\u0142u\u017cej ni\u017c 2 lata. Niekt\u00f3rzy jednak przezornie i tak wykupuj\u0105 opcjonalne przed\u0142u\u017cenie gwarancji na r\u00f3\u017cnego rodzaju sprz\u0119t elektroniczny. W przypadku OPPO Find X9 Series nie musisz tego robi\u0107, bo producent przed\u0142u\u017ca gwarancj\u0119 do 36 miesi\u0119cy.<\/p>\n<p><a href=\"https:\/\/www.gsmmaniak.pl\/wp-content\/uploads\/gsmmaniak\/2025\/11\/oppo-find-x9-3-lata-gwarancji.jpg\" rel=\"lightbox-post4 nofollow noopener\" title=\"Galeria dla oppo-find-x9-3-lata-gwarancji\" target=\"_blank\"><img decoding=\"async\" aria-describedby=\"caption-attachment-1611656\" loading=\"lazy\" class=\"size-medium wp-image-1611656\" src=\"https:\/\/www.europesays.com\/pl\/wp-content\/uploads\/2025\/11\/oppo-find-x9-3-lata-gwarancji-medium.jpg\" alt=\"Rozszerzona gwarancja na 3 lata OPPO Find X9\" width=\"500\" height=\"248\"   itemprop=\"image\" \/><\/a><\/p>\n<p id=\"caption-attachment-1611656\" class=\"wp-caption-text\">3 lata gwarancji OPPO Find X9 \/ fot. Plus<\/p>\n<p>Informacje o tej promocji znalaz\u0142em na stronie plus.pl. Co musisz zrobi\u0107, aby z niej skorzysta\u0107?<\/p>\n<blockquote>\n<ol>\n<li>Kup smartfon OPPO Find X9 Pro5G lub OPPO Find X9 5G od godz. 17:00 w dniu 28.10.2025 r.<\/li>\n<li>Aktywuj urz\u0105dzenie poprzez jego uruchomienie z aktywn\u0105 kart\u0105 SIM w ci\u0105gu 14 dni od momentu zakupu.<\/li>\n<li>Tw\u00f3j smartfon zostanie automatycznie obj\u0119ty specjaln\u0105 ochron\u0105 zawieraj\u0105c\u0105 dodatkowy rok gwarancji.<\/li>\n<\/ol>\n<\/blockquote>\n<p>Jak mo\u017cemy dowiedzie\u0107 si\u0119 z <a href=\"https:\/\/api.plus.pl\/file\/images_lp\/plus\/lp-oppo\/findx9pro\/Promocja-Dodatkowy-rok-gwarancji_Find_X9.pdf\" rel=\"nofollow noopener\" target=\"_blank\">Regulaminu promocji<\/a>, obejmuje ona nie tylko flagowe OPPO kupione w Plusie, ale te\u017c <a href=\"https:\/\/www.gsmmaniak.pl\/1610443\/orange-oppo-find-x9-od-3771-zlotych\/\" rel=\"noopener nofollow\" target=\"_blank\">w ofercie Orange Polska<\/a> i w niekt\u00f3rych sklepach ze sprz\u0119tem RTV\/AGD.<\/p>\n<p>Za OPPO Find X9 Pro wydasz w Plusie bez umowy <a href=\"https:\/\/www.plus.pl\/lp\/premiera-find-x9-pro\" rel=\"nofollow noopener\" target=\"_blank\">min. 5499 z\u0142otych<\/a> (najta\u0144sza opcja na 12 rat). Zielony operator pobiera jednorazow\u0105 op\u0142at\u0119 startow\u0105 w wysoko\u015bci 549 z\u0142otych, a reszt\u0119 kwoty dzieli na 12 r\u00f3wnych rat. <a href=\"https:\/\/clk.tradedoubler.com\/click?p=51374&amp;a=1519650&amp;epi=link&amp;url=https%3A%2F%2Fwww.orange.pl%2Fesklep%2Fsmartfony%2Foppo\" rel=\"nofollow noopener\" target=\"_blank\">Ceny w Orange s\u0105 takie same<\/a>, ale je\u015bli wybierzesz smartfony w abonamencie, to zap\u0142acisz za nie kilka st\u00f3w mniej.<\/p>\n<p>Jak dzia\u0142a przed\u0142u\u017cona gwarancja?<\/p>\n<p><img decoding=\"async\" loading=\"lazy\" class=\"size-medium wp-image-1607404 aligncenter\" src=\"https:\/\/www.europesays.com\/pl\/wp-content\/uploads\/2025\/10\/gsmarena_007-medium.jpg\" alt=\"OPPO Find X9\" width=\"500\" height=\"500\"   \/><\/p>\n<p>Jak mo\u017cemy przeczyta\u0107 cho\u0107by na stronie operatora Plus, kt\u00f3ry oferuje flagowce OPPO Find X9:<\/p>\n<blockquote>\n<p>Trzyletni okres bezp\u0142atnych napraw obejmuje 24 miesi\u0105ce standardowej gwarancji producenta oraz dodatkowy 12-miesi\u0119czny okres gwarancji rozszerzonej, udzielanej przez producenta na identycznych warunkach jak gwarancja standardowa. Okres gwarancji liczony jest od daty zakupu produktu.<\/p>\n<\/blockquote>\n<p>Oba modele s\u0105 nap\u0119dzane pot\u0119\u017cnym Dimensity 9500 4,21 GHz (3 nm) i maj\u0105 16\/512 GB wbudowanej pami\u0119ci. Mo\u017cesz te\u017c liczy\u0107 na najnowszego Androida 16 z 5 g\u0142\u00f3wnymi aktualizacjami. Co jeszcze gwarantuje producent?<\/p>\n<p>OPPO s\u0105 nie tylko bardzo szybkie i wydajne, ale maj\u0105 te\u017c genialne aparaty Hasselblad z peryskopowym teleobiektywem o zoomie 120x. Find X9 oferuje obiektywy 3x 50 MP, a topowy Pro nieco inny zestaw z peryskopowym tele 200 MP i z nieco ja\u015bniejszymi przys\u0142onami.<\/p>\n<p>Otrzymasz te\u017c \u015bliczne ekrany AMOLED 1.5K 120 Hz o przek\u0105tnej 6,59-6,78\u2033 oraz ogromne baterie. OPPO Find X9 ma ogniwo 7025, a Find X9 Pro a\u017c 7500 mAh. Wspieraj\u0105 one szybkie \u0142adowanie przewodowe 80 W, indukcj\u0119 50 W oraz \u0142adowanie zwrotne. Te flagowce to klasa sama w sobie.<\/p>\n<p>\u0179r\u00f3d\u0142o: <a href=\"https:\/\/www.plus.pl\/lp\/premiera-find-x9-pro\" rel=\"nofollow noopener\" target=\"_blank\">Plus<\/a>, <a href=\"https:\/\/clk.tradedoubler.com\/click?p=51374&amp;a=1519650&amp;epi=link&amp;url=https%3A%2F%2Fwww.orange.pl%2Fesklep%2Fsmartfony%2Foppo\" rel=\"nofollow noopener\" target=\"_blank\">Orange Polska<\/a>, opracowanie w\u0142asne<\/p>\n","protected":false},"excerpt":{"rendered":"OPPO Find X9 i Find X9 Pro, a wi\u0119c najnowsze flagowce chi\u0144skiego giganta, s\u0105 teraz sprzedawane z przed\u0142u\u017con\u0105&hellip;\n","protected":false},"author":2,"featured_media":88804,"comment_status":"","ping_status":"","sticky":false,"template":"","format":"standard","meta":{"footnotes":""},"categories":[20],"tags":[120,118,119,16697,18949,18946,18945,18063,20844,18948,18944,20846,12850,20847,18950,20845,6724,42,20848,38,40,39,41,116,114,115,121,117],"class_list":{"0":"post-88803","1":"post","2":"type-post","3":"status-publish","4":"format-standard","5":"has-post-thumbnail","7":"category-nauka-i-technika","8":"tag-nauka","9":"tag-nauka-i-technika","10":"tag-naukatechnika","11":"tag-oppo-find-x9","12":"tag-oppo-find-x9-abonament","13":"tag-oppo-find-x9-bez-abonamentu","14":"tag-oppo-find-x9-bez-umowy","15":"tag-oppo-find-x9-cena","16":"tag-oppo-find-x9-gwarancja-3-lata","17":"tag-oppo-find-x9-na-raty","18":"tag-oppo-find-x9-oferta","19":"tag-oppo-find-x9-premiera","20":"tag-oppo-find-x9-pro","21":"tag-oppo-find-x9-pro-promocja","22":"tag-oppo-find-x9-promocja","23":"tag-oppo-find-x9-przedluzona-gwarancja","24":"tag-orange-promocja","25":"tag-pl","26":"tag-plus-oppo-find-x9","27":"tag-poland","28":"tag-polish","29":"tag-polska","30":"tag-polski","31":"tag-science","32":"tag-science-and-technology","33":"tag-sciencetechnology","34":"tag-technika","35":"tag-technology"},"share_on_mastodon":{"url":"","error":"Validation failed: Text character limit of 500 exceeded"},"_links":{"self":[{"href":"https:\/\/www.europesays.com\/pl\/wp-json\/wp\/v2\/posts\/88803","targetHints":{"allow":["GET"]}}],"collection":[{"href":"https:\/\/www.europesays.com\/pl\/wp-json\/wp\/v2\/posts"}],"about":[{"href":"https:\/\/www.europesays.com\/pl\/wp-json\/wp\/v2\/types\/post"}],"author":[{"embeddable":true,"href":"https:\/\/www.europesays.com\/pl\/wp-json\/wp\/v2\/users\/2"}],"replies":[{"embeddable":true,"href":"https:\/\/www.europesays.com\/pl\/wp-json\/wp\/v2\/comments?post=88803"}],"version-history":[{"count":0,"href":"https:\/\/www.europesays.com\/pl\/wp-json\/wp\/v2\/posts\/88803\/revisions"}],"wp:featuredmedia":[{"embeddable":true,"href":"https:\/\/www.europesays.com\/pl\/wp-json\/wp\/v2\/media\/88804"}],"wp:attachment":[{"href":"https:\/\/www.europesays.com\/pl\/wp-json\/wp\/v2\/media?parent=88803"}],"wp:term":[{"taxonomy":"category","embeddable":true,"href":"https:\/\/www.europesays.com\/pl\/wp-json\/wp\/v2\/categories?post=88803"},{"taxonomy":"post_tag","embeddable":true,"href":"https:\/\/www.europesays.com\/pl\/wp-json\/wp\/v2\/tags?post=88803"}],"curies":[{"name":"wp","href":"https:\/\/api.w.org\/{rel}","templated":true}]}}