{"id":88814,"date":"2025-11-06T20:49:16","date_gmt":"2025-11-06T20:49:16","guid":{"rendered":"https:\/\/www.europesays.com\/pl\/88814\/"},"modified":"2025-11-06T20:49:16","modified_gmt":"2025-11-06T20:49:16","slug":"ethan-hawke-konczy-55-lat-ozenil-sie-z-niania-swoich-dzieci","status":"publish","type":"post","link":"https:\/\/www.europesays.com\/pl\/88814\/","title":{"rendered":"Ethan Hawke ko\u0144czy 55 lat. O\u017ceni\u0142 si\u0119 z niani\u0105 swoich dzieci"},"content":{"rendered":"<p> Galeria zdj\u0119\u0107    1\/5  Ryan Shawhughes i Ethan Hawke    <img src=\"https:\/\/www.europesays.com\/pl\/wp-content\/uploads\/2025\/11\/cOsk9lBaHR0cHM6Ly9vY2RuLmV1L3B1bHNjbXMvTURBXy85MGM2Yzk3YzkwZTk0ZGYxODc5NzQ5Y2MzNGNhMTA2YS5qcGeRlQLNA.jpeg\" height=\"529\" width=\"940\" alt=\"Ryan Shawhughes i Ethan Hawke\" loading=\"lazy\" decoding=\"async\" class=\"ods-c-image__img ods-c-image__img--placeholder\"\/>     1\/5   <\/p>\n<p>Neil Mockford\/WireImage \/ Getty Images<\/p>\n<p>        2\/5  Jude Law i Daisy Wright    <img src=\"https:\/\/www.europesays.com\/pl\/wp-content\/uploads\/2025\/11\/Zj_k9lBaHR0cHM6Ly9vY2RuLmV1L3B1bHNjbXMvTURBXy8xNWIwMDIxNWU0Y2RhOGU0ZTcxZWFlNTA3NWY1NmViNC5qcGeRlQLNA.jpeg\" height=\"529\" width=\"940\" alt=\"Jude Law i Daisy Wright\" loading=\"lazy\" decoding=\"async\" class=\"ods-c-image__img ods-c-image__img--placeholder\"\/>     2\/5   <\/p>\n<p>Buzz Foto \/ Retna Pictures \/ PAP<\/p>\n<p class=\"ods-c-gallery__item__description\">Romans gwiazdora ujrza\u0142 \u015bwiat\u0142o dzienne w 2004 r. M\u0142odziutka niania zosta\u0142a zatrudniona przez jego eks\u017con\u0119 Sadie Frost do opieki nad tr\u00f3jk\u0105 dzieci. Rzekomo nie by\u0142a zainteresowana Lawem, jednak zbli\u017cyli si\u0119 do siebie, gdy ten przechodzi\u0142 trudno\u015bci w \u00f3wczesnym zwi\u0105zku. Wkr\u00f3tce ju\u017c ze sob\u0105 sypiali, a Daisy coraz cz\u0119\u015bciej my\u015bla\u0142a o wsp\u00f3lnej przysz\u0142o\u015bci. Aktor wiele obiecywa\u0142, cho\u0107 &#8222;zapomnia\u0142&#8221; poinformowa\u0107 dziewczyn\u0119, \u017ce w domu czeka\u0142a na niego Sienna Miller.<\/p>\n<p>Kiedy media odkry\u0142y zdrad\u0119 Jude&#8217;a, ten natychmiast porzuci\u0142 Wright i publicznie przeprasza\u0142 partnerk\u0119. Zraniona kochanka posz\u0142a do prasy, ujawniaj\u0105c pikantne szczeg\u00f3\u0142y schadzek. Dla Miller tego by\u0142o za wiele. Zerwa\u0142a zar\u0119czyny i zaszy\u0142a si\u0119 w domu.<\/p>\n<p>       3\/5  Christine Ouzounian i Ben Affleck    <img src=\"https:\/\/www.europesays.com\/pl\/wp-content\/uploads\/2025\/11\/Ybak9lBaHR0cHM6Ly9vY2RuLmV1L3B1bHNjbXMvTURBXy8zODM0N2EwNTE0NGVmOWJiNTVhYTczMDM0YTFiZjk1ZC5qcGeRlQLNA.jpeg\" height=\"529\" width=\"940\" alt=\"Christine Ouzounian i Ben Affleck\" loading=\"lazy\" decoding=\"async\" class=\"ods-c-image__img ods-c-image__img--placeholder\"\/>     3\/5   <\/p>\n<p>Pablo \/ Backgrid USA \/ Forum \/ FORUM<\/p>\n<p class=\"ods-c-gallery__item__description\">W 2015 r. jedna z najpi\u0119kniejszych par Hollywood og\u0142osi\u0142a rozstanie. Po jakim\u015b czasie dziennikarze ustalili, \u017ce &#8222;powodem&#8221; by\u0142a opiekunka trojga dzieci aktor\u00f3w. Co ciekawe, ustalono, \u017ce to Affleck mia\u0142 uwie\u015b\u0107 Ouzounian, a ona pr\u00f3bowa\u0142a ostrzec Jennifer Garner. \u2014 \u2014 Niania nie mia\u0142a nic wsp\u00f3lnego z decyzj\u0105 o rozstaniu. Czy \u017ale j\u0105 oceni\u0142am? Tak. Dla dzieci to nic mi\u0142ego, gdy nagle opiekunka znika z ich \u017cycia \u2014 zaprzecza\u0142a gwiazda.<\/p>\n<p>    4\/5  Robin Williams i Marsha Garces    <img src=\"https:\/\/www.europesays.com\/pl\/wp-content\/uploads\/2025\/11\/SX7k9lBaHR0cHM6Ly9vY2RuLmV1L3B1bHNjbXMvTURBXy80OWM4NjBiYzQ1NmUwNTEyNTNhM2E2YjQyOWMyOGIwYi5qcGeRlQLNA.jpeg\" height=\"529\" width=\"940\" alt=\"Robin Williams i Marsha Garces\" loading=\"lazy\" decoding=\"async\" class=\"ods-c-image__img ods-c-image__img--placeholder\"\/>     4\/5   <\/p>\n<p>Ron Galella\/Ron Galella Collection \/ Getty Images<\/p>\n<p class=\"ods-c-gallery__item__description\">Robin Williams r\u00f3wnie\u017c zwi\u0105za\u0142 si\u0119 z niani\u0105, kt\u00f3r\u0105 po\u015blubi\u0142 rok po rozwodzie z pierwsz\u0105 \u017con\u0105 Valerie Velardi. Ta w dokumencie &#8222;Come Inside My Mind&#8221; opowiada\u0142a: &#8222;On kocha\u0142 kobiety. Absolutnie je uwielbia\u0142. I ja to rozumia\u0142am. Rozumia\u0142am i chcia\u0142am, by to mia\u0142. Ale jednocze\u015bnie chcia\u0142a, \u017ceby wraca\u0142 do domu&#8221;. Marsha by\u0142a wyj\u0105tkiem. Urodzi\u0142a syna i c\u00f3rk\u0119 Williamsa, ale ostatecznie wielkie uczucie, jakie ich kiedy\u015b po\u0142\u0105czy\u0142o, nie przetrwa\u0142o pr\u00f3by czasu.<\/p>\n<p>       5\/5  Mick Jagger i Claire Houseman    <img src=\"https:\/\/www.europesays.com\/pl\/wp-content\/uploads\/2025\/11\/Afxk9lBaHR0cHM6Ly9vY2RuLmV1L3B1bHNjbXMvTURBXy8xZmY0NzdiMTcxYTAxMDkzODgwYmFkMzRmN2FkMzY0MS5qcGeRlQLNB.jpeg\" height=\"640\" width=\"940\" alt=\"Mick Jagger i Claire Houseman\" loading=\"lazy\" decoding=\"async\" class=\"ods-c-image__img ods-c-image__img--placeholder\"\/>     5\/5   <\/p>\n<p>Mark Anderson\/ \/ PAP<\/p>\n<p class=\"ods-c-gallery__item__description\">Cho\u0107 frontman The Rolling Stones nigdy nie przyzna\u0142 si\u0119, \u017ce zdradza\u0142 Jerry Hall [na zdj\u0119ciu], to Claire Houseman zarzeka\u0142a si\u0119: &#8222;Dwukrotnie dosz\u0142o mi\u0119dzy nami zbli\u017cenia, gdy by\u0142a w pobli\u017cu&#8221;. Wystosowa\u0142a przeprosiny wobec modelki, t\u0142umacz\u0105c si\u0119, \u017ce nie mog\u0142a si\u0119 powstrzyma\u0107. Ostatecznie Jerry Hall odesz\u0142a od Jaggera.<\/p>\n","protected":false},"excerpt":{"rendered":"Galeria zdj\u0119\u0107 1\/5 Ryan Shawhughes i Ethan Hawke 1\/5 Neil Mockford\/WireImage \/ Getty Images 2\/5 Jude Law i&hellip;\n","protected":false},"author":2,"featured_media":88815,"comment_status":"","ping_status":"","sticky":false,"template":"","format":"standard","meta":{"footnotes":""},"categories":[22],"tags":[10386,1942,122,20802,20849,12225,48,46,42,38,40,39,41,123,47],"class_list":{"0":"post-88814","1":"post","2":"type-post","3":"status-publish","4":"format-standard","5":"has-post-thumbnail","7":"category-rozrywka","8":"tag-ben_affleck","9":"tag-celebryci","10":"tag-entertainment","11":"tag-ethan_hawke","12":"tag-jude_law","13":"tag-mick_jagger","14":"tag-nat_styl","15":"tag-omp","16":"tag-pl","17":"tag-poland","18":"tag-polish","19":"tag-polska","20":"tag-polski","21":"tag-rozrywka","22":"tag-screening_general"},"share_on_mastodon":{"url":"https:\/\/pubeurope.com\/@pl\/115504727178818352","error":""},"_links":{"self":[{"href":"https:\/\/www.europesays.com\/pl\/wp-json\/wp\/v2\/posts\/88814","targetHints":{"allow":["GET"]}}],"collection":[{"href":"https:\/\/www.europesays.com\/pl\/wp-json\/wp\/v2\/posts"}],"about":[{"href":"https:\/\/www.europesays.com\/pl\/wp-json\/wp\/v2\/types\/post"}],"author":[{"embeddable":true,"href":"https:\/\/www.europesays.com\/pl\/wp-json\/wp\/v2\/users\/2"}],"replies":[{"embeddable":true,"href":"https:\/\/www.europesays.com\/pl\/wp-json\/wp\/v2\/comments?post=88814"}],"version-history":[{"count":0,"href":"https:\/\/www.europesays.com\/pl\/wp-json\/wp\/v2\/posts\/88814\/revisions"}],"wp:featuredmedia":[{"embeddable":true,"href":"https:\/\/www.europesays.com\/pl\/wp-json\/wp\/v2\/media\/88815"}],"wp:attachment":[{"href":"https:\/\/www.europesays.com\/pl\/wp-json\/wp\/v2\/media?parent=88814"}],"wp:term":[{"taxonomy":"category","embeddable":true,"href":"https:\/\/www.europesays.com\/pl\/wp-json\/wp\/v2\/categories?post=88814"},{"taxonomy":"post_tag","embeddable":true,"href":"https:\/\/www.europesays.com\/pl\/wp-json\/wp\/v2\/tags?post=88814"}],"curies":[{"name":"wp","href":"https:\/\/api.w.org\/{rel}","templated":true}]}}