{"id":89632,"date":"2025-11-07T11:22:06","date_gmt":"2025-11-07T11:22:06","guid":{"rendered":"https:\/\/www.europesays.com\/pl\/89632\/"},"modified":"2025-11-07T11:22:06","modified_gmt":"2025-11-07T11:22:06","slug":"stanowczy-apel-z-pis-do-roberta-telusa-posel-wskazuje-co-powinien-zrobic-zawieszony-polityk-onet","status":"publish","type":"post","link":"https:\/\/www.europesays.com\/pl\/89632\/","title":{"rendered":"Stanowczy apel z PiS do Roberta Telusa. Pose\u0142 wskazuje, co powinien zrobi\u0107 zawieszony polityk &#8211; Onet"},"content":{"rendered":"<ol>\n<li><a href=\"https:\/\/news.google.com\/rss\/articles\/CBMi0AFBVV95cUxOSkFkcUZwMG9JQ3hQSEJ6TFBQcVlBZ0VUa2o4aTJSSV9JVE4wRnl6SmdmSW9nZUJjS3k3MUZCRFdHY3ZpU0J3dWRNYVdCamRqM2tvdFNvYWxXZ3RETlNoUEp4SHRJcExlWkpfT0ZFS0h2MGxIRmo0M1hGWG1rQzNtUUh0RnVjZ1Rqazh1bTVhaXRBRHBIbGZrOHZ6LXByMm5ZZHZiVnhqVUhyVHFoTTFyZ09OZE15d1N4QWZoVG0wdWlvWGpoTnhlOEZLb0w2STh2?oc=5\" target=\"_blank\" rel=\"nofollow noopener\">Stanowczy apel z PiS do Roberta Telusa. Pose\u0142 wskazuje, co powinien zrobi\u0107 zawieszony polityk<\/a>&nbsp;&nbsp;Onet<\/li>\n<li><a href=\"https:\/\/news.google.com\/rss\/articles\/CBMingFBVV95cUxQdC1sMXdVVmNkRzNnU3JBQWJEbFJ1WHh0TUVvdjFZRm9Ua3JabWZsY3Z3WXhYM1hLNFpiNC04Y3N3QkxwTTVaemxVNlBneTlVN3RfbjZFbFZwZFlJdnFxQTJPQnVQUUpKUzAyYmVIZ2xaQ0l0TzlsWXpIVHRBeWcwd2pwREtxMU15aUhBYjlQYlZMcC1CWWFlRTRGbEFIQQ?oc=5\" target=\"_blank\" rel=\"nofollow noopener\">Kontrola w KOWR. Minister rolnictwa zawiadamia prokuratur\u0119<\/a>&nbsp;&nbsp;Onet Wiadomo\u015bci<\/li>\n<li><a href=\"https:\/\/news.google.com\/rss\/articles\/CBMijwFBVV95cUxOOWRuamtfekd0WUlTN0p4dS1VLVVtay1VRncwYm43Nzh2eEJzVkRJNGt3MmVnMzN4SkczS3pXRE5ONFRIX19vWjNZR211eE1teGJoTkpFS0ljVnZTMC01MnNPNVpWUnJNQUZLdThLYjYxZUR2SFp4OEtuNHM1SGxncWt1SzJudXFURXRDUmxDSQ?oc=5\" target=\"_blank\" rel=\"nofollow noopener\">Afera CPK. Minister o pierwszych ustaleniach<\/a>&nbsp;&nbsp;WP Wiadomo\u015bci<\/li>\n<li><a href=\"https:\/\/news.google.com\/rss\/articles\/CBMiogFBVV95cUxObjVOS1l2Yk1SYzdWWXFRUFVUbUJ1T3F6SjZEM3FmWnBKRWg1R2RjYTlwTDFwMFZpN250ay1ZNTE4U1hSeE9GMXJMV0h6Z3pla1Y1ZzVLNWJ4SW5jeWJHWGJkY0ZVUUpDaXFweTJOQTl3WEg5Y3VYZ0lwYzd2ZHBnR05pSlBVc1BpYWtjSGFueTBzUXl1eWJaM0pkM2ctMUxjY3c?oc=5\" target=\"_blank\" rel=\"nofollow noopener\">Dwa zawiadomienia do prokuratury w sprawie dzia\u0142ki pod CPK<\/a>&nbsp;&nbsp;TVN24<\/li>\n<li><a href=\"https:\/\/news.google.com\/rss\/articles\/CBMi0AFBVV95cUxNam1rdUdOSmFXN2wyWjFyV1Q1akRyMVQ2YlpsdGJBWURGd0h4cUlxWVZMMElldDJSNy1OTGo4cnpkNVl6M204RnpRcnN6Nm1aQ20waDBCVTYzUEVIcnZKMnFXSVZKUE10d01HanY5RmRpYlJBclk4ZUpJSVNTbXJsSnhoaE9ka2pUUklWcXZXY3JrelFnSnJYRndoS25TYjUwazdHdC1VT196YWlwMXQyRWZpT25aMWdpNnR5RktsSktJc281VUZLRWl1dkpRNm1T?oc=5\" target=\"_blank\" rel=\"nofollow noopener\">Minister rolnictwa o mo\u017cliwych dymisjach w KOWR. &#8222;Nie ma \u015bwi\u0119tych kr\u00f3w&#8221;<\/a>&nbsp;&nbsp;Business Insider Polska<\/li>\n<\/ol>\n","protected":false},"excerpt":{"rendered":"Stanowczy apel z PiS do Roberta Telusa. Pose\u0142 wskazuje, co powinien zrobi\u0107 zawieszony polityk&nbsp;&nbsp;Onet Kontrola w KOWR. Minister&hellip;\n","protected":false},"author":2,"featured_media":70924,"comment_status":"","ping_status":"","sticky":false,"template":"","format":"standard","meta":{"footnotes":"","_share_on_mastodon":"0"},"categories":[12],"tags":[21069,32,33,6121,36,37,27,34,35,19852,28,31,53,25,52,68,51,55,42,38,40,39,41,868,17650,47,1998,29,30,65,50,26],"class_list":["post-89632","post","type-post","status-publish","format-standard","has-post-thumbnail","category-polska","tag-boleslaw_piecha_polityk","tag-breaking-news","tag-breakingnews","tag-centralny_port_komunikacyjny_cpk","tag-featured-news","tag-featurednews","tag-headlines","tag-latest-news","tag-latestnews","tag-mp_player_tst1","tag-naglowki","tag-najwazniejsze-artykuly","tag-new_header","tag-news","tag-onet3","tag-onet3d","tag-onet3d_2i","tag-phx","tag-pl","tag-poland","tag-polish","tag-polska","tag-polski","tag-prawo_i_sprawiedliwosc_pis","tag-robert_telus","tag-screening_general","tag-short_news","tag-top-stories","tag-topstories","tag-update_me","tag-v2021","tag-wiadomosci"],"share_on_mastodon":{"url":"","error":"Validation failed: Text character limit of 500 exceeded"},"_links":{"self":[{"href":"https:\/\/www.europesays.com\/pl\/wp-json\/wp\/v2\/posts\/89632","targetHints":{"allow":["GET"]}}],"collection":[{"href":"https:\/\/www.europesays.com\/pl\/wp-json\/wp\/v2\/posts"}],"about":[{"href":"https:\/\/www.europesays.com\/pl\/wp-json\/wp\/v2\/types\/post"}],"author":[{"embeddable":true,"href":"https:\/\/www.europesays.com\/pl\/wp-json\/wp\/v2\/users\/2"}],"replies":[{"embeddable":true,"href":"https:\/\/www.europesays.com\/pl\/wp-json\/wp\/v2\/comments?post=89632"}],"version-history":[{"count":0,"href":"https:\/\/www.europesays.com\/pl\/wp-json\/wp\/v2\/posts\/89632\/revisions"}],"wp:featuredmedia":[{"embeddable":true,"href":"https:\/\/www.europesays.com\/pl\/wp-json\/wp\/v2\/media\/70924"}],"wp:attachment":[{"href":"https:\/\/www.europesays.com\/pl\/wp-json\/wp\/v2\/media?parent=89632"}],"wp:term":[{"taxonomy":"category","embeddable":true,"href":"https:\/\/www.europesays.com\/pl\/wp-json\/wp\/v2\/categories?post=89632"},{"taxonomy":"post_tag","embeddable":true,"href":"https:\/\/www.europesays.com\/pl\/wp-json\/wp\/v2\/tags?post=89632"}],"curies":[{"name":"wp","href":"https:\/\/api.w.org\/{rel}","templated":true}]}}