{"id":89865,"date":"2025-11-07T13:58:10","date_gmt":"2025-11-07T13:58:10","guid":{"rendered":"https:\/\/www.europesays.com\/pl\/89865\/"},"modified":"2025-11-07T13:58:10","modified_gmt":"2025-11-07T13:58:10","slug":"stanowczy-apel-z-pis-do-roberta-telusa-posel-wskazuje-co-powinien-zrobic-zawieszony-polityk-onet-wiadomosci","status":"publish","type":"post","link":"https:\/\/www.europesays.com\/pl\/89865\/","title":{"rendered":"Stanowczy apel z PiS do Roberta Telusa. Pose\u0142 wskazuje, co powinien zrobi\u0107 zawieszony polityk &#8211; Onet Wiadomo\u015bci"},"content":{"rendered":"<ol>\n<li><a href=\"https:\/\/news.google.com\/rss\/articles\/CBMisgFBVV95cUxObDBudEVNc3YzNGtHcnh4YU5ZWUl1NFJ4bThENE5qSlg2bm56eVVwS1JIYzVnYnpnTnhXekpFYW5UWV9EYVRDQUprZzJDSktMTkJHd005VUlyMHd2S0FDTUE2OFRISHJxNVpYQ2pBV05UNEduYlY1U1FPNTdxTXVpUG1HbW1pS185WUs0YmVHSEpYY1FRYXcwNXpDN01WOXJTVEwwN0VwNmdicjhCWE1LbXFR?oc=5\" target=\"_blank\" rel=\"nofollow noopener\">Stanowczy apel z PiS do Roberta Telusa. Pose\u0142 wskazuje, co powinien zrobi\u0107 zawieszony polityk<\/a>&nbsp;&nbsp;Onet Wiadomo\u015bci<\/li>\n<li><a href=\"https:\/\/news.google.com\/rss\/articles\/CBMivAFBVV95cUxPbkpVODRRNVdQVzZwcnluWERLZDV3a2RSQWZqbVJKYThkZWN1YVR2VzdnOG1iWnBHVXZKZi1fSjVrdmw1RldubFVEZV9Vam1YaEFKTjByc1pPV2h2SFU1Q24zbHdVY3V0Wnpva1VVaWpYaVpibmlaZnlUTVZtZXVkNXRJZWJkSklMUXRnWV9VUDF1WHBxN1VzUGI2NFVxa3hWR3N2Qjh2OGY5bk9uakNNWTg1d05yODNaRjVCOQ?oc=5\" target=\"_blank\" rel=\"nofollow noopener\">Kontrola w KOWR. Minister rolnictwa zawiadamia prokuratur\u0119<\/a>&nbsp;&nbsp;Onet<\/li>\n<li><a href=\"https:\/\/news.google.com\/rss\/articles\/CBMilgFBVV95cUxNd18wVkdjZUViX3V2M2NBWnNManlSYTZwT1BJWkpMQWhmbEVSN0lBemhVUExHeUVNMVF5eUNkQ0ZHUDNkNWQ0NEtGRmlUZFZULWVDWGVSVEV1S0hDRW1MOVFENk01YzZnczNKeEtRb0k4X0FRcWxUZG1wNmozUWZnY2QtNXU3bkczblNqWGhiWkVJbjQ5LVE?oc=5\" target=\"_blank\" rel=\"nofollow noopener\">Spotkanie na Nowogrodzkiej. Telus przekona\u0142 Witek?<\/a>&nbsp;&nbsp;WP Wiadomo\u015bci<\/li>\n<li><a href=\"https:\/\/news.google.com\/rss\/articles\/CBMirgFBVV95cUxQdVE1c2pIbm9pQWFpRmRrak9DaGVWaDdkRUQxNlRDNUV0bm5EaDlrXzZTbmh3X3NDSC0wLWZLNFl1OTFWZ2RRRjBNMk12R3BDRG5kSzBmd0FzVlRmRHVtbGxBb1ZnZGtBUklSaHgwX0haSU1GN3ZCSVIxX0xaOTJISTlHR3BBc3ZDdzAtbDdPNDRwVGRoQ3V1UlVkdEF3MDBJUi1fb1QtNUI4RGQ0Z1E?oc=5\" target=\"_blank\" rel=\"nofollow noopener\">Dwa zawiadomienia do prokuratury w sprawie dzia\u0142ki pod CPK<\/a>&nbsp;&nbsp;TVN24<\/li>\n<li><a href=\"https:\/\/news.google.com\/rss\/articles\/CBMi0AFBVV95cUxNam1rdUdOSmFXN2wyWjFyV1Q1akRyMVQ2YlpsdGJBWURGd0h4cUlxWVZMMElldDJSNy1OTGo4cnpkNVl6M204RnpRcnN6Nm1aQ20waDBCVTYzUEVIcnZKMnFXSVZKUE10d01HanY5RmRpYlJBclk4ZUpJSVNTbXJsSnhoaE9ka2pUUklWcXZXY3JrelFnSnJYRndoS25TYjUwazdHdC1VT196YWlwMXQyRWZpT25aMWdpNnR5RktsSktJc281VUZLRWl1dkpRNm1T?oc=5\" target=\"_blank\" rel=\"nofollow noopener\">Minister rolnictwa o mo\u017cliwych dymisjach w KOWR. &#8222;Nie ma \u015bwi\u0119tych kr\u00f3w&#8221;<\/a>&nbsp;&nbsp;Business Insider Polska<\/li>\n<\/ol>\n","protected":false},"excerpt":{"rendered":"Stanowczy apel z PiS do Roberta Telusa. Pose\u0142 wskazuje, co powinien zrobi\u0107 zawieszony polityk&nbsp;&nbsp;Onet Wiadomo\u015bci Kontrola w KOWR.&hellip;\n","protected":false},"author":2,"featured_media":89866,"comment_status":"","ping_status":"","sticky":false,"template":"","format":"standard","meta":{"footnotes":"","_share_on_mastodon":"0"},"categories":[12],"tags":[21096,32,33,6052,36,37,27,49,34,35,28,31,48,25,46,529,42,38,40,39,41,17650,47,29,30,70,26],"class_list":["post-89865","post","type-post","status-publish","format-standard","has-post-thumbnail","category-polska","tag-boleslaw_piecha","tag-breaking-news","tag-breakingnews","tag-cpk","tag-featured-news","tag-featurednews","tag-headlines","tag-kraj","tag-latest-news","tag-latestnews","tag-naglowki","tag-najwazniejsze-artykuly","tag-nat_styl","tag-news","tag-omp","tag-pis","tag-pl","tag-poland","tag-polish","tag-polska","tag-polski","tag-robert_telus","tag-screening_general","tag-top-stories","tag-topstories","tag-w_skrocie","tag-wiadomosci"],"share_on_mastodon":{"url":"https:\/\/pubeurope.com\/@pl\/115508773199398094","error":""},"_links":{"self":[{"href":"https:\/\/www.europesays.com\/pl\/wp-json\/wp\/v2\/posts\/89865","targetHints":{"allow":["GET"]}}],"collection":[{"href":"https:\/\/www.europesays.com\/pl\/wp-json\/wp\/v2\/posts"}],"about":[{"href":"https:\/\/www.europesays.com\/pl\/wp-json\/wp\/v2\/types\/post"}],"author":[{"embeddable":true,"href":"https:\/\/www.europesays.com\/pl\/wp-json\/wp\/v2\/users\/2"}],"replies":[{"embeddable":true,"href":"https:\/\/www.europesays.com\/pl\/wp-json\/wp\/v2\/comments?post=89865"}],"version-history":[{"count":0,"href":"https:\/\/www.europesays.com\/pl\/wp-json\/wp\/v2\/posts\/89865\/revisions"}],"wp:featuredmedia":[{"embeddable":true,"href":"https:\/\/www.europesays.com\/pl\/wp-json\/wp\/v2\/media\/89866"}],"wp:attachment":[{"href":"https:\/\/www.europesays.com\/pl\/wp-json\/wp\/v2\/media?parent=89865"}],"wp:term":[{"taxonomy":"category","embeddable":true,"href":"https:\/\/www.europesays.com\/pl\/wp-json\/wp\/v2\/categories?post=89865"},{"taxonomy":"post_tag","embeddable":true,"href":"https:\/\/www.europesays.com\/pl\/wp-json\/wp\/v2\/tags?post=89865"}],"curies":[{"name":"wp","href":"https:\/\/api.w.org\/{rel}","templated":true}]}}