{"id":90104,"date":"2025-11-07T16:47:10","date_gmt":"2025-11-07T16:47:10","guid":{"rendered":"https:\/\/www.europesays.com\/pl\/90104\/"},"modified":"2025-11-07T16:47:10","modified_gmt":"2025-11-07T16:47:10","slug":"nieoznakowane-radiowozy-policji-juz-na-sluzbie-to-nie-bmw-wiec-moga-zaskoczyc","status":"publish","type":"post","link":"https:\/\/www.europesays.com\/pl\/90104\/","title":{"rendered":"Nieoznakowane radiowozy policji ju\u017c na s\u0142u\u017cbie. To nie BMW, wi\u0119c mog\u0105 zaskoczy\u0107"},"content":{"rendered":"<p>SPIS TRE\u015aCI<\/p>\n<ol class=\"ods-a-table-of-content__items\">\n<li class=\"ods-a-table-of-content__item\"><a href=\"#toc-jakie-mandaty-za-predkosc-w-2025-r\" class=\"ods-a-table-of-content__link\">Jakie mandaty za pr\u0119dko\u015b\u0107 w 2025 r.?<\/a><\/li>\n<li class=\"ods-a-table-of-content__item\"><a href=\"#toc-policja-juz-korzysta-ze-swojej-nowej-broni\" class=\"ods-a-table-of-content__link\">Policja ju\u017c korzysta ze swojej nowej broni<\/a><\/li>\n<li class=\"ods-a-table-of-content__item\"><a href=\"#toc-jakie-sa-limity-predkosci-w-polsce\" class=\"ods-a-table-of-content__link\">Jakie s\u0105 limity pr\u0119dko\u015bci w Polsce?<\/a><\/li>\n<\/ol>\n<p class=\"ods-c-paragraph \">Zacznijmy od tego, o jakich kontrolach i jakich mandatach mowa. Chodzi o pr\u0119dko\u015b\u0107 \u2014 to g\u0142\u00f3wnie do jej mierzenia s\u0142u\u017cy nowy sprz\u0119t policji. Mandaty za przekroczenie limit\u00f3w s\u0105 dotkliwe.<\/p>\n<p>Dalszy ci\u0105g artyku\u0142u pod materia\u0142em wideo<\/p>\n<p> Jakie mandaty za przekroczenie pr\u0119dko\u015bci obowi\u0105zuj\u0105 w 2025 roku? <\/p>\n<p> Jakie s\u0105 limity pr\u0119dko\u015bci na polskich drogach? <\/p>\n<p> Jakie samochody otrzyma\u0142a mazowiecka policja? <\/p>\n<p> Ile kosztowa\u0142y nowe radiowozy policji? <\/p>\n<p>  Jakie mandaty za pr\u0119dko\u015b\u0107 w 2025 r.?<\/p>\n<p class=\"ods-c-paragraph \">Obowi\u0105zuj\u0105cy taryfikator mandat\u00f3w przewiduje poni\u017csze kary za przekroczenie pr\u0119dko\u015bci:<\/p>\n<ul class=\"ods-m-bullet-list\">\n<li class=\"ods-a-bullet ods-a-bullet--normal\"> do 10 km na godz. \u2013 50 z\u0142, <\/li>\n<li class=\"ods-a-bullet ods-a-bullet--normal\"> o 11-15 km na godz. \u2013 100 z\u0142, <\/li>\n<li class=\"ods-a-bullet ods-a-bullet--normal\"> o 16-20 km na godz. \u2013 200 z\u0142, <\/li>\n<li class=\"ods-a-bullet ods-a-bullet--normal\"> o 21-25 km na godz. \u2013 300 z\u0142, <\/li>\n<li class=\"ods-a-bullet ods-a-bullet--normal\"> o 26-30 km na godz. \u2013 400 z\u0142, <\/li>\n<li class=\"ods-a-bullet ods-a-bullet--normal\"> o 31-40 km na godz. \u2013 800 z\u0142\/1600 z\u0142 (w przypadku recydywy), <\/li>\n<li class=\"ods-a-bullet ods-a-bullet--normal\"> o 41-50 km na godz. \u2013 1000 z\u0142\/2000 z\u0142, <\/li>\n<li class=\"ods-a-bullet ods-a-bullet--normal\"> o 51-60 km na godz. \u2013 1500 z\u0142\/3000 z\u0142, <\/li>\n<li class=\"ods-a-bullet ods-a-bullet--normal\"> o 61-70 km na godz. \u2013 2000 z\u0142\/4000 z\u0142, <\/li>\n<li class=\"ods-a-bullet ods-a-bullet--normal\"> o 71 km na godz. i wi\u0119cej \u2013 2500 z\u0142\/5000 z\u0142. <\/li>\n<\/ul>\n<p>   Policja ju\u017c korzysta ze swojej nowej broni<\/p>\n<p class=\"ods-c-paragraph \">Na kilkana\u015bcie dni przed d\u0142ugim weekendem przypadaj\u0105cym na najbli\u017csze dni mazowieccy funkcjonariusze ruchu drogowego otrzymali pi\u0119\u0107 nieoznakowanych, mocnych radiowoz\u00f3w sygnowanych logo Skody. Auta trafi\u0142y do komend w Ostro\u0142\u0119ce, P\u0142ocku, Radomiu, Siedlcach oraz M\u0142awie.<\/p>\n<p>   <img decoding=\"async\" src=\"https:\/\/www.europesays.com\/pl\/wp-content\/uploads\/2025\/11\/yDxk9lBaHR0cHM6Ly9vY2RuLmV1L3B1bHNjbXMvTURBXy9mOWViZWY4YjZlZjE0OGVmNmQ5YzUzNmJjYzM3YTY3YS5qcGeRlQLNB.jpeg\" height=\"705\" width=\"940\" alt=\"Nieoznakowany radiow\u00f3z - Skoda Superb\" loading=\"lazy\" class=\"ods-c-image__img ods-c-image__img--viewport-width\"\/><\/p>\n<p>Nieoznakowany radiow\u00f3z &#8211; Skoda SuperbPolicja<\/p>\n<p class=\"ods-c-paragraph \">Koszt ka\u017cdego pojazdu wyni\u00f3s\u0142 oko\u0142o 400 tys. z\u0142, a ich zakup zosta\u0142 sfinansowany ze \u015brodk\u00f3w policji oraz samorz\u0105d\u00f3w. W przypadku radiowozu przeznaczonego dla Siedlec finansowanie wspar\u0142y lokalne gminy.<\/p>\n<p class=\"ods-c-paragraph \">Policyjne Skody Superb, kt\u00f3re trafi\u0142y do mazowieckich komend, s\u0105 wyposa\u017cone w silnik 2.0 TSI o mocy 265 KM, nap\u0119d na cztery ko\u0142a oraz automatyczn\u0105 skrzyni\u0119 DSG. Pozwalaj\u0105 na przyspieszenie do 100 km na godz. w  5,3 s. Samochody zosta\u0142y dodatkowo wyposa\u017cone w polskie wideorejestratory Videorapid 2a od firmy Zurad. Urz\u0105dzenia te umo\u017cliwiaj\u0105 precyzyjne dokumentowanie wykrocze\u0144 drogowych, takich jak przekroczenie pr\u0119dko\u015bci czy jazda bez zapi\u0119tych pas\u00f3w.<\/p>\n<p><img decoding=\"async\" src=\"https:\/\/www.europesays.com\/pl\/wp-content\/uploads\/2025\/11\/jPak9lBaHR0cHM6Ly9vY2RuLmV1L3B1bHNjbXMvTURBXy9jNmNkMjExY2ViYWQyNjhiMzY2MmFiN2JmYjhiODI4NS5qcGeRlQLNB.jpeg\" height=\"705\" width=\"940\" alt=\"Nieoznakowany radiow\u00f3z - Skoda Superb\" loading=\"lazy\" class=\"ods-c-image__img ods-c-image__img--viewport-width\"\/><\/p>\n<p>Nieoznakowany radiow\u00f3z &#8211; Skoda SuperbPolicja<\/p>\n<p> Jakie s\u0105 limity pr\u0119dko\u015bci w Polsce?<\/p>\n<p class=\"ods-c-paragraph \">Przepisy dotycz\u0105ce dopuszczalnych pr\u0119dko\u015bci na polskich drogach s\u0105 zawarte w art. 20. i 21. Prawa o ruchu drogowym. Dopuszczalne pr\u0119dko\u015bci w Polsce zale\u017c\u0105 nie tylko od typu drogi, lecz tak\u017ce od rodzaju pojazdu. Dla samochod\u00f3w osobowych, motocykli i samochod\u00f3w ci\u0119\u017carowych o masie ca\u0142kowitej do 3,5 t wynosz\u0105:<\/p>\n<ul class=\"ods-m-bullet-list\">\n<li class=\"ods-a-bullet ods-a-bullet--normal\"> 140 km na godz. na autostradach; <\/li>\n<li class=\"ods-a-bullet ods-a-bullet--normal\"> 120 km na godz.\u00a0na drogach ekspresowych dwujezdniowych; <\/li>\n<li class=\"ods-a-bullet ods-a-bullet--normal\"> 100 km na godz.\u00a0na drogach ekspresowych jednojezdniowych\u00a0i na drogach dwujezdniowych o co najmniej dw\u00f3ch pasach przeznaczonych dla ka\u017cdego kierunku ruchu (poza obszarem zabudowanym); <\/li>\n<li class=\"ods-a-bullet ods-a-bullet--normal\"> 90 km na godz. na pozosta\u0142ych drogach poza terenem zabudowanym. <\/li>\n<\/ul>\n<p class=\"ods-c-paragraph \">Dopuszczalne pr\u0119dko\u015bci r\u00f3\u017cni\u0105 si\u0119 (s\u0105 zdecydowanie ni\u017csze) w przypadku zespo\u0142\u00f3w pojazd\u00f3w (czyli r\u00f3wnie\u017c samochodu osobowego z przyczep\u0105), samochod\u00f3w ci\u0119\u017carowych o masie ca\u0142kowitej powy\u017cej 3,5 t:<\/p>\n<ul class=\"ods-m-bullet-list\">\n<li class=\"ods-a-bullet ods-a-bullet--normal\"> 80 km na godz. \u2013 na autostradach, <\/li>\n<li class=\"ods-a-bullet ods-a-bullet--normal\"> 80 km na godz. \u2013\u00a0na drogach ekspresowych dwujezdniowych i jednojezdniowych,\u00a0 <\/li>\n<li class=\"ods-a-bullet ods-a-bullet--normal\"> 70 km na godz. \u2013 na pozosta\u0142ych drogach poza terenem zabudowanym. <\/li>\n<\/ul>\n<p class=\"ods-c-paragraph \">Dozwolona pr\u0119dko\u015b\u0107 autobusu:<\/p>\n<ul class=\"ods-m-bullet-list\">\n<li class=\"ods-a-bullet ods-a-bullet--normal\"> 100 km na godz. na autostradzie i drodze ekspresowej. <\/li>\n<\/ul>\n<p class=\"ods-c-paragraph \">Dopuszczalna pr\u0119dko\u015b\u0107 w obszarze zabudowanym wynosi 50 km na godz. przez ca\u0142\u0105 dob\u0119.<\/p>\n","protected":false},"excerpt":{"rendered":"SPIS TRE\u015aCI Jakie mandaty za pr\u0119dko\u015b\u0107 w 2025 r.? Policja ju\u017c korzysta ze swojej nowej broni Jakie s\u0105&hellip;\n","protected":false},"author":2,"featured_media":90105,"comment_status":"","ping_status":"","sticky":false,"template":"","format":"standard","meta":{"footnotes":"","_share_on_mastodon":"0"},"categories":[16],"tags":[210,113,112,1366,3777,48,46,42,38,414,40,39,41,8434,47,26],"class_list":["post-90104","post","type-post","status-publish","format-standard","has-post-thumbnail","category-biznes","tag-aktualnosci","tag-biznes","tag-business","tag-mandat","tag-mandaty","tag-nat_styl","tag-omp","tag-pl","tag-poland","tag-policja","tag-polish","tag-polska","tag-polski","tag-radiowoz","tag-screening_general","tag-wiadomosci"],"share_on_mastodon":{"url":"https:\/\/pubeurope.com\/@pl\/115509437789792065","error":""},"_links":{"self":[{"href":"https:\/\/www.europesays.com\/pl\/wp-json\/wp\/v2\/posts\/90104","targetHints":{"allow":["GET"]}}],"collection":[{"href":"https:\/\/www.europesays.com\/pl\/wp-json\/wp\/v2\/posts"}],"about":[{"href":"https:\/\/www.europesays.com\/pl\/wp-json\/wp\/v2\/types\/post"}],"author":[{"embeddable":true,"href":"https:\/\/www.europesays.com\/pl\/wp-json\/wp\/v2\/users\/2"}],"replies":[{"embeddable":true,"href":"https:\/\/www.europesays.com\/pl\/wp-json\/wp\/v2\/comments?post=90104"}],"version-history":[{"count":0,"href":"https:\/\/www.europesays.com\/pl\/wp-json\/wp\/v2\/posts\/90104\/revisions"}],"wp:featuredmedia":[{"embeddable":true,"href":"https:\/\/www.europesays.com\/pl\/wp-json\/wp\/v2\/media\/90105"}],"wp:attachment":[{"href":"https:\/\/www.europesays.com\/pl\/wp-json\/wp\/v2\/media?parent=90104"}],"wp:term":[{"taxonomy":"category","embeddable":true,"href":"https:\/\/www.europesays.com\/pl\/wp-json\/wp\/v2\/categories?post=90104"},{"taxonomy":"post_tag","embeddable":true,"href":"https:\/\/www.europesays.com\/pl\/wp-json\/wp\/v2\/tags?post=90104"}],"curies":[{"name":"wp","href":"https:\/\/api.w.org\/{rel}","templated":true}]}}