{"id":90297,"date":"2025-11-07T19:10:08","date_gmt":"2025-11-07T19:10:08","guid":{"rendered":"https:\/\/www.europesays.com\/pl\/90297\/"},"modified":"2025-11-07T19:10:08","modified_gmt":"2025-11-07T19:10:08","slug":"nie-powstanie-nowy-park-narodowy-karol-nawrocki-wetuje-ustawe","status":"publish","type":"post","link":"https:\/\/www.europesays.com\/pl\/90297\/","title":{"rendered":"Nie powstanie nowy park narodowy? Karol Nawrocki wetuje ustaw\u0119"},"content":{"rendered":"<p class=\"ods-c-paragraph \">Wed\u0142ug ustawy przyj\u0119tej przez Sejm teren parku <a href=\"https:\/\/wiadomosci.onet.pl\/szczecin\/pierwszy-park-narodowy-od-24-lat-hennig-kloska-oglasza-decyzje\/wcqhfeh\" id=\"3e9718c4-2257-4fa5-8b9c-338648b3cbcc\" rel=\"nofollow noopener\" target=\"_blank\">ma obj\u0105\u0107 obszar o powierzchni ponad 3,8 tys. ha w wojew\u00f3dztwie zachodniopomorskim.<\/a> Na tym obszarze ma by\u0107 mo\u017cliwe prowadzenie w\u0119dkarstwa, tj. amatorskiego po\u0142owu ryb oraz rybactwa i rybo\u0142\u00f3wstwa kulturowego rozumianego jako po\u0142\u00f3w np. ryb sposobem tradycyjnym dla danego regionu. W\u0119dkarstwo ma by\u0107 mo\u017cliwe na zasadach okre\u015blonych w planie ochrony, zadaniach ochronnych lub w zarz\u0105dzeniu dyrektora parku narodowego.<\/p>\n<p>Dalszy ci\u0105g artyku\u0142u pod materia\u0142em wideo<\/p>\n<p> Dlaczego Karol Nawrocki zawetowa\u0142 ustaw\u0119 o parku narodowym? <\/p>\n<p> Jakie obszary mia\u0142y by\u0107 obj\u0119te nowym parkiem narodowym? <\/p>\n<p> Co m\u00f3wi Paulina Hennig-Kloska o decyzji prezydenta? <\/p>\n<p> Jakie dzia\u0142ania zamierzaj\u0105 podj\u0105\u0107 lokalne spo\u0142eczno\u015bci po wecie? <\/p>\n<p>  Nowy park narodowy nie powstanie? Jest weto Karola Nawrockiego<\/p>\n<p class=\"ods-c-paragraph \">O decyzji prezydenta poinformowa\u0142a ministra klimatu i \u015brodowiska Paulina Hennig-Kloska. &#8222;Zamiast po stronie pa\u0144stwa, dziedzictwa przyrodniczego, ponadczasowych warto\u015bci Pan Prezydent stan\u0105\u0142 dzi\u015b za interesem partyjnym&#8221; \u2014 napisa\u0142a w mediach spo\u0142eczno\u015bciowych.<\/p>\n<p class=\"ods-c-paragraph \">&#8222;Zawetowanie ustawy tworz\u0105cej Park Narodowy Doliny Dolnej Odry to zwykle, oparte na k\u0142amstwie politykierstwo. Nie ma \u017cadnych prawdziwych minus\u00f3w tej inicjatywy&#8221; \u2014 doda\u0142a.<\/p>\n<p class=\"ods-c-paragraph \">&#8222;Ogromnie mnie Pan dzi\u015b rozczarowa\u0142, Panie Prezydencie, zniweczy\u0142 Pan prawie dwuletni\u0105 prac\u0119 lokalnych spo\u0142eczno\u015bci i samorz\u0105d\u00f3w, i narazi\u0142 Miedzyodrze na degradacj\u0119. Ta decyzja nas nie zatrzyma, obiecuj\u0119! B\u0119dziemy dalej wspiera\u0107 ochron\u0119 przyrody. Wsp\u00f3lnie z samorz\u0105dami rozpoczynamy prace nad rozwi\u0105zaniem zast\u0119pczym&#8221; \u2014 podsumowa\u0142a ministra.<\/p>\n<p class=\"ods-c-paragraph \">G\u0142os zabra\u0142 r\u00f3wnie\u017c zast\u0119pca Pauliny Hennig-Kloska w Ministerstwie Klimatu i \u015arodowiska Miko\u0142aj Doro\u017ca\u0142a.<\/p>\n<p class=\"ods-c-paragraph \">&#8222;Prezydent Karol Nawrocki postanowi\u0142 zlekcewa\u017cy\u0107 g\u0142os wi\u0119kszo\u015bci Polak\u00f3w za powo\u0142aniem Parku Narodowego Doliny Dolnej Odry. Przegrywa polska przyroda, przegrywa polskie spo\u0142ecze\u0144stwo, przegrywa Polska&#8221; \u2014 napisa\u0142 w serwisie X.<\/p>\n","protected":false},"excerpt":{"rendered":"Wed\u0142ug ustawy przyj\u0119tej przez Sejm teren parku ma obj\u0105\u0107 obszar o powierzchni ponad 3,8 tys. ha w wojew\u00f3dztwie&hellip;\n","protected":false},"author":2,"featured_media":90298,"comment_status":"","ping_status":"","sticky":false,"template":"","format":"standard","meta":{"footnotes":""},"categories":[5],"tags":[32,33,36,37,20646,27,43,49,34,35,28,31,48,25,46,5494,42,38,40,39,41,47,29,30,8206,26],"class_list":{"0":"post-90297","1":"post","2":"type-post","3":"status-publish","4":"format-standard","5":"has-post-thumbnail","7":"category-naglowki","8":"tag-breaking-news","9":"tag-breakingnews","10":"tag-featured-news","11":"tag-featurednews","12":"tag-fp3_tst1","13":"tag-headlines","14":"tag-karol_nawrocki","15":"tag-kraj","16":"tag-latest-news","17":"tag-latestnews","18":"tag-naglowki","19":"tag-najwazniejsze-artykuly","20":"tag-nat_styl","21":"tag-news","22":"tag-omp","23":"tag-paulina_hennig_kloska","24":"tag-pl","25":"tag-poland","26":"tag-polish","27":"tag-polska","28":"tag-polski","29":"tag-screening_general","30":"tag-top-stories","31":"tag-topstories","32":"tag-weto","33":"tag-wiadomosci"},"share_on_mastodon":{"url":"https:\/\/pubeurope.com\/@pl\/115509999966943668","error":""},"_links":{"self":[{"href":"https:\/\/www.europesays.com\/pl\/wp-json\/wp\/v2\/posts\/90297","targetHints":{"allow":["GET"]}}],"collection":[{"href":"https:\/\/www.europesays.com\/pl\/wp-json\/wp\/v2\/posts"}],"about":[{"href":"https:\/\/www.europesays.com\/pl\/wp-json\/wp\/v2\/types\/post"}],"author":[{"embeddable":true,"href":"https:\/\/www.europesays.com\/pl\/wp-json\/wp\/v2\/users\/2"}],"replies":[{"embeddable":true,"href":"https:\/\/www.europesays.com\/pl\/wp-json\/wp\/v2\/comments?post=90297"}],"version-history":[{"count":0,"href":"https:\/\/www.europesays.com\/pl\/wp-json\/wp\/v2\/posts\/90297\/revisions"}],"wp:featuredmedia":[{"embeddable":true,"href":"https:\/\/www.europesays.com\/pl\/wp-json\/wp\/v2\/media\/90298"}],"wp:attachment":[{"href":"https:\/\/www.europesays.com\/pl\/wp-json\/wp\/v2\/media?parent=90297"}],"wp:term":[{"taxonomy":"category","embeddable":true,"href":"https:\/\/www.europesays.com\/pl\/wp-json\/wp\/v2\/categories?post=90297"},{"taxonomy":"post_tag","embeddable":true,"href":"https:\/\/www.europesays.com\/pl\/wp-json\/wp\/v2\/tags?post=90297"}],"curies":[{"name":"wp","href":"https:\/\/api.w.org\/{rel}","templated":true}]}}