{"id":90311,"date":"2025-11-07T19:17:09","date_gmt":"2025-11-07T19:17:09","guid":{"rendered":"https:\/\/www.europesays.com\/pl\/90311\/"},"modified":"2025-11-07T19:17:09","modified_gmt":"2025-11-07T19:17:09","slug":"lechia-gdansk-walczy-z-wirusem-a-musi-zmierzyc-sie-z-widzewem","status":"publish","type":"post","link":"https:\/\/www.europesays.com\/pl\/90311\/","title":{"rendered":"Lechia Gda\u0144sk walczy z wirusem, a musi zmierzy\u0107 si\u0119 z Widzewem"},"content":{"rendered":"<p class=\"Paragraph_desktopParagraph__Fd2e9\">Do meczu z 11. w tabeli Widzewem zawodnicy Lechii przyst\u0105pi\u0105 po dw\u00f3ch pora\u017ckach 1:2 \u2014 w Cz\u0119stochowie z Rakowem oraz na w\u0142asnym stadionie z Radomiakiem. Gda\u0144szczanie maj\u0105 pi\u0119\u0107 punkt\u00f3w straty do bezpiecznej 15. pozycji, kt\u00f3r\u0105 zajmuje Arka Gdynia.<\/p>\n<p class=\"VideoPlayerText_videoPlayerText__zrtJk\">Dalszy ci\u0105g materia\u0142u pod wideo<\/p>\n<p class=\"Paragraph_desktopParagraph__Fd2e9\">\u2014 By\u0142em oczywi\u015bcie z\u0142y na wynik, ale nie jest tak, \u017ce jeste\u015bmy zaniepokojeni, bo dwie kolejne przegrane nie daj\u0105 jeszcze podstaw do takich odczu\u0107. Zdaj\u0119 sobie spraw\u0119, \u017ce w przypadku naszej kolejnej pora\u017cki ta r\u00f3\u017cnica b\u0119dzie si\u0119 zwi\u0119ksza\u0107, do czego nie mo\u017cemy dopu\u015bci\u0107. Jeste\u015bmy \u015bwiadomi sytuacji, w jakiej si\u0119 znale\u017ali\u015bmy \u2014 zapewni\u0142 w pi\u0105tek na konferencji prasowej w Gda\u0144sku Carver.<\/p>\n<p class=\"Paragraph_desktopParagraph__Fd2e9\">Angielski szkoleniowiec jest zdania, \u017ce w spotkaniu z Widzewem, kt\u00f3re rozpocznie si\u0119 w sobot\u0119 o godz. 14.45, Lechia musi wr\u00f3ci\u0107 do swoich podstaw.<\/p>\n<p class=\"Paragraph_desktopParagraph__Fd2e9\">\u2014 To proste rzeczy \u2014 ci\u0119\u017cka praca, zaanga\u017cowanie i wk\u0142adania wysi\u0142ku oraz gra z wi\u0119ksz\u0105 ambicj\u0105, kiedy jeste\u015bmy w posiadaniu pi\u0142ki. Ambicj\u0105 w tym kontek\u015bcie, aby by\u0107 bardziej odwa\u017cnym, aby dyktowa\u0107 warunki na boisku i gra\u0107 bardziej do przodu. W\u0142a\u015bnie te elementy pomog\u0142y nam w poprzednim sezonie obroni\u0107 si\u0119 przed spadkiem. Wida\u0107, \u017ce to dzia\u0142a. To jest moje zadanie i sztabu trenerskiego, \u017ceby zawodnicy czuli si\u0119 dobrze mentalnie i byli odpowiednio przygotowani \u2014 stwierdzi\u0142.<\/p>\n<p class=\"Paragraph_desktopParagraph__Fd2e9\">W sze\u015bciu wyjazdowych spotkaniach \u0142odzianie wywalczyli tylko trzy punkty \u2014 4 pa\u017adziernika pokonali w Niecieczy 4:2 Bruk-Bet Termalik\u0119.<\/p>\n<p class=\"Paragraph_desktopParagraph__Fd2e9\">Najbli\u017cszego rywala bia\u0142o-zielonych prowadzi w tym sezonie trzeci trener. Rozpocz\u0105\u0142 \u017beljko Sopic, kt\u00f3rego 26 sierpnia zast\u0105pi\u0142 Patryk Czubak, natomiast od 15 pa\u017adziernika w klubie pracuje kolejny Chorwat Igor Jovicevic.<\/p>\n<p class=\"Paragraph_desktopParagraph__Fd2e9\">\u2014 Na pewno ich nowy szkoleniowiec jest bardzo entuzjastyczny. Przywi\u00f3z\u0142 ze sob\u0105 taki agresywny styl. Nie mam na my\u015bli fizyczno\u015bci, ale g\u0142\u00f3wnie spos\u00f3b grania. Wida\u0107 iloma zawodnikami atakuj\u0105 przestrze\u0144, iloma zawodnikami id\u0105 do przodu. Trener Jovicevic da\u0142 Widzewowi nowego ducha w graniu do przodu. \u0141odzianie s\u0105 teraz bardziej aktywni i progresywni w ofensywie \u2014 oceni\u0142.<\/p>\n<p class=\"Paragraph_desktopParagraph__Fd2e9\">Carver zauwa\u017cy\u0142, \u017ce Widzew to inny zesp\u00f3\u0142 ni\u017c w poprzednim sezonie. \u2014 Nasi rywale byli bardzo aktywni w ostatnim okienku transferowym, co wida\u0107 po pozyskaniu wielu nowych i dobrych pi\u0142karzy. Jest tak\u017ce m\u0142ody Mariusz Fornalczyk, kt\u00f3rego bardzo ceni\u0105 za to, co robi\u0142 w poprzednim sezonie w Koronie Kielce. Kiedy pojawi\u0142 si\u0119 nowy trener to od razu dosta\u0142 drugie \u017cycie \u2014 podkre\u015bli\u0142.<\/p>\n<p>John Carver: mamy stare problemy i wirusa w dru\u017cynie<\/p>\n<p class=\"Paragraph_desktopParagraph__Fd2e9\">60-letni trener przekonuje, \u017ce Widzew prezentuje podobny styl gry do ich ostatniego przeciwnika. \u2014 \u0141odzianie maj\u0105 taki sam system jak Radomiak, dlatego mo\u017cemy spodziewa\u0107 si\u0119 tych samych ewentualnych problem\u00f3w. Maj\u0105 podobny typ, je\u015bli chodzi o napastnika oraz graj\u0105cych w zbli\u017cony spos\u00f3b skrzyd\u0142owych. Mam nadziej\u0119, \u017ce sobie z tym poradzimy i zniwelujemy atuty go\u015bci, jakimi s\u0105 g\u0142\u00f3wnie boczne sektory, bo bez tego trudno b\u0119dzie nam odnie\u015b\u0107 zwyci\u0119stwo \u2014 doda\u0142.<\/p>\n<p class=\"Paragraph_desktopParagraph__Fd2e9\">Je\u015bli chodzi o sprawy kadrowe, to Lechia mo\u017ce nie wyst\u0105pi\u0107 w sobotnim spotkaniu w najsilniejszym sk\u0142adzie.<\/p>\n<p class=\"Paragraph_desktopParagraph__Fd2e9\">\u2014 Mamy swoje stare problemy oraz wirusa w dru\u017cynie. Nie podam konkret\u00f3w, ale poradzimy sobie z tym. B\u0119dziemy przygotowani na ka\u017cd\u0105 z opcji. Musimy cieszy\u0107 si\u0119 gr\u0105, aby pokaza\u0107 ca\u0142y nasz potencja\u0142 \u2014 podsumowa\u0142.<\/p>\n<p class=\"Paragraph_desktopParagraph__Fd2e9\">\u0179r\u00f3d\u0142o informacji: Polska Agencja Prasowa<\/p>\n","protected":false},"excerpt":{"rendered":"Do meczu z 11. w tabeli Widzewem zawodnicy Lechii przyst\u0105pi\u0105 po dw\u00f3ch pora\u017ckach 1:2 \u2014 w Cz\u0119stochowie z&hellip;\n","protected":false},"author":2,"featured_media":90312,"comment_status":"","ping_status":"","sticky":false,"template":"","format":"standard","meta":{"footnotes":""},"categories":[5],"tags":[32,33,274,36,37,27,67,21137,34,35,551,28,31,25,42,38,40,39,41,136,128,47,135,29,30,26,130,3469],"class_list":{"0":"post-90311","1":"post","2":"type-post","3":"status-publish","4":"format-standard","5":"has-post-thumbnail","7":"category-naglowki","8":"tag-breaking-news","9":"tag-breakingnews","10":"tag-ekstraklasa","11":"tag-featured-news","12":"tag-featurednews","13":"tag-headlines","14":"tag-intextvideo_splayer","15":"tag-john_carver","16":"tag-latest-news","17":"tag-latestnews","18":"tag-lechia_gdansk","19":"tag-naglowki","20":"tag-najwazniejsze-artykuly","21":"tag-news","22":"tag-pl","23":"tag-poland","24":"tag-polish","25":"tag-polska","26":"tag-polski","27":"tag-ps_detal_new","28":"tag-psv2","29":"tag-screening_general","30":"tag-sport_sport","31":"tag-top-stories","32":"tag-topstories","33":"tag-wiadomosci","34":"tag-wiadomosci_sportowe","35":"tag-widzew_lodz"},"share_on_mastodon":{"url":"https:\/\/pubeurope.com\/@pl\/115510027485434044","error":""},"_links":{"self":[{"href":"https:\/\/www.europesays.com\/pl\/wp-json\/wp\/v2\/posts\/90311","targetHints":{"allow":["GET"]}}],"collection":[{"href":"https:\/\/www.europesays.com\/pl\/wp-json\/wp\/v2\/posts"}],"about":[{"href":"https:\/\/www.europesays.com\/pl\/wp-json\/wp\/v2\/types\/post"}],"author":[{"embeddable":true,"href":"https:\/\/www.europesays.com\/pl\/wp-json\/wp\/v2\/users\/2"}],"replies":[{"embeddable":true,"href":"https:\/\/www.europesays.com\/pl\/wp-json\/wp\/v2\/comments?post=90311"}],"version-history":[{"count":0,"href":"https:\/\/www.europesays.com\/pl\/wp-json\/wp\/v2\/posts\/90311\/revisions"}],"wp:featuredmedia":[{"embeddable":true,"href":"https:\/\/www.europesays.com\/pl\/wp-json\/wp\/v2\/media\/90312"}],"wp:attachment":[{"href":"https:\/\/www.europesays.com\/pl\/wp-json\/wp\/v2\/media?parent=90311"}],"wp:term":[{"taxonomy":"category","embeddable":true,"href":"https:\/\/www.europesays.com\/pl\/wp-json\/wp\/v2\/categories?post=90311"},{"taxonomy":"post_tag","embeddable":true,"href":"https:\/\/www.europesays.com\/pl\/wp-json\/wp\/v2\/tags?post=90311"}],"curies":[{"name":"wp","href":"https:\/\/api.w.org\/{rel}","templated":true}]}}