{"id":90321,"date":"2025-11-07T19:22:16","date_gmt":"2025-11-07T19:22:16","guid":{"rendered":"https:\/\/www.europesays.com\/pl\/90321\/"},"modified":"2025-11-07T19:22:16","modified_gmt":"2025-11-07T19:22:16","slug":"usa-w-miejsce-rosji-amerykanie-z-baza-w-syrii","status":"publish","type":"post","link":"https:\/\/www.europesays.com\/pl\/90321\/","title":{"rendered":"USA w miejsce Rosji. Amerykanie z baz\u0105 w Syrii"},"content":{"rendered":"<p>   <a href=\"https:\/\/defence24.pl\/strona-autora\/michal-gorski\" target=\"_self\" class=\"article-author__wrap\" rel=\"nofollow noopener\"><img loading=\"lazy\" decoding=\"async\" src=\"https:\/\/www.europesays.com\/pl\/wp-content\/uploads\/2025\/10\/cS4lw4vfQiNeQYqUzYCO1bONzPFIdTt70yEPOmi7.zlme.jpg\" alt=\"\"  width=\"100\" height=\"100\" author=\"Robert Suchy\/ Grupa Defence24\" caption=\"\" fullscreen=\"https:\/\/cdn.defence24.pl\/2022\/11\/21\/1920xpx\/cS4lw4vfQiNeQYqUzYCO1bONzPFIdTt70yEPOmi7.asrf.jpg\" class=\"img article-author__avatar img-avatar\"\/><br \/>\n          Micha\u0142 G\u00f3rski<br \/>\n        <\/a><br \/>\n      6 listopada 2025, 17:00<\/p>\n<p>\n      1 min.\n    <\/p>\n<p>Jedno z lotnisk w Damaszku stanie si\u0119 miejscem stacjonowania ameryka\u0144skich wojsk \u2013 poinformowa\u0142 Reuters. Do czego Stany Zjednoczone b\u0119d\u0105 wykorzystywa\u0107 baz\u0119 w Syrii?<\/p>\n<p> <img decoding=\"async\" src=\"https:\/\/www.europesays.com\/pl\/wp-content\/uploads\/2025\/11\/O0awo4m1kNzd6QzOMb4o5U8ykLFFvFjtKV6OarF7.b85l.jpg\" alt=\"C-130H\"  width=\"800\" height=\"450\" author=\"USAF\" fetchpriority=\"high\" class=\"img image-with-caption__image\"\/><br \/>\n        C-130H<br \/>\n       <br \/>Autor. USAF<\/p>\n<p class=\"paragraph-module\">W poniedzia\u0142ek ma doj\u015b\u0107 do spotkania prezydenta USA Donalda Trumpa z prezydentem Syrii Ahmedem al-Sharaa. Omawiana ma by\u0107 wsp\u00f3\u0142praca obydwu pa\u0144stw, w tym u\u017cytkowanie przez Amerykan\u00f3w jednej z syryjskich baz. Jak informuje Reuters, plan Stan\u00f3w Zjednoczonych ma dotyczy\u0107 m.in. wykorzystania bazy do monitorowania potencjalnego porozumienia izraelsko-syryjskiego.<\/p>\n<p class=\"paragraph-module\">Wed\u0142ug informacji podanych przez agencj\u0119 informacyjn\u0105, Pentagon mia\u0142 w ostatnim czasie dokonywa\u0107 rekonesansu bazy (sprawdzany by\u0142 m.in. pas startowy, kt\u00f3ry musi by\u0107 gotowy np. na przyj\u0119cie samolot\u00f3w transportowych C-130). Prowadzono r\u00f3wnie\u017c ameryka\u0144sko-syryjskie rozmowy dotycz\u0105ce logistyki, tankowania czy organizacji pomocy charytatywnej.<\/p>\n<p class=\"paragraph-module\">Pod koniec roku 2024 upad\u0142 re\u017cim Baszszara al-Asada. Wraz z odej\u015bciem dyktatora, Syri\u0119 opu\u015bci\u0142y te\u017c rosyjskie jednostki wojskowe.<\/p>\n","protected":false},"excerpt":{"rendered":"Micha\u0142 G\u00f3rski 6 listopada 2025, 17:00 1 min. Jedno z lotnisk w Damaszku stanie si\u0119 miejscem stacjonowania ameryka\u0144skich&hellip;\n","protected":false},"author":2,"featured_media":90322,"comment_status":"","ping_status":"","sticky":false,"template":"","format":"standard","meta":{"footnotes":""},"categories":[14],"tags":[21139,32,33,27,91,34,35,28,31,25,40,41,80,8468,29,30,597,71,26,82,83,84],"class_list":{"0":"post-90321","1":"post","2":"type-post","3":"status-publish","4":"format-standard","5":"has-post-thumbnail","7":"category-swiat","8":"tag-baza-wojskowa","9":"tag-breaking-news","10":"tag-breakingnews","11":"tag-headlines","12":"tag-izrael","13":"tag-latest-news","14":"tag-latestnews","15":"tag-naglowki","16":"tag-najwazniejsze-artykuly","17":"tag-news","18":"tag-polish","19":"tag-polski","20":"tag-swiat","21":"tag-syria","22":"tag-top-stories","23":"tag-topstories","24":"tag-trump","25":"tag-usa","26":"tag-wiadomosci","27":"tag-world","28":"tag-world-news","29":"tag-worldnews"},"share_on_mastodon":{"url":"https:\/\/pubeurope.com\/@pl\/115510047347632035","error":""},"_links":{"self":[{"href":"https:\/\/www.europesays.com\/pl\/wp-json\/wp\/v2\/posts\/90321","targetHints":{"allow":["GET"]}}],"collection":[{"href":"https:\/\/www.europesays.com\/pl\/wp-json\/wp\/v2\/posts"}],"about":[{"href":"https:\/\/www.europesays.com\/pl\/wp-json\/wp\/v2\/types\/post"}],"author":[{"embeddable":true,"href":"https:\/\/www.europesays.com\/pl\/wp-json\/wp\/v2\/users\/2"}],"replies":[{"embeddable":true,"href":"https:\/\/www.europesays.com\/pl\/wp-json\/wp\/v2\/comments?post=90321"}],"version-history":[{"count":0,"href":"https:\/\/www.europesays.com\/pl\/wp-json\/wp\/v2\/posts\/90321\/revisions"}],"wp:featuredmedia":[{"embeddable":true,"href":"https:\/\/www.europesays.com\/pl\/wp-json\/wp\/v2\/media\/90322"}],"wp:attachment":[{"href":"https:\/\/www.europesays.com\/pl\/wp-json\/wp\/v2\/media?parent=90321"}],"wp:term":[{"taxonomy":"category","embeddable":true,"href":"https:\/\/www.europesays.com\/pl\/wp-json\/wp\/v2\/categories?post=90321"},{"taxonomy":"post_tag","embeddable":true,"href":"https:\/\/www.europesays.com\/pl\/wp-json\/wp\/v2\/tags?post=90321"}],"curies":[{"name":"wp","href":"https:\/\/api.w.org\/{rel}","templated":true}]}}