{"id":90569,"date":"2025-11-07T23:13:08","date_gmt":"2025-11-07T23:13:08","guid":{"rendered":"https:\/\/www.europesays.com\/pl\/90569\/"},"modified":"2025-11-07T23:13:08","modified_gmt":"2025-11-07T23:13:08","slug":"natalia-muianga-wygrywa-twoja-twarz-brzmi-znajomo-zawdzieczamy-jej-wiele-wzruszen","status":"publish","type":"post","link":"https:\/\/www.europesays.com\/pl\/90569\/","title":{"rendered":"Natalia Muianga wygrywa &#8222;Twoja Twarz Brzmi Znajomo&#8221;. Zawdzi\u0119czamy jej wiele wzrusze\u0144"},"content":{"rendered":"<p class=\"typography ids-typeset-body ids-typeset-body--preset-large link paragraph ids-paragraph ids-paragraph--default\">Drugie miejsce zaj\u0105\u0142 Kamil Studnicki, kt\u00f3ry wcieli\u0142 si\u0119 w Edith Piaf. Trzecie miejsce przypad\u0142o Modestowi Ruci\u0144skiemu, kt\u00f3rego podziwiali\u015bmy jako Macieja Male\u0144czuka. Krystian Ochman uplasowa\u0142 si\u0119 na czwartym miejscu, wcielaj\u0105c si\u0119 w Adama Lamberta.<\/p>\n<p class=\"typography ids-typeset-body ids-typeset-body--preset-large link paragraph ids-paragraph ids-paragraph--default\">Program zacz\u0105\u0142 si\u0119 od wyst\u0119pu fina\u0142owej czw\u00f3rki, kt\u00f3ra za\u015bpiewa\u0142a piosenk\u0119 Abby.<\/p>\n<p class=\"typography ids-typeset-body ids-typeset-body--preset-large link paragraph ids-paragraph ids-paragraph--default\">Powa\u017cn\u0105 walk\u0119 o podium rozpocz\u0105\u0142 Kamil Studnicki. Na fina\u0142 wybra\u0142 utw\u00f3r &#8222;non, Je Ne Regrette Rien&#8221; Edith Piaf, kt\u00f3ry artystka \u015bpiewa\u0142a pod koniec swojego \u017cycia. By\u0142 w tym tak poruszaj\u0105co wiarygodny, \u017ce a\u017c zmrozi\u0142 juror\u00f3w.<\/p>\n<p class=\"typography ids-typeset-body ids-typeset-body--preset-large link paragraph ids-paragraph ids-paragraph--default\">&#8222;Po prostu wzruszenie odj\u0119\u0142o mi g\u0142os. Jestem, Kamil, zachwycona twoim wykonaniem. Przysz\u0142o ci za\u015bpiewa\u0107 co\u015b z ko\u0144ca jej kariery, kiedy ona mia\u0142a ju\u017c na tyle ma\u0142o si\u0142y, \u017ce widzimy stoj\u0105c\u0105 kobiet\u0119, kt\u00f3ra wszystko daje z siebie, \u017ceby zachwyci\u0107 jeszcze publiczno\u015b\u0107, i to o dziwo jej si\u0119 udaje. I to jest pi\u0119kne. A ty to tak odegra\u0142e\u015b aktorsko, pomijaj\u0105c, \u017ce \u015bwietnie za\u015bpiewa\u0142e\u015b, pokaza\u0142e\u015b jej posta\u0107, ka\u017cdy ruch, te trz\u0119s\u0105ce si\u0119 r\u0119ce\u2026 a\u017c naprawd\u0119 wzruszenie odbiera mi mow\u0119, bo to zrobi\u0142e\u015b po prostu doskonale. Gratuluj\u0119 ci z ca\u0142ego serca&#8221; &#8211; podsumowa\u0142a Justyna Steczkowska.<\/p>\n<p>Basia Bursztynowicz o odpadni\u0119ciu. Czy ma \u017cal do Pavlovi\u0107 za niskie noty?pomponik.pl<\/p>\n<p>Potwierdzi\u0142y si\u0119 doniesienia ws. &#8222;Twoja Twarz Brzmi Znajomo&#8221;. To ju\u017c koniec<\/p>\n<p class=\"typography ids-typeset-body ids-typeset-body--preset-large link paragraph ids-paragraph ids-paragraph--default\">Dystyngowany Modest Ruci\u0144ski postawi\u0142 w finale na posta\u0107, kt\u00f3ra cho\u0107 jest jego kompletnym przeciwie\u0144stwem, to g\u0142osem bli\u017aniacza. Jako Maciej Male\u0144czuk oczarowa\u0142 wszystkich pi\u0119kn\u0105 koj\u0105c\u0105 barw\u0105, \u015bpiewaj\u0105c &#8222;Nigdy wi\u0119cej&#8221;.<\/p>\n<p class=\"typography ids-typeset-body ids-typeset-body--preset-large link paragraph ids-paragraph ids-paragraph--default\">&#8222;Tu wida\u0107 by\u0142o tw\u00f3j warsztat, tw\u00f3j talent. \u015awietnie wybra\u0142e\u015b te narz\u0119dzia, by zbudowa\u0107 t\u0119 posta\u0107 i wykorzysta\u0107 ten pi\u0119kny g\u0142os, kt\u00f3ry masz i stworzy\u0107 t\u0119 iluzj\u0119. Ciesz\u0119 si\u0119, \u017ce mogli\u015bmy pozna\u0107 tak\u0105 pi\u0119kn\u0105 osob\u0119, tak\u0105 g\u0142\u0119bok\u0105, wra\u017cliw\u0105, warto\u015bciowa. Dzi\u0119kuj\u0119 za ten ostatni pi\u0119kny wyst\u0119p&#8221; &#8211; oceni\u0142 Stefano Terrazzino.<\/p>\n<p class=\"typography ids-typeset-body ids-typeset-body--preset-large link paragraph ids-paragraph ids-paragraph--default\">Pierwsza z par poza konkursem (Edyta Herbu\u015b i Andrzej Nejman) przygotowa\u0142a piosenk\u0119 z komedii &#8222;Chcesz to mnie bierz&#8221;, wcielaj\u0105c si\u0119 Mir\u0119 Zimi\u0144sk\u0105 i Adolfa Dymsz\u0119. I zrobili to perfekcyjnie, z wielk\u0105 klas\u0105 i ogromnym poczuciem humoru.<\/p>\n<p class=\"typography ids-typeset-body ids-typeset-body--preset-large link paragraph ids-paragraph ids-paragraph--default\">Nagrody wraz ze s\u0142owami wielkiego uznania pop\u0142yn\u0119\u0142y dla artyst\u00f3w od ich koleg\u00f3w po fachu. Edyta Herbu\u015b przyj\u0119\u0142a je od Stefano Terrazzino, a Andrzej Nejman od Piotra G\u0105sowskiego.<\/p>\n<p class=\"typography ids-typeset-body ids-typeset-body--preset-large link paragraph ids-paragraph ids-paragraph--default\">Kolejny wyst\u0119p nale\u017ca\u0142 do niezwyk\u0142ej Natalii Muiangi,\u00a0kt\u00f3ra w ka\u017cdym odcinku zachwyca\u0142a kolejn\u0105 ods\u0142on\u0105 nowej siebie. W finale postawi\u0142a na wyj\u0105tkowy utw\u00f3r z filmu &#8222;Harriet&#8221;, o prawdziwej postaci, niewolnicy Harriet Tubman, kt\u00f3ra walczy\u0142a o wolno\u015b\u0107. Przeistaczaj\u0105c si\u0119 w piosenkark\u0119 Cynthie Erviro za\u015bpiewa\u0142a filmowy utw\u00f3r &#8222;Stand up&#8221;, kt\u00f3ry zaprowadzi\u0142 j\u0105 prosto na podium.<\/p>\n<p class=\"typography ids-typeset-body ids-typeset-body--preset-large link paragraph ids-paragraph ids-paragraph--default\">&#8222;Nie wiem, co ci jeszcze mog\u0119 powiedzie\u0107, bo wiele razy powtarzali\u015bmy ju\u017c, \u017ce jeste\u015b utalentowana, pi\u0119kna, zgrabna&#8230; W zasadzie to urodzona gwiazda. Nic doda\u0107, ni\u0107 uj\u0105\u0107. Jedyne, czego ci \u017cycz\u0119, \u017ceby\u015b znalaz\u0142a wyraz siebie samej w swojej w\u0142asnej muzyce. Niech pod\u0105\u017caj\u0105 za tob\u0105 fani, nasza wspania\u0142a publiczno\u015b\u0107, kt\u00f3r\u0105 tutaj zdoby\u0142a\u015b, \u017ceby po prostu ci si\u0119 uda\u0142o. To jest to, o czym ja i wszyscy jurorzy marzymy, \u017ceby ci si\u0119 uda\u0142o w tym zawodzie&#8221; &#8211; \u017cyczy\u0142a szczerze Justyna Steczkowska.<\/p>\n<p class=\"typography ids-typeset-body ids-typeset-body--preset-large link paragraph ids-paragraph ids-paragraph--default\">Krystian Ochman wykaza\u0142 si\u0119 w tym programie nie tylko ogromnym g\u0142osem, ale przede wszystkim niesamowitym dystansem do siebie i poczuciem humoru. Zachwyca\u0142 talentem, bawi\u0142 i wzrusza\u0142. Na fina\u0142 postanowi\u0142 sta\u0107 si\u0119 Adamem Lambertem i zupe\u0142nie powa\u017cnie za\u015bpiewa\u0142 &#8222;Whataya want from me&#8221;.<\/p>\n<p class=\"typography ids-typeset-body ids-typeset-body--preset-large link paragraph ids-paragraph ids-paragraph--default\">&#8222;Ja s\u0142ysz\u0119 w twojej technice te podstawy klasyczne, kt\u00f3re daj\u0105 ci to osadzenie, ta barw\u0119, t\u0105 pewno\u015b\u0107 siebie. My\u015bl\u0119, \u017ce dlatego mi si\u0119 tak podoba to, co robisz, \u017ce masz ten przekaz, kt\u00f3ry jest tak\u0105 mieszank\u0105 twoich emocji i twojej prawdy z bardzo dobr\u0105 technik\u0105 i dzi\u0119ki temu \u0142apiesz mnie za serce. Bardzo si\u0119 ciesz\u0119, \u017ce mia\u0142am szans\u0119 poobcowa\u0107 z tob\u0105 jako artyst\u0105 otwartym na \u015bwiat, wykszta\u0142conym i ze wspania\u0142ym dziadkiem. Dzi\u0119kuj\u0119 ci bardzo&#8221; &#8211; powiedzia\u0142a od serca Ma\u0142gorzata Walewska.<\/p>\n<p class=\"typography ids-typeset-body ids-typeset-body--preset-large link paragraph ids-paragraph ids-paragraph--default\">Julia \u017bugaj i Marta Bijan przygotowa\u0142y piosenk\u0119 z humorem, luzem i wielk\u0105 dawk\u0105 pozytywnej energii. Ich wsp\u00f3lny wyst\u0119p jako duet Long &amp; Junior z przebojem &#8222;Ta\u0144cz, ta\u0144cz, ta\u0144cz&#8221; to prawdziwa rado\u015b\u0107, kt\u00f3ra porwa\u0142a z miejsc ca\u0142\u0105 widowni\u0119.<\/p>\n<p class=\"typography ids-typeset-body ids-typeset-body--preset-large link paragraph ids-paragraph ids-paragraph--default\">Na zako\u0144czenie artystki przyj\u0119\u0142y nagrody i mn\u00f3stwo ciep\u0142ych s\u0142\u00f3w od Justyny Steczkowskiej i Ma\u0142gorzaty Walewskiej.<\/p>\n<ul class=\"typography ids-typeset-body ids-typeset-body--preset-small list--article-list ids-list ids-list--unordered ids-list--size-small \" datatype=\"disc\">\n<li class=\"ids-list-item ids-list-item__content brief-list-item\"><a class=\"ids-undecorated-link link ids-link \" data-spons=\"false\" href=\"https:\/\/www.pomponik.pl\/gwiazdy-telewizji\/news-natalia-muianga-ponownie-na-podium-w-trzecim-odcinku-ttbz-kr,nId,8022600\" rel=\"nofollow noopener\" target=\"_blank\">Natalia Muianga ponownie na podium. W trzecim odcinku TTBZ kr\u00f3lowa\u0142a w roli Ciary<\/a><\/li>\n<li class=\"ids-list-item ids-list-item__content brief-list-item\"><a class=\"ids-undecorated-link link ids-link \" data-spons=\"false\" href=\"https:\/\/www.pomponik.pl\/gwiazdy-telewizji\/news-krystian-ochman-podzielil-jurorow-w-ttbz-kto-wygral,nId,8025004\" rel=\"nofollow noopener\" target=\"_blank\">Krystian Ochman podzieli\u0142 juror\u00f3w w TTBZ. Kto wygra\u0142?<\/a><\/li>\n<\/ul>\n<p>Czytaj tak\u017ce:<a id=\"a-img\" class=\"hl-6\"><img class=\"hl-8\"\/><\/a><a id=\"a-main\" class=\"hl-9\"\/>Halo! Wejd\u017a na <a id=\"halo-text-a\" href=\"https:\/\/halotu.polsat.pl#parametr=link_halo\" rel=\"nofollow noopener\" target=\"_blank\">halotu.polsat.pl<\/a> i nie przegap naj\u015bwie\u017cszych informacji z poranka w Polsacie.<\/p>\n","protected":false},"excerpt":{"rendered":"Drugie miejsce zaj\u0105\u0142 Kamil Studnicki, kt\u00f3ry wcieli\u0142 si\u0119 w Edith Piaf. Trzecie miejsce przypad\u0142o Modestowi Ruci\u0144skiemu, kt\u00f3rego podziwiali\u015bmy&hellip;\n","protected":false},"author":2,"featured_media":90570,"comment_status":"","ping_status":"","sticky":false,"template":"","format":"standard","meta":{"footnotes":""},"categories":[22],"tags":[122,42,38,40,39,41,123],"class_list":{"0":"post-90569","1":"post","2":"type-post","3":"status-publish","4":"format-standard","5":"has-post-thumbnail","7":"category-rozrywka","8":"tag-entertainment","9":"tag-pl","10":"tag-poland","11":"tag-polish","12":"tag-polska","13":"tag-polski","14":"tag-rozrywka"},"share_on_mastodon":{"url":"https:\/\/pubeurope.com\/@pl\/115510955377056812","error":""},"_links":{"self":[{"href":"https:\/\/www.europesays.com\/pl\/wp-json\/wp\/v2\/posts\/90569","targetHints":{"allow":["GET"]}}],"collection":[{"href":"https:\/\/www.europesays.com\/pl\/wp-json\/wp\/v2\/posts"}],"about":[{"href":"https:\/\/www.europesays.com\/pl\/wp-json\/wp\/v2\/types\/post"}],"author":[{"embeddable":true,"href":"https:\/\/www.europesays.com\/pl\/wp-json\/wp\/v2\/users\/2"}],"replies":[{"embeddable":true,"href":"https:\/\/www.europesays.com\/pl\/wp-json\/wp\/v2\/comments?post=90569"}],"version-history":[{"count":0,"href":"https:\/\/www.europesays.com\/pl\/wp-json\/wp\/v2\/posts\/90569\/revisions"}],"wp:featuredmedia":[{"embeddable":true,"href":"https:\/\/www.europesays.com\/pl\/wp-json\/wp\/v2\/media\/90570"}],"wp:attachment":[{"href":"https:\/\/www.europesays.com\/pl\/wp-json\/wp\/v2\/media?parent=90569"}],"wp:term":[{"taxonomy":"category","embeddable":true,"href":"https:\/\/www.europesays.com\/pl\/wp-json\/wp\/v2\/categories?post=90569"},{"taxonomy":"post_tag","embeddable":true,"href":"https:\/\/www.europesays.com\/pl\/wp-json\/wp\/v2\/tags?post=90569"}],"curies":[{"name":"wp","href":"https:\/\/api.w.org\/{rel}","templated":true}]}}