{"id":90828,"date":"2025-11-08T07:29:10","date_gmt":"2025-11-08T07:29:10","guid":{"rendered":"https:\/\/www.europesays.com\/pl\/90828\/"},"modified":"2025-11-08T07:29:10","modified_gmt":"2025-11-08T07:29:10","slug":"malgorzata-rozenek-majdan-o-zakupie-pierwszego-luksusowego-zegarka-padla-cena-usiadzcie","status":"publish","type":"post","link":"https:\/\/www.europesays.com\/pl\/90828\/","title":{"rendered":"Ma\u0142gorzata Rozenek-Majdan o zakupie pierwszego luksusowego zegarka. Pad\u0142a cena. Usi\u0105d\u017acie"},"content":{"rendered":"<p class=\"Paragraph_desktopParagraph__U31Gm\"><a href=\"https:\/\/plejada.pl\/malgorzata-rozenek-majdan\" id=\"cc340076-d1be-41d8-b9b0-374d7a6e0375\" rel=\"nofollow noopener\" target=\"_blank\">Ma\u0142gorzata Rozenek-Majdan<\/a> uko\u0144czy\u0142a studia prawnicze na Uniwersytecie Warszawskim, jednak karier\u0119 zawodow\u0105 zwi\u0105za\u0142a nie z prawem, lecz z telewizj\u0105. Popularno\u015b\u0107 przyni\u00f3s\u0142 jej program &#8222;Perfekcyjna pani domu&#8221;, emitowany w TVN, kt\u00f3ry uczyni\u0142 z niej jedn\u0105 z najbardziej znanych kobiet polskiego show-biznesu. Z czasem zacz\u0119\u0142a prowadzi\u0107 kolejne produkcje, takie jak &#8222;Projekt Lady&#8221; czy &#8222;Kr\u00f3lowa przetrwania&#8221;, a jej aktywno\u015b\u0107 medialna obj\u0119\u0142a r\u00f3wnie\u017c kampanie reklamowe i dzia\u0142alno\u015b\u0107 w internecie.<\/p>\n<p class=\"Paragraph_desktopParagraph__U31Gm\">Polecamy: <a href=\"https:\/\/plejada.pl\/wideo\/nicol-pniewska-o-malgorzacie-rozenek-majdan-w-krolowej-przetrwania-to-bylo-pierwsze\/n4rzeg4\" id=\"b4d19bc0-476d-4277-b702-e8ce63c793ad\" rel=\"nofollow noopener\" target=\"_blank\">Nicol Pniewska o Ma\u0142gorzacie Rozenek-Majdan w &#8222;Kr\u00f3lowej przetrwania&#8221;. &#8222;To by\u0142o pierwsze zderzenie&#8221;<\/a><\/p>\n<p class=\"Paragraph_desktopParagraph__U31Gm\">Prezenterka jest znana z dba\u0142o\u015bci o wizerunek, otwarto\u015bci wobec fan\u00f3w i aktywno\u015bci w mediach spo\u0142eczno\u015bciowych, gdzie ch\u0119tnie dzieli si\u0119 fragmentami \u017cycia prywatnego. Wielokrotnie podkre\u015bla\u0142a, \u017ce lubi si\u0119 zmienia\u0107 i nie boi si\u0119 metamorfoz \u2014 zar\u00f3wno w wygl\u0105dzie, jak i w podej\u015bciu do kariery. W najnowszym wywiadzie opowiedzia\u0142a o pierwszych luksusowych zakupach.<\/p>\n<ul class=\"OchatFollowUps_wrapper__1ry7X\">\n<li class=\"OchatFollowUps_item__Dhyly OchatFollowUps_itemDesktop__R6aBv\">Kiedy Ma\u0142gorzata Rozenek-Majdan kupi\u0142a sw\u00f3j pierwszy luksusowy zegarek?<\/li>\n<li class=\"OchatFollowUps_item__Dhyly OchatFollowUps_itemDesktop__R6aBv\">Ile kosztowa\u0142 pierwszy zegarek Ma\u0142gorzaty Rozenek-Majdan?<\/li>\n<li class=\"OchatFollowUps_item__Dhyly OchatFollowUps_itemDesktop__R6aBv\">Gdzie Ma\u0142gorzata Rozenek-Majdan udzieli\u0142a wywiadu?<\/li>\n<li class=\"OchatFollowUps_item__Dhyly OchatFollowUps_itemDesktop__R6aBv\">Czym Ma\u0142gorzata Rozenek-Majdan zyska\u0142a popularno\u015b\u0107?<\/li>\n<\/ul>\n<p class=\"Paragraph_desktopParagraph__U31Gm\">Gwiazda udzieli\u0142a wywiadu \u017burnali\u015bcie. W zapowiedzi odcinka wyzna\u0142a:<\/p>\n<blockquote>\n<p class=\"Paragraph_desktopParagraph__U31Gm\">Nie liczba polubie\u0144 i nie liczba followers\u00f3w ma dla mnie znaczenie. Tylko faktura.<\/p>\n<\/blockquote>\n<p class=\"Paragraph_desktopParagraph__U31Gm\">Nast\u0119pnie prezenterka zosta\u0142a zapytana, kiedy po raz pierwszy poczu\u0142a finansowy sukces.<\/p>\n<blockquote>\n<p class=\"Paragraph_desktopParagraph__U31Gm\">Kiedy kupi\u0142am sobie pierwszy zegarek<\/p>\n<\/blockquote>\n<p class=\"Paragraph_desktopParagraph__U31Gm\">\u2014 odpar\u0142a. Nast\u0119pnie pad\u0142o kolejne pytanie: &#8222;To ile on wtedy kosztowa\u0142?&#8221;.<\/p>\n<p class=\"Paragraph_desktopParagraph__U31Gm\">\u2014 stwierdzi\u0142a.<\/p>\n<p class=\"Paragraph_desktopParagraph__U31Gm\">Polecamy: <a href=\"https:\/\/plejada.pl\/newsy\/dorota-szelagowska-komentuje-wyglad-malgorzaty-rozenek-ja-tego-nie-rozumiem\/tf5s0p5\" id=\"10f896e4-b809-46b0-ab37-7d954e93e1df\" rel=\"nofollow noopener\" target=\"_blank\">Dorota Szel\u0105gowska komentuje wygl\u0105d Ma\u0142gorzaty Rozenek. &#8222;Ja tego nie rozumiem&#8221;<\/a><\/p>\n<p><img decoding=\"async\" class=\"Image_image__0tuHp \" height=\"587\" width=\"880\" src=\"https:\/\/www.europesays.com\/pl\/wp-content\/uploads\/2025\/11\/J1ak9kpTURBXy81Y2JmN2RjZjkyNjEwZDg4YzMxYzQ5OGUxMmE1NTBlMS5qcGeSlQLNA6wAwsOVAgDNAkvCw94AA6EwAaExAaEzw.jpeg\" alt=\"Ma\u0142gorzata Rozenek-Majdan\" loading=\"lazy\" \/>Andras Szilagyi \/ MW Media<\/p>\n<p>Ma\u0142gorzata Rozenek-Majdan<\/p>\n<p class=\"Paragraph_desktopParagraph__U31Gm\">Dzi\u0119kujemy, \u017ce przeczyta\u0142a\u015b\/e\u015b nasz artyku\u0142 do ko\u0144ca. W serwisie Plejada.pl ka\u017cdego dnia piszemy o najwa\u017cniejszych wydarzeniach show-biznesowych. B\u0105d\u017a na bie\u017c\u0105co! <a rel=\"nofollow noopener\" href=\"https:\/\/news.google.com\/publications\/CAAiEF0PeAlb7W1llpV_mwV2rL4qFAgKIhBdD3gJW-1tZZaVf5sFdqy-?hl=pl&amp;gl=PL&amp;ceid=PL%3Apl\" id=\"8b696d84-aef4-43cd-82ca-50ff9a57030c\" target=\"_blank\">Obserwuj<\/a> Plejad\u0119 w Wiadomo\u015bciach Google. Odwied\u017a nas tak\u017ce na <a rel=\"nofollow noopener\" href=\"https:\/\/www.facebook.com\/plejadapl\" id=\"a3193360-5cb9-430e-b167-d6d9381836a5\" target=\"_blank\">Facebooku<\/a>, <a rel=\"nofollow noopener\" href=\"https:\/\/www.instagram.com\/plejadapl\/\" id=\"aa9a33cf-59bb-4890-9eac-7440ada0834b\" target=\"_blank\">Instagramie<\/a>, <a rel=\"nofollow noopener\" href=\"https:\/\/www.youtube.com\/c\/plejada\" id=\"1dee2471-bce0-4b53-83cf-d69cbb03f459\" target=\"_blank\">YouTubie<\/a> oraz <a rel=\"nofollow noopener\" href=\"https:\/\/www.tiktok.com\/@plejada_pl\" id=\"6772cc35-a05f-4641-858a-c2cdb6d128bd\" target=\"_blank\">TikToku<\/a>.<\/p>\n<p class=\"Paragraph_desktopParagraph__U31Gm\">Chcesz podzieli\u0107 si\u0119 ciekawym newsem lub zaproponowa\u0107 temat? Skontaktuj si\u0119 z nami, pisz\u0105c e-maila na adres: <a href=\"https:\/\/www.onet.pl\/styl-zycia\/plejada\/malgorzata-rozenek-majdan-o-zakupie-pierwszego-luksusowego-zegarka-padla-cena\/mailto:plejada@redakcjaonet.pl\" id=\"c2b146fc-bcfd-432f-9c7a-1375e2311d11\" rel=\"nofollow noopener\" target=\"_blank\">plejada@redakcjaonet.pl<\/a>.<\/p>\n<p><script async src=\"\/\/www.instagram.com\/embed.js\"><\/script><script async src=\"\/\/www.tiktok.com\/embed.js\"><\/script><\/p>\n","protected":false},"excerpt":{"rendered":"Ma\u0142gorzata Rozenek-Majdan uko\u0144czy\u0142a studia prawnicze na Uniwersytecie Warszawskim, jednak karier\u0119 zawodow\u0105 zwi\u0105za\u0142a nie z prawem, lecz z telewizj\u0105.&hellip;\n","protected":false},"author":2,"featured_media":90829,"comment_status":"","ping_status":"","sticky":false,"template":"","format":"standard","meta":{"footnotes":""},"categories":[22],"tags":[122,67,1899,53,52,68,51,55,42,38,40,39,41,123,47,196,65,50],"class_list":{"0":"post-90828","1":"post","2":"type-post","3":"status-publish","4":"format-standard","5":"has-post-thumbnail","7":"category-rozrywka","8":"tag-entertainment","9":"tag-intextvideo_splayer","10":"tag-malgorzata_rozenek_majdan_dziennikarka","11":"tag-new_header","12":"tag-onet3","13":"tag-onet3d","14":"tag-onet3d_2i","15":"tag-phx","16":"tag-pl","17":"tag-poland","18":"tag-polish","19":"tag-polska","20":"tag-polski","21":"tag-rozrywka","22":"tag-screening_general","23":"tag-styl_zycia","24":"tag-update_me","25":"tag-v2021"},"share_on_mastodon":{"url":"https:\/\/pubeurope.com\/@pl\/115512905914690419","error":""},"_links":{"self":[{"href":"https:\/\/www.europesays.com\/pl\/wp-json\/wp\/v2\/posts\/90828","targetHints":{"allow":["GET"]}}],"collection":[{"href":"https:\/\/www.europesays.com\/pl\/wp-json\/wp\/v2\/posts"}],"about":[{"href":"https:\/\/www.europesays.com\/pl\/wp-json\/wp\/v2\/types\/post"}],"author":[{"embeddable":true,"href":"https:\/\/www.europesays.com\/pl\/wp-json\/wp\/v2\/users\/2"}],"replies":[{"embeddable":true,"href":"https:\/\/www.europesays.com\/pl\/wp-json\/wp\/v2\/comments?post=90828"}],"version-history":[{"count":0,"href":"https:\/\/www.europesays.com\/pl\/wp-json\/wp\/v2\/posts\/90828\/revisions"}],"wp:featuredmedia":[{"embeddable":true,"href":"https:\/\/www.europesays.com\/pl\/wp-json\/wp\/v2\/media\/90829"}],"wp:attachment":[{"href":"https:\/\/www.europesays.com\/pl\/wp-json\/wp\/v2\/media?parent=90828"}],"wp:term":[{"taxonomy":"category","embeddable":true,"href":"https:\/\/www.europesays.com\/pl\/wp-json\/wp\/v2\/categories?post=90828"},{"taxonomy":"post_tag","embeddable":true,"href":"https:\/\/www.europesays.com\/pl\/wp-json\/wp\/v2\/tags?post=90828"}],"curies":[{"name":"wp","href":"https:\/\/api.w.org\/{rel}","templated":true}]}}