{"id":90922,"date":"2025-11-08T08:54:17","date_gmt":"2025-11-08T08:54:17","guid":{"rendered":"https:\/\/www.europesays.com\/pl\/90922\/"},"modified":"2025-11-08T08:54:17","modified_gmt":"2025-11-08T08:54:17","slug":"chory-bruce-willis-na-nowych-zdjeciach-spacerowal-za-reke-z-opiekunem-2","status":"publish","type":"post","link":"https:\/\/www.europesays.com\/pl\/90922\/","title":{"rendered":"Chory Bruce Willis na nowych zdj\u0119ciach. Spacerowa\u0142 za r\u0119k\u0119 z opiekunem"},"content":{"rendered":"<p class=\"ods-c-paragraph \"><a href=\"https:\/\/plejada.pl\/bruce-willis-aktor\" id=\"dd1db1af-e8fd-414e-950c-7ec5dae12dc4\" rel=\"nofollow noopener\" target=\"_blank\">Bruce Willis<\/a> w ciemnoszarym T-shircie, spodniach khaki oraz szarych trampkach, os\u0142ania\u0142 g\u0142ow\u0119 niebiesk\u0105 czapk\u0105 baseballow\u0105 i nosi\u0142 czarne okulary przeciws\u0142oneczne. W pewnym momencie, podczas spaceru, si\u0119gn\u0105\u0142 r\u0119k\u0105 do por\u0119czy, u\u017cywaj\u0105c jej jako wsparcia. Aktor, kt\u00f3ry w 2022 r. zako\u0144czy\u0142 karier\u0119 z powodu pogarszaj\u0105cego si\u0119 stanu zdrowia, obecnie mieszka w oddzielnym domu, gdzie ma zapewnion\u0105 ca\u0142odobow\u0105 opiek\u0119. To w\u0142a\u015bnie opiekun towarzyszy\u0142 mu podczas spaceru, prowadz\u0105c aktora za r\u0119k\u0119.<\/p>\n<p>Dalszy ci\u0105g artyku\u0142u pod materia\u0142em wideo<\/p>\n<p> Jakie zdj\u0119cia przedstawiaj\u0105 Bruce&#8217;a Willisa? <\/p>\n<p> Czym jest demencja czo\u0142owo-skroniowa? <\/p>\n<p> Jakie s\u0105 objawy choroby Bruce&#8217;a Willisa? <\/p>\n<p> W jakim nastroju by\u0142 Bruce Willis podczas spaceru? <\/p>\n<p>  Choroba Bruce&#8217;a Willisa   <\/p>\n<p class=\"ods-c-paragraph \">Rodzina Bruce&#8217;a Willisa poinformowa\u0142a w 2023 r., \u017ce aktor cierpi na demencj\u0119 czo\u0142owo-skroniow\u0105 (FTD). Choroba ta prowadzi do stopniowego zanikania funkcji m\u00f3zgu odpowiedzialnych za osobowo\u015b\u0107, kontrol\u0119 impuls\u00f3w oraz zdolno\u015bci j\u0119zykowe. W przeciwie\u0144stwie do choroby Alzheimera FTD nie powoduje natychmiastowej utraty pami\u0119ci, lecz wp\u0142ywa na zachowanie i decyzje chorego.<\/p>\n<p class=\"ods-c-paragraph \">\u017bona aktora, <a href=\"https:\/\/plejada.pl\/emma-heming\" id=\"d78f2dae-bc45-4693-90ff-8cc8b78dc34d\" rel=\"nofollow noopener\" target=\"_blank\">Emma Heming Willis<\/a>, w wywiadzie dla &#8222;Vogue Australia&#8221; wyzna\u0142a, \u017ce choroba m\u0119\u017ca jest trudnym do\u015bwiadczeniem dla ca\u0142ej rodziny, szczeg\u00f3lnie dla ich dw\u00f3ch m\u0142odych c\u00f3rek, 13-letniej Mabel i 11-letniej Evelyn. &#8222;Rozpaczaj\u0105, bardzo t\u0119skni\u0105 za tat\u0105. Brakuje im wa\u017cnych moment\u00f3w, to dla nich trudne&#8221; \u2014 powiedzia\u0142a Heming Willis. Doda\u0142a r\u00f3wnie\u017c, \u017ce przeniesienie Bruce&#8217;a do oddzielnej rezydencji by\u0142o najlepsz\u0105 decyzj\u0105 dla ich rodziny, umo\u017cliwiaj\u0105c jej powr\u00f3t do roli \u017cony.<\/p>\n<p class=\"ods-c-paragraph \">Bruce Willis dzieli swoje \u017cycie rodzinne mi\u0119dzy \u017con\u0119 Emm\u0119 Heming Willis oraz by\u0142\u0105 \u017con\u0119 <a href=\"https:\/\/plejada.pl\/demi-moore\" id=\"597b6bde-bf79-4d3f-bc53-64e7aa2cd072\" rel=\"nofollow noopener\" target=\"_blank\">Demi Moore<\/a>, z kt\u00f3r\u0105 ma trzy starsze c\u00f3rki: Rumer (37 lat), Scout (34 lata) i Tallulah (31 lat). W sierpniu Emma Heming Willis podkre\u015bli\u0142a, \u017ce przeprowadzka aktora do nowego domu pozwoli\u0142a mu na wi\u0119ksz\u0105 niezale\u017cno\u015b\u0107 i mo\u017cliwo\u015b\u0107 nawi\u0105zania kontaktu z przyjaci\u00f3\u0142mi oraz rodzin\u0105.<\/p>\n<p class=\"ods-c-paragraph \">Choroba aktora stanowi jednak powa\u017cne wyzwanie dla jego najbli\u017cszych. Heming Willis ujawni\u0142a, \u017ce opieka nad m\u0119\u017cem wi\u0105\u017ce si\u0119 r\u00f3wnie\u017c z zarz\u0105dzaniem jego maj\u0105tkiem, kt\u00f3ry wynosi oko\u0142o 250 mln dol. &#8222;Dbanie o Bruce&#8217;a to nie tylko podtrzymywanie go na duchu, ale tak\u017ce zarz\u0105dzanie jego ogromn\u0105 fortun\u0105&#8221; \u2014 wyja\u015bni\u0142a.<\/p>\n<p><img decoding=\"async\" src=\"https:\/\/www.europesays.com\/pl\/wp-content\/uploads\/2025\/10\/HG8k9lBaHR0cHM6Ly9vY2RuLmV1L3B1bHNjbXMvTURBXy8yMGMzY2ExMTc1MWJhMWFlNTFmZDQ3YzU4MWU0YzdkNi5qcGeRlQLNB.jpeg\" height=\"626\" width=\"940\" alt=\"Bruce i Emma Willis w Hollywood Palladium w 2018 r.\" loading=\"lazy\" class=\"ods-c-image__img ods-c-image__img--viewport-width\"\/><\/p>\n<p>Bruce i Emma Willis w Hollywood Palladium w 2018 r.Featureflash Photo Agency \/ Shutterstock<\/p>\n<p class=\"ods-c-paragraph \">Dzi\u0119kujemy, \u017ce przeczyta\u0142a\u015b\/e\u015b nasz artyku\u0142 do ko\u0144ca. W serwisie Plejada.pl ka\u017cdego dnia piszemy o najwa\u017cniejszych wydarzeniach show-biznesowych. B\u0105d\u017a na bie\u017c\u0105co! <a rel=\"nofollow noopener\" href=\"https:\/\/news.google.com\/publications\/CAAiEF0PeAlb7W1llpV_mwV2rL4qFAgKIhBdD3gJW-1tZZaVf5sFdqy-?hl=pl&amp;gl=PL&amp;ceid=PL%3Apl\" id=\"2fb7621a-f21c-47b0-bc11-b75e5809d010\" target=\"_blank\">Obserwuj<\/a> Plejad\u0119 w Wiadomo\u015bciach Google. Odwied\u017a nas tak\u017ce na <a rel=\"nofollow noopener\" href=\"https:\/\/www.facebook.com\/plejadapl\" id=\"6db1da22-d139-41f1-9b92-8b49a95c95ab\" target=\"_blank\">Facebooku<\/a>, <a rel=\"nofollow noopener\" href=\"https:\/\/www.instagram.com\/plejadapl\/\" id=\"47588cc4-637f-4574-b116-fdcea4803950\" target=\"_blank\">Instagramie<\/a>, <a rel=\"nofollow noopener\" href=\"https:\/\/www.youtube.com\/c\/plejada\" id=\"4bee8bd3-0e09-4f4e-af9c-c0a85253c583\" target=\"_blank\">YouTubie<\/a> oraz <a rel=\"nofollow noopener\" href=\"https:\/\/www.tiktok.com\/@plejada_pl\" id=\"cebda9ad-dba8-40f6-b69a-1211351c8caa\" target=\"_blank\">TikToku<\/a>.<\/p>\n<p class=\"ods-c-paragraph \">Chcesz podzieli\u0107 si\u0119 ciekawym newsem lub zaproponowa\u0107 temat? Skontaktuj si\u0119 z nami, pisz\u0105c e-maila na adres: <a rel=\"nofollow noopener\" href=\"https:\/\/plejada.pl\/newsy\/chory-bruce-willis-na-nowych-zdjeciach-spacerowal-za-reke-z-opiekunem\/mailto:plejada@redakcjaonet.pl\" id=\"71026ba5-c053-42a8-8e8a-984258903a51\" target=\"_blank\">plejada@redakcjaonet.pl<\/a>.<\/p>\n<p><script async src=\"\/\/www.instagram.com\/embed.js\"><\/script><script async src=\"\/\/www.tiktok.com\/embed.js\"><\/script><\/p>\n","protected":false},"excerpt":{"rendered":"Bruce Willis w ciemnoszarym T-shircie, spodniach khaki oraz szarych trampkach, os\u0142ania\u0142 g\u0142ow\u0119 niebiesk\u0105 czapk\u0105 baseballow\u0105 i nosi\u0142 czarne&hellip;\n","protected":false},"author":2,"featured_media":90923,"comment_status":"","ping_status":"","sticky":false,"template":"","format":"standard","meta":{"footnotes":""},"categories":[22],"tags":[10029,5095,12909,122,48,125,46,42,38,40,39,41,20729,123,47],"class_list":{"0":"post-90922","1":"post","2":"type-post","3":"status-publish","4":"format-standard","5":"has-post-thumbnail","7":"category-rozrywka","8":"tag-bruce_willis","9":"tag-demi_moore","10":"tag-emma_heming","11":"tag-entertainment","12":"tag-nat_styl","13":"tag-newsy","14":"tag-omp","15":"tag-pl","16":"tag-poland","17":"tag-polish","18":"tag-polska","19":"tag-polski","20":"tag-rewquiz_tst1","21":"tag-rozrywka","22":"tag-screening_general"},"share_on_mastodon":{"url":"https:\/\/pubeurope.com\/@pl\/115513240184688541","error":""},"_links":{"self":[{"href":"https:\/\/www.europesays.com\/pl\/wp-json\/wp\/v2\/posts\/90922","targetHints":{"allow":["GET"]}}],"collection":[{"href":"https:\/\/www.europesays.com\/pl\/wp-json\/wp\/v2\/posts"}],"about":[{"href":"https:\/\/www.europesays.com\/pl\/wp-json\/wp\/v2\/types\/post"}],"author":[{"embeddable":true,"href":"https:\/\/www.europesays.com\/pl\/wp-json\/wp\/v2\/users\/2"}],"replies":[{"embeddable":true,"href":"https:\/\/www.europesays.com\/pl\/wp-json\/wp\/v2\/comments?post=90922"}],"version-history":[{"count":0,"href":"https:\/\/www.europesays.com\/pl\/wp-json\/wp\/v2\/posts\/90922\/revisions"}],"wp:featuredmedia":[{"embeddable":true,"href":"https:\/\/www.europesays.com\/pl\/wp-json\/wp\/v2\/media\/90923"}],"wp:attachment":[{"href":"https:\/\/www.europesays.com\/pl\/wp-json\/wp\/v2\/media?parent=90922"}],"wp:term":[{"taxonomy":"category","embeddable":true,"href":"https:\/\/www.europesays.com\/pl\/wp-json\/wp\/v2\/categories?post=90922"},{"taxonomy":"post_tag","embeddable":true,"href":"https:\/\/www.europesays.com\/pl\/wp-json\/wp\/v2\/tags?post=90922"}],"curies":[{"name":"wp","href":"https:\/\/api.w.org\/{rel}","templated":true}]}}