{"id":90928,"date":"2025-11-08T08:59:11","date_gmt":"2025-11-08T08:59:11","guid":{"rendered":"https:\/\/www.europesays.com\/pl\/90928\/"},"modified":"2025-11-08T08:59:11","modified_gmt":"2025-11-08T08:59:11","slug":"marcin-przydacz-o-nominacjach-oficerskich-nie-ma-odmowy-jest-dyskusja","status":"publish","type":"post","link":"https:\/\/www.europesays.com\/pl\/90928\/","title":{"rendered":"Marcin Przydacz o nominacjach oficerskich. &#8222;Nie ma odmowy, jest dyskusja&#8221;"},"content":{"rendered":"<ul class=\"UnorderedList_container__nmfSl\">\n<li class=\"UnorderedList_listElement__Py7xi\" data-id=\"ai-summary-link\">Du\u017co czytania, a ma\u0142o czasu? Sprawd\u017a\u00a0skr\u00f3t\u00a0artyku\u0142u<\/li>\n<\/ul>\n<p class=\"Paragraph_desktopParagraph__U31Gm\"><a href=\"https:\/\/wiadomosci.onet.pl\/kraj\/donald-tusk-ostro-o-ruchu-prezydenta-nawrockiego-dalszy-ciag-wojny\/v5xz1hl\" id=\"bd1ac151-847c-4945-a2fb-2dc8f105f0fb\" rel=\"nofollow noopener\" target=\"_blank\">Premier Tusk zamie\u015bci\u0142 w pi\u0105tek na portalu X nagranie, w kt\u00f3rym zarzuci\u0142 prezydentowi, \u017ce ten zablokowa\u0142 nominacje na pierwszy stopie\u0144 oficerski 136 przysz\u0142ych oficer\u00f3w S\u0142u\u017cby Kontrwywiadu Wojskowego i Agencji Bezpiecze\u0144stwa Wewn\u0119trznego.<\/a> Jak oceni\u0142, to &#8222;dalszy ci\u0105g wojny prezydenta z polskim rz\u0105dem&#8221;.<\/p>\n<ul class=\"OchatFollowUps_wrapper__1ry7X\">\n<li class=\"OchatFollowUps_item__Dhyly OchatFollowUps_itemDesktop__R6aBv\">Czy prezydent odm\u00f3wi\u0142 nominacji 136 osobom?<\/li>\n<li class=\"OchatFollowUps_item__Dhyly OchatFollowUps_itemDesktop__R6aBv\">Jakie zarzuty s\u0105 stawiane Zbigniewowi Ziobrze?<\/li>\n<li class=\"OchatFollowUps_item__Dhyly OchatFollowUps_itemDesktop__R6aBv\">Co powiedzia\u0142 Marcin Przydacz na temat dyskusji o nominacjach?<\/li>\n<li class=\"OchatFollowUps_item__Dhyly OchatFollowUps_itemDesktop__R6aBv\">Dlaczego Zbigniew Ziobro przebywa za granic\u0105?<\/li>\n<\/ul>\n<p class=\"Paragraph_desktopParagraph__U31Gm\"><a href=\"https:\/\/wiadomosci.onet.pl\/kraj\/ostre-slowa-karola-nawrockiego-do-donalda-tuska-nie-jest-krolem\/sbhpjx2\" id=\"6b28b83c-b92a-40d8-bdee-bcbba46294fa\" rel=\"nofollow noopener\" target=\"_blank\">Do sprawy \u2014 r\u00f3wnie\u017c w nagraniu na X \u2014 odni\u00f3s\u0142 si\u0119 prezydent Nawrocki.<\/a> \u2014 \u017beby by\u0107 premierem, nie wystarczy wrzucanie post\u00f3w na X; trzeba jeszcze umie\u0107 rz\u0105dzi\u0107 i stawia\u0107 pa\u0144stwo ponad partyjne interesy. Pan premier w swoim stylu sk\u0142ama\u0142 i nie wyja\u015bni\u0142, co wydarzy\u0142o si\u0119 naprawd\u0119 \u2014 zarzuci\u0142 Tuskowi Nawrocki.<\/p>\n<p class=\"Paragraph_desktopParagraph__U31Gm\">O t\u0119 wymian\u0119 zda\u0144 na linii premier-prezydent zosta\u0142 zapytany r\u00f3wnie\u017c Marcin Przydacz. \u2014 Prezydent nie odm\u00f3wi\u0142 nominacji 136 osobom. To nieprawda, k\u0142amstwo. Premier Tusk wstaje i si\u0119 zastanawia, jak Polak\u00f3w kolejny raz ok\u0142amywa\u0107 ka\u017cdego jednego dnia (\u2026). Nie by\u0142o ustalonej daty nominacji, nie ma odmowy nominacji. Jest dyskusja na temat tego, jak te nominacje maj\u0105 by\u0107 prowadzone. Jak si\u0119 nie chce rozmawia\u0107 z prezydentem, to niech si\u0119 nie dziwi\u0105, \u017ce nie ma nominacji \u2014 powiedzia\u0142 na antenie RMF FM.<\/p>\n<p class=\"Paragraph_desktopParagraph__U31Gm\">Doda\u0142, \u017ce szefowie szefowie s\u0142u\u017cb nie przyszli na spotkanie z prezydentem. \u2014 Nie poinformowali, \u017ce nie przyjd\u0105, a potem okaza\u0142o si\u0119, \u017ce zakaza\u0142 im premier \u2014 powiedzia\u0142 Przydacz.<\/p>\n<p class=\"Paragraph_desktopParagraph__U31Gm\">Przydacz skomentowa\u0142 r\u00f3wnie\u017c decyzj\u0119 Sejmu dotycz\u0105c\u0105 Zbigniewa Ziobry. Prokuratura Krajowa poinformowa\u0142a w pi\u0105tek wieczorem, \u017ce po decyzji Sejmu o uchyleniu immunitetu Ziobrze oraz zgodzie na jego zatrzymanie i aresztowanie, prokurator wyda\u0142 postanowienie o przedstawieniu mu 26 zarzut\u00f3w karnych oraz o jego przymusowym doprowadzeniu przez funkcjonariuszy ABW do siedziby prokuratury.<\/p>\n<p class=\"Paragraph_desktopParagraph__U31Gm\">Przydacz podkre\u015bli\u0142, \u017ce jego zdaniem Zbigniew Ziobro &#8222;s\u0142usznie wskazuje, \u017ce jego proces nie b\u0119dzie niezale\u017cny i niezawis\u0142y&#8221;. \u2014 Z ca\u0142\u0105 pewno\u015bci\u0105 b\u0119dzie si\u0119 broni\u0142 \u2014 doda\u0142.<\/p>\n<p class=\"Paragraph_desktopParagraph__U31Gm\">Marcin Przydacz by\u0142 pytany tak\u017ce o to, czy b. szef MS Zbigniew Ziobro powinien wr\u00f3ci\u0107 do kraju. &#8211; To jest indywidualna decyzja ka\u017cdego polityka. Pan Zbigniew Ziobro jest chory, leczy si\u0119, w zwi\u0105zku z tym cz\u0119sto przebywa za granic\u0105. Doradza\u0142bym stanowcze dzia\u0142ania obro\u0144cze, jasne jest, \u017ce sprawa ma charakter polityczny i dotyczy zemsty \u2013 powiedzia\u0142 prezydencki minister.<\/p>\n<p class=\"Paragraph_desktopParagraph__U31Gm\">Pytany by\u0142 te\u017c o to, czy prezydent u\u0142askawi Ziobr\u0119 w przypadku jego skazania. &#8211; Do dzia\u0142a\u0144 konstytucyjnych prezydenta jest jeszcze daleka droga \u2013 powiedzia\u0142 Przydacz. \u2013 Nie zosta\u0142y jeszcze zarzuty postawione, nie m\u00f3wi\u0105c o akcie oskar\u017cenia \u2013 doda\u0142.<\/p>\n","protected":false},"excerpt":{"rendered":"Du\u017co czytania, a ma\u0142o czasu? Sprawd\u017a\u00a0skr\u00f3t\u00a0artyku\u0142u Premier Tusk zamie\u015bci\u0142 w pi\u0105tek na portalu X nagranie, w kt\u00f3rym zarzuci\u0142&hellip;\n","protected":false},"author":2,"featured_media":90929,"comment_status":"","ping_status":"","sticky":false,"template":"","format":"standard","meta":{"footnotes":""},"categories":[5],"tags":[32,33,244,200,36,37,27,1674,240,34,35,45,28,31,53,25,52,68,51,55,42,38,40,39,41,47,29,30,65,50,26,711,4070],"class_list":{"0":"post-90928","1":"post","2":"type-post","3":"status-publish","4":"format-standard","5":"has-post-thumbnail","7":"category-naglowki","8":"tag-breaking-news","9":"tag-breakingnews","10":"tag-ctr_tst","11":"tag-donald_tusk_polityk","12":"tag-featured-news","13":"tag-featurednews","14":"tag-headlines","15":"tag-immunitet","16":"tag-karol_nawrocki_prezydent","17":"tag-latest-news","18":"tag-latestnews","19":"tag-marcin_przydacz","20":"tag-naglowki","21":"tag-najwazniejsze-artykuly","22":"tag-new_header","23":"tag-news","24":"tag-onet3","25":"tag-onet3d","26":"tag-onet3d_2i","27":"tag-phx","28":"tag-pl","29":"tag-poland","30":"tag-polish","31":"tag-polska","32":"tag-polski","33":"tag-screening_general","34":"tag-top-stories","35":"tag-topstories","36":"tag-update_me","37":"tag-v2021","38":"tag-wiadomosci","39":"tag-wojsko_sily_zbrojne_armia","40":"tag-zbigniew_ziobro_polityk"},"share_on_mastodon":{"url":"","error":"Validation failed: Text character limit of 500 exceeded"},"_links":{"self":[{"href":"https:\/\/www.europesays.com\/pl\/wp-json\/wp\/v2\/posts\/90928","targetHints":{"allow":["GET"]}}],"collection":[{"href":"https:\/\/www.europesays.com\/pl\/wp-json\/wp\/v2\/posts"}],"about":[{"href":"https:\/\/www.europesays.com\/pl\/wp-json\/wp\/v2\/types\/post"}],"author":[{"embeddable":true,"href":"https:\/\/www.europesays.com\/pl\/wp-json\/wp\/v2\/users\/2"}],"replies":[{"embeddable":true,"href":"https:\/\/www.europesays.com\/pl\/wp-json\/wp\/v2\/comments?post=90928"}],"version-history":[{"count":0,"href":"https:\/\/www.europesays.com\/pl\/wp-json\/wp\/v2\/posts\/90928\/revisions"}],"wp:featuredmedia":[{"embeddable":true,"href":"https:\/\/www.europesays.com\/pl\/wp-json\/wp\/v2\/media\/90929"}],"wp:attachment":[{"href":"https:\/\/www.europesays.com\/pl\/wp-json\/wp\/v2\/media?parent=90928"}],"wp:term":[{"taxonomy":"category","embeddable":true,"href":"https:\/\/www.europesays.com\/pl\/wp-json\/wp\/v2\/categories?post=90928"},{"taxonomy":"post_tag","embeddable":true,"href":"https:\/\/www.europesays.com\/pl\/wp-json\/wp\/v2\/tags?post=90928"}],"curies":[{"name":"wp","href":"https:\/\/api.w.org\/{rel}","templated":true}]}}