{"id":90954,"date":"2025-11-08T09:16:12","date_gmt":"2025-11-08T09:16:12","guid":{"rendered":"https:\/\/www.europesays.com\/pl\/90954\/"},"modified":"2025-11-08T09:16:12","modified_gmt":"2025-11-08T09:16:12","slug":"oppo-find-x9-ultra-z-premiera-w-europie-oto-specyfikacja","status":"publish","type":"post","link":"https:\/\/www.europesays.com\/pl\/90954\/","title":{"rendered":"Oppo Find X9 Ultra z premier\u0105 w Europie? Oto specyfikacja"},"content":{"rendered":"<p class=\"lead\">Oppo Find X9 Ultra to bez w\u0105tpienia jeden z najbardziej wyczekiwanych smartfon\u00f3w 2026 roku. Producent stawia na bezkompromisow\u0105 wydajno\u015b\u0107 oraz imponuj\u0105cy zestaw czterech tylnych aparat\u00f3w. Czym dok\u0142adnie kusi ten flagowiec i kiedy mo\u017cemy spodziewa\u0107 si\u0119 jego globalnego debiutu?<\/p>\n<p>Oppo Find X9 Ultra ma szans\u0119 na wyj\u015bcie poza rodzimy rynek, b\u0119d\u0105c jednym z pierwszych \u201eUltras\u00f3w\u201d sp\u00f3\u0142ki BBK, kt\u00f3re maj\u0105 pojawi\u0107 si\u0119 w Europie. Jego premiera, je\u017celi plotki si\u0119 potwierdz\u0105, b\u0119dzie stanowi\u0142a wa\u017cny krok dla tej marki. Sprawd\u017amy zatem, co takiego ma mie\u0107 do zaoferowania i \u2014 co mo\u017ce nawet i wa\u017cniejsze \u2014 kiedy mia\u0142by si\u0119 pojawi\u0107 na p\u00f3\u0142kach europejskich sklep\u00f3w.<\/p>\n<p>Oppo Find X9 Ultra coraz bli\u017cej Europy, co zaoferuje?<\/p>\n<p>Sercem urz\u0105dzenia, zgodnie z nieoficjalnymi doniesieniami z przeciek\u00f3w, ma by\u0107 topowy uk\u0142ad na rynku \u2013 Snapdragon 8 Elite Gen 5. To wyra\u017anie odr\u00f3\u017cnia go od ni\u017cszych modeli, Find X9 i Find X9 Pro, kt\u00f3re maj\u0105 oferuj\u0105 procesor MediaTek Dimensity 9500. W Chinach, wraz z flagowym modelem Ultra, na rynek trafi\u0107 maj\u0105 r\u00f3wnie\u017c Find X9s i Find X9s+, ale nie wiadomo, czy te ostatnie pojawi\u0105 si\u0119 poza Pa\u0144stwem \u015arodka.<\/p>\n<p><a href=\"https:\/\/www.gsmmaniak.pl\/wp-content\/uploads\/gsmmaniak\/2025\/03\/Zrzut-ekranu-2025-03-31-081820.jpg\" rel=\"nofollow noopener\" target=\"_blank\"><img decoding=\"async\" aria-describedby=\"caption-attachment-1562446\" loading=\"lazy\" class=\"wp-image-1562446 size-medium\" src=\"https:\/\/www.europesays.com\/pl\/wp-content\/uploads\/2025\/11\/Zrzut-ekranu-2025-03-31-081820-medium.jpg\" alt=\"Oppo Find X9 Ultra\" width=\"500\" height=\"268\"   itemprop=\"image\" \/><\/a><\/p>\n<p id=\"caption-attachment-1562446\" class=\"wp-caption-text\">Oppo Find X8 Ultra \/ fot. producenta via Abhishek Yadav<\/p>\n<p>Find X9 Ultra zostanie wyposa\u017cony w bateri\u0119 o pojemno\u015bci oko\u0142o 7000 mAh. Obs\u0142u\u017cy\u0107 ma ona \u0142adowanie bezprzewodowe o mocy 50 W, cho\u0107 nie ujawniono jeszcze, jak\u0105 moc \u0142adowania zaoferuje \u201epo kablu\u201d. R\u00f3wnie imponuj\u0105cy ma by\u0107 wy\u015bwietlacz. Mowa jest o 6,8-calowym, p\u0142askim panelu wykonanym w technologii OLED, pracuj\u0105cym w rozdzielczo\u015bci 2K i oferuj\u0105cym adaptacyjne od\u015bwie\u017canie do 120 Hz.<\/p>\n<p>Rewolucja w fotografii mobilnej<\/p>\n<p>Oppo nie zapomina o mi\u0142o\u015bnikach fotografii, szykuj\u0105c zaawansowany zestaw czterech modu\u0142\u00f3w. G\u0142\u00f3wny aparat to pot\u0119\u017cna matryca 200 MP Sony IMX09E. Zestaw uzupe\u0142ni ultraszerokok\u0105tny aparat o rozdzielczo\u015bci 50 MP.<\/p>\n<p><a href=\"https:\/\/www.gsmmaniak.pl\/wp-content\/uploads\/gsmmaniak\/2025\/04\/Zrzut-ekranu-2025-04-10-160508.jpg\" rel=\"nofollow noopener\" target=\"_blank\"><img decoding=\"async\" aria-describedby=\"caption-attachment-1564990\" loading=\"lazy\" class=\"wp-image-1564990 size-medium\" src=\"https:\/\/www.europesays.com\/pl\/wp-content\/uploads\/2025\/11\/Zrzut-ekranu-2025-04-10-160508-medium.jpg\" alt=\"Oppo Find X9 Ultra\" width=\"500\" height=\"496\"   \/><\/a><\/p>\n<p id=\"caption-attachment-1564990\" class=\"wp-caption-text\">Oppo Find X8 Ultra \/ fot. producenta<\/p>\n<p>Co ciekawe, na pok\u0142adzie znajdziemy r\u00f3wnie\u017c dwa teleobiektywy peryskopowe. Jeden z nich b\u0119dzie wykorzystywa\u0142 matryc\u0119 Sony LYT-828, a specyfikacja drugiego\u2026 nie zosta\u0142a jeszcze ujawniona. Taki krok jest mo\u017cliwy, patrz\u0105c na przecieki bratniej firmy, jak\u0105 jest vivo. Ten producent ma z kolei \u201ewyprowadzi\u0107\u201d z rodzimego rynku swojego superflagowca, jakim b\u0119dzie vivo X300 Ultra.<\/p>\n<p>\u0179r\u00f3d\u0142o: <a href=\"https:\/\/playfuldroid.com\/oppo-find-x9-ultra-global-launch-timeframe-tipped\/\" rel=\"nofollow noopener\" target=\"_blank\">Playfuldroid<\/a>, opracowanie w\u0142asne<\/p>\n","protected":false},"excerpt":{"rendered":"Oppo Find X9 Ultra to bez w\u0105tpienia jeden z najbardziej wyczekiwanych smartfon\u00f3w 2026 roku. Producent stawia na bezkompromisow\u0105&hellip;\n","protected":false},"author":2,"featured_media":3397,"comment_status":"","ping_status":"","sticky":false,"template":"","format":"standard","meta":{"footnotes":""},"categories":[20],"tags":[120,118,119,42,38,40,39,41,116,114,115,121,117],"class_list":{"0":"post-90954","1":"post","2":"type-post","3":"status-publish","4":"format-standard","5":"has-post-thumbnail","7":"category-nauka-i-technika","8":"tag-nauka","9":"tag-nauka-i-technika","10":"tag-naukatechnika","11":"tag-pl","12":"tag-poland","13":"tag-polish","14":"tag-polska","15":"tag-polski","16":"tag-science","17":"tag-science-and-technology","18":"tag-sciencetechnology","19":"tag-technika","20":"tag-technology"},"share_on_mastodon":{"url":"https:\/\/pubeurope.com\/@pl\/115513326803504226","error":""},"_links":{"self":[{"href":"https:\/\/www.europesays.com\/pl\/wp-json\/wp\/v2\/posts\/90954","targetHints":{"allow":["GET"]}}],"collection":[{"href":"https:\/\/www.europesays.com\/pl\/wp-json\/wp\/v2\/posts"}],"about":[{"href":"https:\/\/www.europesays.com\/pl\/wp-json\/wp\/v2\/types\/post"}],"author":[{"embeddable":true,"href":"https:\/\/www.europesays.com\/pl\/wp-json\/wp\/v2\/users\/2"}],"replies":[{"embeddable":true,"href":"https:\/\/www.europesays.com\/pl\/wp-json\/wp\/v2\/comments?post=90954"}],"version-history":[{"count":0,"href":"https:\/\/www.europesays.com\/pl\/wp-json\/wp\/v2\/posts\/90954\/revisions"}],"wp:featuredmedia":[{"embeddable":true,"href":"https:\/\/www.europesays.com\/pl\/wp-json\/wp\/v2\/media\/3397"}],"wp:attachment":[{"href":"https:\/\/www.europesays.com\/pl\/wp-json\/wp\/v2\/media?parent=90954"}],"wp:term":[{"taxonomy":"category","embeddable":true,"href":"https:\/\/www.europesays.com\/pl\/wp-json\/wp\/v2\/categories?post=90954"},{"taxonomy":"post_tag","embeddable":true,"href":"https:\/\/www.europesays.com\/pl\/wp-json\/wp\/v2\/tags?post=90954"}],"curies":[{"name":"wp","href":"https:\/\/api.w.org\/{rel}","templated":true}]}}