{"id":90961,"date":"2025-11-08T09:22:10","date_gmt":"2025-11-08T09:22:10","guid":{"rendered":"https:\/\/www.europesays.com\/pl\/90961\/"},"modified":"2025-11-08T09:22:10","modified_gmt":"2025-11-08T09:22:10","slug":"ralph-kaminski-nie-poddal-sie-w-walce-o-swoje-marzenia-czulem-ze-juz-nigdy-nie-stane-na-scenie","status":"publish","type":"post","link":"https:\/\/www.europesays.com\/pl\/90961\/","title":{"rendered":"Ralph Kaminski nie podda\u0142 si\u0119 w walce o swoje marzenia. &#8222;Czu\u0142em, \u017ce ju\u017c nigdy nie stan\u0119 na scenie&#8221;"},"content":{"rendered":"<p class=\"Paragraph_desktopParagraph__U31Gm\"><a href=\"https:\/\/plejada.pl\/ralph-kaminski-wokalista\" id=\"42e47c68-9f3c-4ab3-8c34-076fb84ea581\" rel=\"nofollow noopener\" target=\"_blank\">Ralph Kaminski<\/a>, a w\u0142a\u015bciwie Rafa\u0142 Stanis\u0142aw Kami\u0144ski, urodzi\u0142 si\u0119 8 listopada 1990 r. w Ja\u015ble. Ju\u017c jako dziecko przejawia\u0142 ogromne zami\u0142owanie do muzyki \u2014 uczy\u0142 si\u0119 gry na skrzypcach i \u015bpiewu, a potem kontynuowa\u0142 nauk\u0119 na Akademii Muzycznej w Gda\u0144sku i w Rotterdamie.<\/p>\n<p class=\"Paragraph_desktopParagraph__U31Gm\">Jego kariera nabra\u0142a rozp\u0119du w 2016 r., kiedy ukaza\u0142 si\u0119 debiutancki album &#8222;Morze&#8221;. Od tego momentu wszystko potoczy\u0142o si\u0119 b\u0142yskawicznie. Kaminski szybko zdoby\u0142 uznanie publiczno\u015bci i krytyk\u00f3w, wyr\u00f3\u017cniaj\u0105c si\u0119 na tle innych artyst\u00f3w nie tylko muzyk\u0105, ale te\u017c scenicznym wizerunkiem.<\/p>\n<ul class=\"OchatFollowUps_wrapper__1ry7X\">\n<li class=\"OchatFollowUps_item__Dhyly OchatFollowUps_itemDesktop__R6aBv\">Kiedy Ralph Kaminski obchodzi\u0142 35. urodziny?<\/li>\n<li class=\"OchatFollowUps_item__Dhyly OchatFollowUps_itemDesktop__R6aBv\">Jakie trudno\u015bci zdrowotne przeszed\u0142 Ralph Kaminski?<\/li>\n<li class=\"OchatFollowUps_item__Dhyly OchatFollowUps_itemDesktop__R6aBv\">Jakie by\u0142y tematy album\u00f3w Ralpha Kaminskiego?<\/li>\n<li class=\"OchatFollowUps_item__Dhyly OchatFollowUps_itemDesktop__R6aBv\">Czy Ralph Kaminski my\u015bli o zostaniu ojcem?<\/li>\n<\/ul>\n<p class=\"Paragraph_desktopParagraph__U31Gm\">Prawdziwy prze\u0142om w karierze Ralpha Kaminskiego przyszed\u0142 jednak z albumem &#8222;M\u0142odo\u015b\u0107&#8221; z 2019 r. Powr\u00f3ci\u0142 w nim do wspomnie\u0144 z dzieci\u0144stwa i m\u0142odo\u015bci lat 90. \u2014 z ca\u0142ym ich blaskiem, ale te\u017c b\u00f3lem dorastania. P\u00f3\u017aniej przysz\u0142a p\u0142yta &#8222;Kora&#8221; wydana w 2021 r., b\u0119d\u0105ca pi\u0119knym ho\u0142dem dla legendarnej wokalistki Maanamu, a w 2022 r. &#8222;Bal u Rafa\u0142a&#8221; \u2014 barwny, teatralny projekt, kt\u00f3ry tylko potwierdzi\u0142, \u017ce Ralph Kaminski jest jednym z bardziej wszechstronnych artyst\u00f3w w Polsce.<\/p>\n<p class=\"Paragraph_desktopParagraph__U31Gm\">Cho\u0107 jego muzyka cz\u0119sto pe\u0142na jest nostalgii, to w\u0142a\u015bnie w tej delikatno\u015bci tkwi si\u0142a. Ralph nigdy nie ba\u0142 si\u0119 m\u00f3wi\u0107 o swoich emocjach \u2014 tak\u017ce tych trudnych. W jednym ze wpis\u00f3w na Facebooku przyzna\u0142, \u017ce zmaga si\u0119 z depresj\u0105.<\/p>\n<blockquote>\n<p class=\"Paragraph_desktopParagraph__U31Gm\">W 2017 r. zachorowa\u0142em na depresj\u0119, kt\u00f3r\u0105 uda\u0142o mi si\u0119 pokona\u0107 (nie od razu, z pomoc\u0105)<\/p>\n<\/blockquote>\n<p class=\"Paragraph_desktopParagraph__U31Gm\">\u2014 napisa\u0142.<\/p>\n<p class=\"Paragraph_desktopParagraph__U31Gm\">W tym samym po\u015bcie Kaminski wyzna\u0142, \u017ce obecnie zmaga si\u0119 z nerwic\u0105, z kt\u00f3r\u0105 sukcesywnie walczy i powoli udaje mu si\u0119 j\u0105 wyleczy\u0107.<\/p>\n<blockquote>\n<p class=\"Paragraph_desktopParagraph__U31Gm\">Od kilku miesi\u0119cy walcz\u0119 z nerwic\u0105, zesz\u0142ego lata czu\u0142em, \u017ce mo\u017ce ju\u017c nigdy nie stan\u0119 na scenie. Nie wstydz\u0119 si\u0119 o tym m\u00f3wi\u0107, to \u017caden wstyd, prosz\u0119 o pomoc, lecz\u0119 si\u0119 i jestem na prostej. Coraz bardziej t\u0119skni\u0119 za prac\u0105, nie mog\u0119 doczeka\u0107 si\u0119 urzeczywistnienia moich pomys\u0142\u00f3w. Nie b\u00f3jmy si\u0119 prosi\u0107 o pomoc!<\/p>\n<\/blockquote>\n<p class=\"Paragraph_desktopParagraph__U31Gm\">\u2014 zaapelowa\u0142.<\/p>\n<p class=\"Paragraph_desktopParagraph__U31Gm\">Ralph Kami\u0144ski jaki\u015b czas temu opowiedzia\u0142 w &#8222;Rozmowach (nie)wygodnych&#8221; na antenie TVP Info o l\u0119kach, jakie mu towarzyszy\u0142y i jak sobie z nimi radzi\u0142. Przyzna\u0142, \u017ce reguluje swoje emocje p\u0142aczem.<\/p>\n<blockquote>\n<p class=\"Paragraph_desktopParagraph__U31Gm\">W zesz\u0142ym roku, w tej przerwie od pracy, od wszystkiego, wyp\u0142aka\u0142em si\u0119 za wszystkie czasy. Ja po prostu p\u0142aka\u0142em chyba przez trzy, cztery miesi\u0105ce codziennie<\/p>\n<\/blockquote>\n<p class=\"Paragraph_desktopParagraph__U31Gm\">\u2014 wyzna\u0142 w rozmowie z Mariuszem Szczyg\u0142em.<\/p>\n<p class=\"Paragraph_desktopParagraph__U31Gm\">Ralph Kaminski w tej samej rozmowie przyzna\u0142, \u017ce swoje emocje woli przelewa\u0107 na papier.<\/p>\n<p class=\"Paragraph_desktopParagraph__U31Gm\">&#8222;Tak sobie czasami my\u015bl\u0119, \u017ce \u0142atwiej jest \u015bpiewa\u0107 o r\u00f3\u017cnych emocjach, ubiera\u0107 to w piosenk\u0119, tekst, s\u0142owa, poezj\u0119, ni\u017c po prostu m\u00f3wi\u0107&#8221; \u2014 m\u00f3wi\u0142.<\/p>\n<p><img decoding=\"async\" class=\"Image_image__0tuHp \" height=\"587\" width=\"390\" src=\"https:\/\/www.europesays.com\/pl\/wp-content\/uploads\/2025\/11\/uNTk9kpTURBXy82ODhlMTExNTRmMjFlNDY1MWEzOTA3NjI3ZGI5ZWZlNi5qcGeSlQLNA6wAwsOVAgDNAkvCw94AA6EwAaExAaEzw.jpeg\" alt=\"Ralph Kaminski (2023 r.)\" loading=\"lazy\" \/>mwmedia \/ MW Media<\/p>\n<p>Ralph Kaminski (2023 r.)<\/p>\n<p class=\"Paragraph_desktopParagraph__U31Gm\">Ralph Kaminski nie tak dawno by\u0142 tak\u017ce go\u015bciem w podka\u015bcie Oli Filipek &#8222;Randki z gwiazdami&#8221;. W rozmowie zdradzi\u0142, \u017ce czasem my\u015bli o zostaniu ojcem.<\/p>\n<blockquote>\n<p class=\"Paragraph_desktopParagraph__U31Gm\">Jak przydarzy mi si\u0119 by\u0107 ojcem, ja bym bardzo chcia\u0142, i jak nim b\u0119d\u0119, to chyba biznes artystyczny zejdzie na drugi plan&#8230;<\/p>\n<\/blockquote>\n<p class=\"Paragraph_desktopParagraph__U31Gm\">\u2014 wyzna\u0142.<\/p>\n<p class=\"Paragraph_desktopParagraph__U31Gm\">&#8222;Nie wiem, czy los da. Dzieci nie s\u0105 na pewno naprawieniem naszych w\u0142asnych traum i problem\u00f3w, a szczeg\u00f3lnie zwi\u0105zk\u00f3w. Dzieci czy adopcja, posiadanie psa czy kota to ogromna odpowiedzialno\u015b\u0107, bo bierzesz za czyje\u015b \u017cycie i prowadzisz go przez \u015bwiat. To jest bardzo powa\u017cna decyzja&#8221; \u2014 doda\u0142.<\/p>\n<p><img decoding=\"async\" class=\"Image_image__0tuHp \" height=\"587\" width=\"514\" src=\"https:\/\/www.europesays.com\/pl\/wp-content\/uploads\/2025\/11\/k9Tk9kpTURBXy8yZmFmNWI5MzY1NWIyMWU1Mjk2OTRjMzQ2NzJmMWEyNi5wbmeTlQPNAz4AzQMqzQOclQLNA6wAwsOVAgDNAkvCw.jpeg\" alt=\"Ralph Kaminski. Kadr z programu &quot;Randki z gwiazdami&quot; RMF FM\" loading=\"lazy\" \/>Piotr Andrzejczak \/ MW Media<\/p>\n<p>Ralph Kaminski. Kadr z programu &#8222;Randki z gwiazdami&#8221; RMF FM<\/p>\n<p class=\"Paragraph_desktopParagraph__U31Gm\">Ralph Kaminski na swoim koncie ma najwa\u017cniejsze nagrody w bran\u017cy: Fryderyki, tytu\u0142 Best Polish Act na MTV Europe Music Awards, wyst\u0119py na najwi\u0119kszych festiwalach i pe\u0142ne sale koncertowe. Zamiast g\u0142o\u015bnych imprez i skandali, wok\u00f3\u0142 niego jest raczej cisza, muzyka i bliscy ludzie.<\/p>\n<p class=\"Paragraph_desktopParagraph__U31Gm\">Dzi\u0119kujemy, \u017ce przeczyta\u0142a\u015b\/e\u015b nasz artyku\u0142 do ko\u0144ca. W serwisie Plejada.pl ka\u017cdego dnia piszemy o najwa\u017cniejszych wydarzeniach show-biznesowych. B\u0105d\u017a na bie\u017c\u0105co! <a rel=\"nofollow noopener\" href=\"https:\/\/news.google.com\/publications\/CAAiEF0PeAlb7W1llpV_mwV2rL4qFAgKIhBdD3gJW-1tZZaVf5sFdqy-?hl=pl&amp;gl=PL&amp;ceid=PL%3Apl\" id=\"05f9f616-4477-4904-8b34-f02a5416cfab\" target=\"_blank\">Obserwuj<\/a> Plejad\u0119 w Wiadomo\u015bciach Google. Odwied\u017a nas tak\u017ce na <a rel=\"nofollow noopener\" href=\"https:\/\/www.facebook.com\/plejadapl\" id=\"298008a7-82c5-4dc5-b6ad-7f755c370e4f\" target=\"_blank\">Facebooku<\/a>, <a rel=\"nofollow noopener\" href=\"https:\/\/www.instagram.com\/plejadapl\/\" id=\"8ed24ec9-c5ce-496a-8884-84dc83b6f97e\" target=\"_blank\">Instagramie<\/a>, <a rel=\"nofollow noopener\" href=\"https:\/\/www.youtube.com\/c\/plejada\" id=\"0dc6f01b-a47f-4956-942d-6de7aeb8a333\" target=\"_blank\">YouTube<\/a> oraz <a rel=\"nofollow noopener\" href=\"https:\/\/www.tiktok.com\/@plejada_pl\" id=\"654e9e60-8f2a-4bc3-898b-e58aaa355cf8\" target=\"_blank\">TikToku<\/a>.<\/p>\n<p class=\"Paragraph_desktopParagraph__U31Gm\">Chcesz podzieli\u0107 si\u0119 ciekawym newsem lub zaproponowa\u0107 temat? Skontaktuj si\u0119 z nami, pisz\u0105c e-maila na adres: <a href=\"https:\/\/www.onet.pl\/styl-zycia\/plejada\/ralph-kaminski-skonczyl-35-lat-otwarcie-mowi-o-lekach-i-walce-z-samym-soba\/mailto:plejada@redakcjaonet.pl\" id=\"eea4c5f7-d499-4464-b68e-ca4ff804ecf1\" rel=\"nofollow noopener\" target=\"_blank\">plejada@redakcjaonet.pl<\/a>.<\/p>\n<p><script async src=\"\/\/www.instagram.com\/embed.js\"><\/script><script async src=\"\/\/www.tiktok.com\/embed.js\"><\/script><\/p>\n","protected":false},"excerpt":{"rendered":"Ralph Kaminski, a w\u0142a\u015bciwie Rafa\u0142 Stanis\u0142aw Kami\u0144ski, urodzi\u0142 si\u0119 8 listopada 1990 r. w Ja\u015ble. Ju\u017c jako dziecko&hellip;\n","protected":false},"author":2,"featured_media":90962,"comment_status":"","ping_status":"","sticky":false,"template":"","format":"standard","meta":{"footnotes":""},"categories":[22],"tags":[122,67,261,53,52,68,51,55,42,38,40,39,41,21226,21225,123,47,65,6493,50],"class_list":{"0":"post-90961","1":"post","2":"type-post","3":"status-publish","4":"format-standard","5":"has-post-thumbnail","7":"category-rozrywka","8":"tag-entertainment","9":"tag-intextvideo_splayer","10":"tag-kultura","11":"tag-new_header","12":"tag-onet3","13":"tag-onet3d","14":"tag-onet3d_2i","15":"tag-phx","16":"tag-pl","17":"tag-poland","18":"tag-polish","19":"tag-polska","20":"tag-polski","21":"tag-ralph_kaminski","22":"tag-ralph_kaminski_wokalista","23":"tag-rozrywka","24":"tag-screening_general","25":"tag-update_me","26":"tag-urodziny","27":"tag-v2021"},"share_on_mastodon":{"url":"https:\/\/pubeurope.com\/@pl\/115513350500617251","error":""},"_links":{"self":[{"href":"https:\/\/www.europesays.com\/pl\/wp-json\/wp\/v2\/posts\/90961","targetHints":{"allow":["GET"]}}],"collection":[{"href":"https:\/\/www.europesays.com\/pl\/wp-json\/wp\/v2\/posts"}],"about":[{"href":"https:\/\/www.europesays.com\/pl\/wp-json\/wp\/v2\/types\/post"}],"author":[{"embeddable":true,"href":"https:\/\/www.europesays.com\/pl\/wp-json\/wp\/v2\/users\/2"}],"replies":[{"embeddable":true,"href":"https:\/\/www.europesays.com\/pl\/wp-json\/wp\/v2\/comments?post=90961"}],"version-history":[{"count":0,"href":"https:\/\/www.europesays.com\/pl\/wp-json\/wp\/v2\/posts\/90961\/revisions"}],"wp:featuredmedia":[{"embeddable":true,"href":"https:\/\/www.europesays.com\/pl\/wp-json\/wp\/v2\/media\/90962"}],"wp:attachment":[{"href":"https:\/\/www.europesays.com\/pl\/wp-json\/wp\/v2\/media?parent=90961"}],"wp:term":[{"taxonomy":"category","embeddable":true,"href":"https:\/\/www.europesays.com\/pl\/wp-json\/wp\/v2\/categories?post=90961"},{"taxonomy":"post_tag","embeddable":true,"href":"https:\/\/www.europesays.com\/pl\/wp-json\/wp\/v2\/tags?post=90961"}],"curies":[{"name":"wp","href":"https:\/\/api.w.org\/{rel}","templated":true}]}}