{"id":90969,"date":"2025-11-08T09:28:07","date_gmt":"2025-11-08T09:28:07","guid":{"rendered":"https:\/\/www.europesays.com\/pl\/90969\/"},"modified":"2025-11-08T09:28:07","modified_gmt":"2025-11-08T09:28:07","slug":"tego-w-barcelonie-boja-sie-najbardziej-slyszymy-to-bardzo-realne","status":"publish","type":"post","link":"https:\/\/www.europesays.com\/pl\/90969\/","title":{"rendered":"Tego w Barcelonie boj\u0105 si\u0119 najbardziej. S\u0142yszymy: to bardzo realne"},"content":{"rendered":"<p class=\"Paragraph_desktopParagraph__Fd2e9\">W dniu meczu z Club Brugge <a href=\"https:\/\/przegladsportowy.onet.pl\/pilka-nozna\/laliga\/media-hansi-flick-odchodzi-po-sezonie-z-barcelony-oto-powod\/plxyf3r\" id=\"a3817288-7e98-46fe-9768-e0da95bd19ab\" rel=\"nofollow noopener\" target=\"_blank\">w Hiszpanii odpalono prawdziw\u0105 bomb\u0119<\/a>. Salvador Sostres przekaza\u0142 informacje, w kt\u00f3re kibice nie chcieli uwierzy\u0107. Jego zdaniem <a href=\"https:\/\/przegladsportowy.onet.pl\/pilka-nozna\/laliga\/media-hansi-flick-odchodzi-po-sezonie-z-barcelony-oto-powod\/plxyf3r\" id=\"dd4a3312-3204-4d52-ad2f-12386d54c225\" rel=\"nofollow noopener\" target=\"_blank\">Hansi Flick jest bardzo zm\u0119czony prac\u0105 w Barcelonie i zamierza odej\u015b\u0107 z klubu<\/a> po zako\u0144czeniu sezonu. Nied\u0142ugo p\u00f3\u017aniej do sprawy odni\u00f3s\u0142 si\u0119 sam trener, ale delikatnie m\u00f3wi\u0105c, niekoniecznie rozwia\u0142 w\u0105tpliwo\u015bci.<\/p>\n<p class=\"VideoPlayerText_videoPlayerText__zrtJk\">Dalszy ci\u0105g materia\u0142u pod wideo<\/p>\n<p class=\"Paragraph_desktopParagraph__Fd2e9\">\u2014 Naprawd\u0119 kocham ten klub, kocham pi\u0142karzy i kocham wszystko, co mnie tu otacza. Jestem bardzo szcz\u0119\u015bliwy w Barcelonie \u2014 <a href=\"https:\/\/przegladsportowy.onet.pl\/pilka-nozna\/laliga\/hansi-flick-nie-wytrzymal-oglasza-w-sprawie-odejscia-z-barcelony\/h0y40vq\" id=\"ac0b6fc4-9cef-4234-8ce9-5627fd70c83d\" rel=\"nofollow noopener\" target=\"_blank\">powiedzia\u0142 jeszcze przed meczem w Brugii<\/a>.<\/p>\n<p class=\"Paragraph_desktopParagraph__Fd2e9\">A jakie s\u0105 szanse na to, \u017ce to faktycznie ostatni sezon Flicka w Barcelonie? O to zapytali\u015bmy redaktora naczelnego najwi\u0119kszego polskiego serwisu o Blaugranie. Ten wskazuje, \u017ce warto przyjrze\u0107 si\u0119 samemu autorowi szokuj\u0105cej informacji.<\/p>\n<p class=\"Paragraph_desktopParagraph__Fd2e9\">\u2014 W kwestii mo\u017cliwego odej\u015bcia Hansiego Flicka po sezonie, przede wszystkim warto wspomnie\u0107, \u017ce autorem tej informacji jest Salvador Sostres, znany przeciwnik prezesa Barcelony, Joana Laporty. Przy ocenie jej wiarygodno\u015bci trzeba zatem bra\u0107 pod uwag\u0119 ten kontekst. Sam Hansi Flick zosta\u0142 zapytany o t\u0119 kwesti\u0119 i mia\u0142 prywatnie nazwa\u0107 te rewelacje &#8222;kolejnymi \u015bmieciami&#8221; \u2014 m\u00f3wi nam Micha\u0142 Gajdek. Czy w takim razie tematu odej\u015bcia Flicka kompletnie nie ma? Sprawa nie jest taka prosta.<\/p>\n<p class=\"Paragraph_desktopParagraph__Fd2e9\">\u2014 W ka\u017cdym wypadku, nie zdziwi\u0142bym si\u0119, gdyby \u2014 niezale\u017cnie od tych informacji \u2014 taki scenariusz by si\u0119 spe\u0142ni\u0142. Wydaje si\u0119, \u017ce Hansi Flick mo\u017ce by\u0107 zm\u0119czony ci\u0105g\u0142ym chaosem w klubie pod wzgl\u0119dem instytucjonalnym i organizacyjnym. Niemiec wydaje si\u0119 osob\u0105 uporz\u0105dkowan\u0105, co jest totalnym przeciwie\u0144stwem sposobu, w jaki Barca funkcjonuje od d\u0142u\u017cszego czasu. Nie mo\u017ce te\u017c liczy\u0107 na wzmocnienia zespo\u0142u, a wymagania w stosunku do osi\u0105ganych wynik\u00f3w s\u0105 najwy\u017csze z mo\u017cliwych. Wydaje mi si\u0119, \u017ce Flick mo\u017ce pozosta\u0107 w Barcelonie jeszcze na kolejny sezon, ale nie liczy\u0142bym na jego d\u0142u\u017cszy pobyt w klubie \u2014 tylko Pep Guardiola w XXI w. by\u0142 w Barcy d\u0142u\u017cej ni\u017c trzy sezony \u2014 dodaje.<\/p>\n<p class=\"Paragraph_desktopParagraph__Fd2e9\">A co je\u015bli Flick faktycznie odejdzie? Micha\u0142 Gajdek nie ma w\u0105tpliwo\u015bci, \u017ce wyb\u00f3r kolejnego trenera b\u0119dzie determinowa\u0142 najbli\u017csz\u0105 przysz\u0142o\u015b\u0107 klubu. A potencjalnym kandydatem do zast\u0105pienia Niemca jest Cesc Fabregas, by\u0142y pi\u0142karz Barcy, a obecnie trener Como.<\/p>\n<p>Tak odbieraj\u0105 Wojciecha Szcz\u0119snego. &#8222;Nie zrobi nic wyj\u0105tkowego&#8221;<\/p>\n<p class=\"Paragraph_desktopParagraph__Fd2e9\">Micha\u0142a Gajdka zapytali\u015bmy te\u017c o sytuacj\u0119 Wojciecha Szcz\u0119snego w Barcelonie. <a href=\"https:\/\/przegladsportowy.onet.pl\/pilka-nozna\/liga-mistrzow\/piekne-obrazki-z-wojciechem-szczesnym-szkoda-ze-tylko-przed-meczem\/sd7n0l2\" id=\"04d6d3c3-ba99-4b8f-9cab-7409878a58fa\" rel=\"nofollow noopener\" target=\"_blank\">Ta nie jest bowiem najlepsza. Polak najprawdopodobniej po\u017cegna\u0142 si\u0119 z rozgrywkami Ligi Mistrz\u00f3w&#8230; trac\u0105c trzy gole przeciwko Club Brugge<\/a>. A w tym sezonie ani razu nie zachowa\u0142 czystego konta. Tu pojawia si\u0119 pytanie \u2014 czy to 35-latek zawodzi, czy mo\u017ce jednak kluczowa jest kiepska forma obro\u0144c\u00f3w?<\/p>\n<p class=\"Paragraph_desktopParagraph__Fd2e9\">\u2014 Gra obronna Barcelony rzeczywi\u015bcie jest w tym sezonie powa\u017cnym problemem. Odej\u015bcie Inigo Martineza, &#8222;kapitana bez opaski&#8221; i lidera defensywy z ostatniego sezonu z pewno\u015bci\u0105 ma tu spore znaczenie. Wydaje mi si\u0119 jednak, \u017ce \u017ar\u00f3de\u0142 problemu trzeba szuka\u0107 tak\u017ce gdzie indziej. W zesz\u0142ym sezonie ryzykowna gra z wysok\u0105 lini\u0105 obrony zazwyczaj si\u0119 sprawdza\u0142a, bo ofensywni pi\u0142karze Barcy naciskali na rywali, co powodowa\u0142o, \u017ce ci pod presj\u0105 cz\u0119sto musieli wybiera\u0107 nieoptymalne rozwi\u0105zania. Teraz podopieczni Hansiego Flicka nie graj\u0105 na takiej intensywno\u015bci, co powoduje, \u017ce zesp\u00f3\u0142 nie jest kompaktowy, a rywale z \u0142atwo\u015bci\u0105 znajduj\u0105 s\u0142abe punkty, np. stwarzaj\u0105c sytuacje dw\u00f3ch na jednego na skrzyd\u0142ach. Wydaje mi si\u0119, \u017ce to w\u0142a\u015bnie powr\u00f3t do intensywno\u015bci na najwy\u017cszym poziomie jest potrzebny do ograniczenia liczby traconych bramek \u2014 to jednak trudne, bior\u0105c pod uwag\u0119 urazy trapi\u0105ce Barc\u0119 \u2014 nie ukrywa redaktor naczelny FCBarca.com, kt\u00f3ry tak\u017ce wypowiedzia\u0142 si\u0119 dla nas o samej formie bramkarzy.<\/p>\n<p class=\"Paragraph_desktopParagraph__Fd2e9\">\u2014 W tym wszystkim nie spos\u00f3b te\u017c oczywi\u015bcie zapomnie\u0107 o defensywie, a tak\u017ce bramkarzu. Joan Garcia rzeczywi\u015bcie \u015bwietnie wprowadzi\u0142 si\u0119 do zespo\u0142u i maskowa\u0142 pewne braki. Jego powr\u00f3t mo\u017ce okaza\u0107 si\u0119 bardzo wa\u017cny, ale moim zdaniem Szcz\u0119sny prezentuje solidny poziom, jakiego mo\u017cna oczekiwa\u0107 od rezerwowego bramkarza \u2014 mo\u017ce nie zrobi nic wyj\u0105tkowego, ale jednocze\u015bnie niczego powa\u017cnie nie zepsuje. Co zaskakuj\u0105ce, pewien regres w por\u00f3wnaniu z zesz\u0142ymi rozgrywkami wida\u0107 przy wyprowadzaniu pi\u0142ki, ale to wi\u0105za\u0142bym w\u0142a\u015bnie z brakiem Inigo Martineza, kt\u00f3ry by\u0142 w tym prawdziwym liderem. W ka\u017cdym razie, cho\u0107 kibice czekaj\u0105 na powr\u00f3t Garcii, to Szcz\u0119sny jest darzony powszechn\u0105 sympati\u0105 i nikt nie robi z niego koz\u0142a ofiarnego \u2014 s\u0142yszymy.<\/p>\n","protected":false},"excerpt":{"rendered":"W dniu meczu z Club Brugge w Hiszpanii odpalono prawdziw\u0105 bomb\u0119. Salvador Sostres przekaza\u0142 informacje, w kt\u00f3re kibice&hellip;\n","protected":false},"author":2,"featured_media":90970,"comment_status":"","ping_status":"","sticky":false,"template":"","format":"standard","meta":{"footnotes":""},"categories":[24],"tags":[303,301,67,2960,2051,42,38,40,39,41,136,128,47,127,135,126,4562,130,1789],"class_list":{"0":"post-90969","1":"post","2":"type-post","3":"status-publish","4":"format-standard","5":"has-post-thumbnail","7":"category-sport","8":"tag-fc_barcelona","9":"tag-hansi_flick","10":"tag-intextvideo_splayer","11":"tag-la_liga","12":"tag-laliga","13":"tag-pl","14":"tag-poland","15":"tag-polish","16":"tag-polska","17":"tag-polski","18":"tag-ps_detal_new","19":"tag-psv2","20":"tag-screening_general","21":"tag-sport","22":"tag-sport_sport","23":"tag-sports","24":"tag-tka","25":"tag-wiadomosci_sportowe","26":"tag-wojciech_szczesny"},"share_on_mastodon":{"url":"https:\/\/pubeurope.com\/@pl\/115513373921251742","error":""},"_links":{"self":[{"href":"https:\/\/www.europesays.com\/pl\/wp-json\/wp\/v2\/posts\/90969","targetHints":{"allow":["GET"]}}],"collection":[{"href":"https:\/\/www.europesays.com\/pl\/wp-json\/wp\/v2\/posts"}],"about":[{"href":"https:\/\/www.europesays.com\/pl\/wp-json\/wp\/v2\/types\/post"}],"author":[{"embeddable":true,"href":"https:\/\/www.europesays.com\/pl\/wp-json\/wp\/v2\/users\/2"}],"replies":[{"embeddable":true,"href":"https:\/\/www.europesays.com\/pl\/wp-json\/wp\/v2\/comments?post=90969"}],"version-history":[{"count":0,"href":"https:\/\/www.europesays.com\/pl\/wp-json\/wp\/v2\/posts\/90969\/revisions"}],"wp:featuredmedia":[{"embeddable":true,"href":"https:\/\/www.europesays.com\/pl\/wp-json\/wp\/v2\/media\/90970"}],"wp:attachment":[{"href":"https:\/\/www.europesays.com\/pl\/wp-json\/wp\/v2\/media?parent=90969"}],"wp:term":[{"taxonomy":"category","embeddable":true,"href":"https:\/\/www.europesays.com\/pl\/wp-json\/wp\/v2\/categories?post=90969"},{"taxonomy":"post_tag","embeddable":true,"href":"https:\/\/www.europesays.com\/pl\/wp-json\/wp\/v2\/tags?post=90969"}],"curies":[{"name":"wp","href":"https:\/\/api.w.org\/{rel}","templated":true}]}}