{"id":90986,"date":"2025-11-08T09:41:13","date_gmt":"2025-11-08T09:41:13","guid":{"rendered":"https:\/\/www.europesays.com\/pl\/90986\/"},"modified":"2025-11-08T09:41:13","modified_gmt":"2025-11-08T09:41:13","slug":"sejm-luzuje-przepisy-te-budynki-bedzie-mozna-stawiac-bez-pozwolenia","status":"publish","type":"post","link":"https:\/\/www.europesays.com\/pl\/90986\/","title":{"rendered":"Sejm luzuje przepisy. Te budynki b\u0119dzie mo\u017cna stawia\u0107 bez pozwolenia"},"content":{"rendered":"<p>Za ustaw\u0105 g\u0142osowa\u0142o 436 pos\u0142\u00f3w, przeciw by\u0142 1, a\u00a07\u00a0pos\u0142\u00f3w wstrzyma\u0142o si\u0119 od g\u0142osu. Teraz ustaw\u0105 zajmie si\u0119 <a href=\"https:\/\/www.money.pl\/wiadomosci\/senat.html\" rel=\"noopener noreferrer nofollow\" target=\"_blank\">Senat<\/a>.<\/p>\n<p>Nowelizacja Prawa budowlanego oraz niekt\u00f3rych innych ustaw jest cz\u0119\u015bci\u0105 rz\u0105dowego pakietu deregulacyjnego. Jak wskaza\u0142o Ministerstwo Rozwoju i\u00a0Technologii, kt\u00f3re przygotowa\u0142o nowel\u0119, zmiana regulacji wynika\u0142a z\u00a0potrzeby upraszczania i\u00a0przyspieszania procesu inwestycyjno-budowlanego. Ma si\u0119 do tego przyczyni\u0107 poszerzenie katalogu obiekt\u00f3w budowlanych i\u00a0rob\u00f3t budowlanych zwolnionych z\u00a0obowi\u0105zku uzyskania pozwolenia na budow\u0119.<\/p>\n<p>Do listy dodano m.in. wolno stoj\u0105ce, nie wi\u0119cej ni\u017c dwukondygnacyjne budynki u\u017cyteczno\u015bci publicznej o\u00a0powierzchni u\u017cytkowej nie wi\u0119kszej ni\u017c 200 mkw., &#8222;kt\u00f3rych obszar oddzia\u0142ywania mie\u015bci si\u0119 na dzia\u0142ce lub dzia\u0142kach, na kt\u00f3rych zosta\u0142y zaprojektowane&#8221;.<\/p>\n<p>Zg\u0142oszenie budowy takiego budynku b\u0119dzie wymaga\u0142o sporz\u0105dzenia i\u00a0za\u0142\u0105czenia projektu zagospodarowania dzia\u0142ki lub terenu oraz projektu architektoniczno-budowlanego, ustanowienia kierownika budowy i\u00a0prowadzenia przez niego dziennika budowy. Obowi\u0105zkowe b\u0119dzie r\u00f3wnie\u017c zawiadomienie organu administracyjnego o\u00a0zako\u0144czeniu budowy, poddanie budowy okresowym kontrolom oraz prowadzenie ksi\u0105\u017cki obiektu budowlanego.<\/p>\n<p>Zmiany maj\u0105 u\u0142atwi\u0107 budow\u0119 m.in. budynk\u00f3w zwi\u0105zanych &#8222;z kultem religijnym, o\u015bwiat\u0105, dzia\u0142alno\u015bci\u0105 lecznicz\u0105, spo\u0142eczn\u0105 lub socjaln\u0105 czy obs\u0142ug\u0105 pocztow\u0105&#8221;.<\/p>\n<p>Katalog obiekt\u00f3w budowlanych wymagaj\u0105cych jedynie zg\u0142oszenia zosta\u0142 poszerzony r\u00f3wnie\u017c o\u00a0wolno stoj\u0105ce przydomowe schrony o\u00a0powierzchni u\u017cytkowej do 35 mkw. przeznaczone do ochrony u\u017cytkownik\u00f3w budynku mieszkalnego jednorodzinnego. W\u00a0trybie zg\u0142oszenia mo\u017cliwa b\u0119dzie tak\u017ce budowa wolno stoj\u0105cych kontener\u00f3w telekomunikacyjnych o\u00a0powierzchni zabudowy do 35 mkw, a\u00a0tak\u017ce bezodp\u0142ywowych zbiornik\u00f3w na wody opadowe lub roztopowe o\u00a0pojemno\u015bci nie wi\u0119kszej ni\u017c 30 m\u00a0sze\u015bc. zwi\u0105zanych z\u00a0produkcj\u0105 roln\u0105.<\/p>\n","protected":false},"excerpt":{"rendered":"Za ustaw\u0105 g\u0142osowa\u0142o 436 pos\u0142\u00f3w, przeciw by\u0142 1, a\u00a07\u00a0pos\u0142\u00f3w wstrzyma\u0142o si\u0119 od g\u0142osu. Teraz ustaw\u0105 zajmie si\u0119 Senat.&hellip;\n","protected":false},"author":2,"featured_media":90987,"comment_status":"","ping_status":"","sticky":false,"template":"","format":"standard","meta":{"footnotes":""},"categories":[5],"tags":[32,33,36,37,27,34,35,28,31,25,42,38,40,39,41,29,30,26],"class_list":{"0":"post-90986","1":"post","2":"type-post","3":"status-publish","4":"format-standard","5":"has-post-thumbnail","7":"category-naglowki","8":"tag-breaking-news","9":"tag-breakingnews","10":"tag-featured-news","11":"tag-featurednews","12":"tag-headlines","13":"tag-latest-news","14":"tag-latestnews","15":"tag-naglowki","16":"tag-najwazniejsze-artykuly","17":"tag-news","18":"tag-pl","19":"tag-poland","20":"tag-polish","21":"tag-polska","22":"tag-polski","23":"tag-top-stories","24":"tag-topstories","25":"tag-wiadomosci"},"share_on_mastodon":{"url":"https:\/\/pubeurope.com\/@pl\/115513424928331593","error":""},"_links":{"self":[{"href":"https:\/\/www.europesays.com\/pl\/wp-json\/wp\/v2\/posts\/90986","targetHints":{"allow":["GET"]}}],"collection":[{"href":"https:\/\/www.europesays.com\/pl\/wp-json\/wp\/v2\/posts"}],"about":[{"href":"https:\/\/www.europesays.com\/pl\/wp-json\/wp\/v2\/types\/post"}],"author":[{"embeddable":true,"href":"https:\/\/www.europesays.com\/pl\/wp-json\/wp\/v2\/users\/2"}],"replies":[{"embeddable":true,"href":"https:\/\/www.europesays.com\/pl\/wp-json\/wp\/v2\/comments?post=90986"}],"version-history":[{"count":0,"href":"https:\/\/www.europesays.com\/pl\/wp-json\/wp\/v2\/posts\/90986\/revisions"}],"wp:featuredmedia":[{"embeddable":true,"href":"https:\/\/www.europesays.com\/pl\/wp-json\/wp\/v2\/media\/90987"}],"wp:attachment":[{"href":"https:\/\/www.europesays.com\/pl\/wp-json\/wp\/v2\/media?parent=90986"}],"wp:term":[{"taxonomy":"category","embeddable":true,"href":"https:\/\/www.europesays.com\/pl\/wp-json\/wp\/v2\/categories?post=90986"},{"taxonomy":"post_tag","embeddable":true,"href":"https:\/\/www.europesays.com\/pl\/wp-json\/wp\/v2\/tags?post=90986"}],"curies":[{"name":"wp","href":"https:\/\/api.w.org\/{rel}","templated":true}]}}