{"id":90999,"date":"2025-11-08T09:50:16","date_gmt":"2025-11-08T09:50:16","guid":{"rendered":"https:\/\/www.europesays.com\/pl\/90999\/"},"modified":"2025-11-08T09:50:16","modified_gmt":"2025-11-08T09:50:16","slug":"piotr-gasowski-pokazal-dom-ale-garderoba","status":"publish","type":"post","link":"https:\/\/www.europesays.com\/pl\/90999\/","title":{"rendered":"Piotr G\u0105sowski pokaza\u0142 dom. Ale garderoba!"},"content":{"rendered":"<p>Widzowie uwielbiaj\u0105 Piotra G\u0105sowskiego nie tylko jako aktora, ale tak\u017ce <a href=\"https:\/\/jastrzabpost.pl\/gasowski-zadebiutowal-w-szkle-kontaktowym-widzowie-juz-go-podsumowali,7137591419443904a\" rel=\"noopener noreferrer nofollow\" target=\"_blank\">prowadz\u0105cego programy rozrywkowe<\/a>. Gwiazdor by\u0142 gospodarzem &#8222;Ta\u0144ca z\u00a0gwiazdami&#8221;, a\u00a0teraz jest prezenterem w\u00a0<a href=\"https:\/\/telewizja.jastrzabpost.pl\/adam-krasko-z-programu-rolnik-szuka-zony-w-randce-w-ciemno-tym-razem-nie-on-bedzie-wybieral-kandydatki,7211470607539136a\" rel=\"noopener noreferrer nofollow\" target=\"_blank\">&#8222;Randce w\u00a0ciemno&#8221; <\/a>oraz jurorem w\u00a0&#8222;Twoja Twarz Brzmi Znajomo&#8221;. Zaprosi\u0142 te\u017c ekip\u0119 &#8222;halo tu polsat&#8221; do swojego domu, w\u00a0kt\u00f3rym kr\u00f3luje sztuka i\u00a0wielka garderoba.<\/p>\n<p>Ewelina Ruckgaber o\u00a0zmianach w\u00a0&#8222;Twoja Twarz Brzmi Znajomo&#8221; i\u00a0powrocie Piotra G\u0105sowskiego. &#8222;On pewnie jest troch\u0119 mniej zachwycony&#8221; <\/p>\n<p>Okazuje si\u0119, \u017ce aktor wychowa\u0142 si\u0119 w\u00a0domu pe\u0142nym sztuki: jego mama by\u0142a artystk\u0105, a\u00a0brat uko\u0144czy\u0142 Akademi\u0119 Sztuk Pi\u0119knych. Nic dziwnego, \u017ce tak\u017ce w\u00a0swoim domu Piotr G\u0105sowski otoczy\u0142 si\u0119 dzie\u0142ami sztuki. <\/p>\n<p>Wyj\u0105tkowym jest dla Piotra G\u0105sowskiego obraz, kt\u00f3ry namalowa\u0142a jego c\u00f3rka. <\/p>\n<p>Prezenter i\u00a0juror ma tak\u017ce w\u00a0domu fortepian i\u00a0ca\u0142kiem nie\u017ale radzi sobie z\u00a0graniem na nim. <\/p>\n<p>W domu Piotra G\u0105soskiego uwag\u0119 zwraca wielka garderoba, kt\u00f3ra powsta\u0142a cz\u0119\u015bciowo kosztem powierzchni sypialni. Tam aktor i\u00a0prezenter przechowuje swoje liczne garnitury oraz kostiumy sceniczne. <\/p>\n","protected":false},"excerpt":{"rendered":"Widzowie uwielbiaj\u0105 Piotra G\u0105sowskiego nie tylko jako aktora, ale tak\u017ce prowadz\u0105cego programy rozrywkowe. Gwiazdor by\u0142 gospodarzem &#8222;Ta\u0144ca z\u00a0gwiazdami&#8221;,&hellip;\n","protected":false},"author":2,"featured_media":91000,"comment_status":"","ping_status":"","sticky":false,"template":"","format":"standard","meta":{"footnotes":""},"categories":[22],"tags":[122,42,38,40,39,41,123],"class_list":{"0":"post-90999","1":"post","2":"type-post","3":"status-publish","4":"format-standard","5":"has-post-thumbnail","7":"category-rozrywka","8":"tag-entertainment","9":"tag-pl","10":"tag-poland","11":"tag-polish","12":"tag-polska","13":"tag-polski","14":"tag-rozrywka"},"share_on_mastodon":{"url":"https:\/\/pubeurope.com\/@pl\/115513460219493894","error":""},"_links":{"self":[{"href":"https:\/\/www.europesays.com\/pl\/wp-json\/wp\/v2\/posts\/90999","targetHints":{"allow":["GET"]}}],"collection":[{"href":"https:\/\/www.europesays.com\/pl\/wp-json\/wp\/v2\/posts"}],"about":[{"href":"https:\/\/www.europesays.com\/pl\/wp-json\/wp\/v2\/types\/post"}],"author":[{"embeddable":true,"href":"https:\/\/www.europesays.com\/pl\/wp-json\/wp\/v2\/users\/2"}],"replies":[{"embeddable":true,"href":"https:\/\/www.europesays.com\/pl\/wp-json\/wp\/v2\/comments?post=90999"}],"version-history":[{"count":0,"href":"https:\/\/www.europesays.com\/pl\/wp-json\/wp\/v2\/posts\/90999\/revisions"}],"wp:featuredmedia":[{"embeddable":true,"href":"https:\/\/www.europesays.com\/pl\/wp-json\/wp\/v2\/media\/91000"}],"wp:attachment":[{"href":"https:\/\/www.europesays.com\/pl\/wp-json\/wp\/v2\/media?parent=90999"}],"wp:term":[{"taxonomy":"category","embeddable":true,"href":"https:\/\/www.europesays.com\/pl\/wp-json\/wp\/v2\/categories?post=90999"},{"taxonomy":"post_tag","embeddable":true,"href":"https:\/\/www.europesays.com\/pl\/wp-json\/wp\/v2\/tags?post=90999"}],"curies":[{"name":"wp","href":"https:\/\/api.w.org\/{rel}","templated":true}]}}